{"id":573638,"date":"2025-12-02T17:56:12","date_gmt":"2025-12-02T17:56:12","guid":{"rendered":"https:\/\/www.europesays.com\/fr\/573638\/"},"modified":"2025-12-02T17:56:12","modified_gmt":"2025-12-02T17:56:12","slug":"football-bataille-a-trois-pour-accueillir-leuro-feminin-lallemagne-en-pole","status":"publish","type":"post","link":"https:\/\/www.europesays.com\/fr\/573638\/","title":{"rendered":"[Football] Bataille \u00e0 trois pour accueillir l\u2019Euro f\u00e9minin, l\u2019Allemagne en pole"},"content":{"rendered":"<p>\t\t\t\t Mastodonte du football confort\u00e9 par l\u2019Euro-2024, l\u2019Allemagne s\u2019avance en favorite pour d\u00e9crocher mercredi l\u2019accueil de l\u2019Euro-2029 face \u00e0 la Pologne et au tandem Su\u00e8de-Danemark, avec pour promesse d\u2019acc\u00e9l\u00e9rer l\u2019essor du football f\u00e9minin.<\/p>\n<p class=\"MWParagraph\">R\u00e9unis dans l\u2019apr\u00e8s-midi \u00e0 Nyon, en Suisse, les 20 membres du comit\u00e9 ex\u00e9cutif de l\u2019UEFA d\u00e9signeront le successeur de la Suisse, organisateur l\u2019\u00e9t\u00e9 dernier du tournoi continental f\u00e9minin. Si les derni\u00e8res attributions de l\u2019instance avaient \u00e9t\u00e9 une formalit\u00e9 \u2013 l\u2019Euro-2028 aux \u00eeles britanniques et l\u2019Euro-2032 au duo Italie-Turquie, sans concurrence \u2013 l\u2019annonce attendue (\u00e0 partir de 17h15 fran\u00e7aises) est cette fois plus disput\u00e9e.<\/p>\n<p class=\"MWParagraph\">Difficile n\u00e9anmoins de faire de l\u2019Allemagne une candidature comme les autres, entre son poids sportif \u2013 huit titres europ\u00e9ens pour son \u00e9quipe f\u00e9minine -, l\u2019exp\u00e9rience de deux Euros f\u00e9minins (1989, 2001) et celle du tournoi masculin 2024. \u00abNous sommes confiants, nous avons vraiment soumis une bonne candidature\u00bb, estimait r\u00e9cemment le patron de la f\u00e9d\u00e9ration allemande (DFB) Bernd Neuendorf aupr\u00e8s de l\u2019agence SID, filiale de l\u2019AFP.<\/p>\n<p class=\"MWParagraph\"><strong>D\u00e9passer le million de billets<\/strong><\/p>\n<p class=\"MWParagraph\">Revancharde apr\u00e8s avoir vu la Fifa lui pr\u00e9f\u00e9rer en 2024 le Br\u00e9sil pour accueillir le Mondial-2027, l\u2019Allemagne ambitionne \u00abd\u2019aider \u00e0 r\u00e9aliser (\u2026) l\u2019\u00e9norme potentiel encore inexploit\u00e9\u00bb du football f\u00e9minin, selon son dossier. \u00abNous avons les grandes ar\u00e8nes et je suis convaincu que nous pouvons les remplir\u00bb, avance Bernd Neuendorf, alors que l\u2019Allemagne pr\u00e9sente huit stades surpassant nettement les exigences de jauge de l\u2019UEFA.<\/p>\n<p class=\"MWParagraph\">Si celui de Wolfsburg offre seulement 26.000 si\u00e8ges, Leipzig, Cologne et Hanovre d\u00e9passent les 40.000, D\u00fcsseldorf et Francfort les 50.000, Dortmund et l\u2019Allianz Arena de Munich les 60.000. Au total, l\u2019Allemagne vise \u00abplus d\u2019un million de billets vendus\u00bb, contre 657.291 cet \u00e9t\u00e9 en Suisse, un crit\u00e8re important puisque l\u2019Euro f\u00e9minin demeure d\u00e9ficitaire pour l\u2019UEFA malgr\u00e9 son succ\u00e8s populaire croissant.<\/p>\n<p class=\"MWParagraph\">Le pays met \u00e9galement en avant sa centralit\u00e9 et son r\u00e9seau ferroviaire dense, un atout d\u00e9j\u00e0 appr\u00e9ci\u00e9 en Suisse qui avait r\u00e9ussi \u00e0 acheminer 86% de ses d\u00e9tenteurs de billets en transports publics, \u00e0 pied ou \u00e0 v\u00e9lo. Face \u00e0 la premi\u00e8re puissance europ\u00e9enne, l\u2019Italie et le Portugal ont jet\u00e9 l\u2019\u00e9ponge, pour se concentrer respectivement sur la co-organisation de l\u2019Euro-2032 (avec la Turquie) et du Mondial-2030 (avec l\u2019Espagne et le Maroc).<\/p>\n<p class=\"MWParagraph\"><strong>Danemark-Su\u00e8de en habitu\u00e9s<\/strong><\/p>\n<p class=\"MWParagraph\">Reste en lice la Pologne, qui \u00e9tait d\u00e9j\u00e0 candidate \u00e0 l\u2019accueil de l\u2019Euro-2025 et a particip\u00e9 en Suisse \u00e0 la premi\u00e8re grande phase finale de son histoire (\u00e9limination en poules). Le pays monte en puissance et accueillera l\u2019an prochain le Mondial f\u00e9minin des moins de 20 ans, mais les huit stades propos\u00e9s sont de taille bien plus modeste que les enceintes allemandes. Enfin, Danemark et Su\u00e8de ont de nouveau uni leurs forces apr\u00e8s avoir eux aussi tent\u00e9 de d\u00e9crocher l\u2019\u00e9dition 2025 avec leurs voisins finlandais et norv\u00e9gien, cette fois hors course.<\/p>\n<p class=\"MWParagraph\">Non seulement les deux pays ont d\u00e9j\u00e0 accueilli de grands tournois f\u00e9minins (Euro-1991 pour le Danemark, Euro-1997 avec la Norv\u00e8ge et 2013 seul pour la Su\u00e8de, en plus du Mondial-1995) mais ils ont une forte et ancienne tradition de football f\u00e9minin. Leur handicap concerne deux des quatre stades propos\u00e9s c\u00f4t\u00e9 danois \u2013 celui d\u2019Odense, trop petit, et une nouvelle enceinte \u00e0 b\u00e2tir \u00e0 Aarhus -, alors que la Su\u00e8de offre quatre enceintes de 21.000 \u00e0 50.000 si\u00e8ges.<\/p>\n","protected":false},"excerpt":{"rendered":"Mastodonte du football confort\u00e9 par l\u2019Euro-2024, l\u2019Allemagne s\u2019avance en favorite pour d\u00e9crocher mercredi l\u2019accueil de l\u2019Euro-2029 face \u00e0&hellip;\n","protected":false},"author":2,"featured_media":573639,"comment_status":"","ping_status":"","sticky":false,"template":"","format":"standard","meta":{"footnotes":""},"categories":[1587],"tags":[11,672,1804,1805,1803,1777,674,1801,12,1802],"class_list":{"0":"post-573638","1":"post","2":"type-post","3":"status-publish","4":"format-standard","5":"has-post-thumbnail","7":"category-allemagne","8":"tag-actualites","9":"tag-allemagne","10":"tag-bundesrepublik-deutschland","11":"tag-de","12":"tag-deutschland","13":"tag-eu","14":"tag-europe","15":"tag-germany","16":"tag-news","17":"tag-republique-federale-dallemagne"},"share_on_mastodon":{"url":"","error":""},"_links":{"self":[{"href":"https:\/\/www.europesays.com\/fr\/wp-json\/wp\/v2\/posts\/573638","targetHints":{"allow":["GET"]}}],"collection":[{"href":"https:\/\/www.europesays.com\/fr\/wp-json\/wp\/v2\/posts"}],"about":[{"href":"https:\/\/www.europesays.com\/fr\/wp-json\/wp\/v2\/types\/post"}],"author":[{"embeddable":true,"href":"https:\/\/www.europesays.com\/fr\/wp-json\/wp\/v2\/users\/2"}],"replies":[{"embeddable":true,"href":"https:\/\/www.europesays.com\/fr\/wp-json\/wp\/v2\/comments?post=573638"}],"version-history":[{"count":0,"href":"https:\/\/www.europesays.com\/fr\/wp-json\/wp\/v2\/posts\/573638\/revisions"}],"wp:featuredmedia":[{"embeddable":true,"href":"https:\/\/www.europesays.com\/fr\/wp-json\/wp\/v2\/media\/573639"}],"wp:attachment":[{"href":"https:\/\/www.europesays.com\/fr\/wp-json\/wp\/v2\/media?parent=573638"}],"wp:term":[{"taxonomy":"category","embeddable":true,"href":"https:\/\/www.europesays.com\/fr\/wp-json\/wp\/v2\/categories?post=573638"},{"taxonomy":"post_tag","embeddable":true,"href":"https:\/\/www.europesays.com\/fr\/wp-json\/wp\/v2\/tags?post=573638"}],"curies":[{"name":"wp","href":"https:\/\/api.w.org\/{rel}","templated":true}]}}