{"id":573640,"date":"2025-12-02T17:57:13","date_gmt":"2025-12-02T17:57:13","guid":{"rendered":"https:\/\/www.europesays.com\/fr\/573640\/"},"modified":"2025-12-02T17:57:13","modified_gmt":"2025-12-02T17:57:13","slug":"poutine-si-leurope-veut-declencher-une-guerre-nous-sommes-prets","status":"publish","type":"post","link":"https:\/\/www.europesays.com\/fr\/573640\/","title":{"rendered":"Poutine : si l&rsquo;Europe veut d\u00e9clencher une guerre, \u00ab\u00a0nous sommes pr\u00eats\u00a0\u00bb"},"content":{"rendered":"<p>\n         Publi\u00e9 le<br \/>\n            02\/12\/2025 &#8211; 18:54 UTC+1\n            <\/p>\n<p>Si l&rsquo;Europe veut faire la guerre, Moscou est \u00ab\u00a0pr\u00eate maintenant\u00a0\u00bb, a d\u00e9clar\u00e9 mardi le pr\u00e9sident russe Vladimir Poutine.<\/p>\n<p>S&rsquo;exprimant lors d&rsquo;un forum sur l&rsquo;investissement \u00e0 Moscou, le locataire du Kremlin a reproch\u00e9 aux Europ\u00e9ens de ne pas avoir de \u00ab\u00a0programme pacifique\u00a0\u00bb et a d\u00e9clar\u00e9 que l&rsquo;Europe \u00e9tait \u00ab\u00a0du c\u00f4t\u00e9 de la guerre\u00a0\u00bb, en r\u00e9f\u00e9rence au soutien occidental \u00e0 l&rsquo;Ukraine.<\/p>\n<p>\u00ab\u00a0Si l&rsquo;Europe d\u00e9cide d&rsquo;entrer en guerre avec la Russie et commence effectivement une guerre, une situation pourrait tr\u00e8s rapidement se pr\u00e9senter o\u00f9 Moscou n&rsquo;aura tout simplement plus personne avec qui n\u00e9gocier\u00a0\u00bb, a ajout\u00e9 le pr\u00e9sident russe.<\/p>\n<p>Les gouvernements europ\u00e9ens \u00ab\u00a0vivent dans l&rsquo;illusion\u00a0\u00bb d&rsquo;imposer une d\u00e9faite strat\u00e9gique \u00e0 la Russie, selon lui.<\/p>\n<p>Poutine a \u00e9galement d\u00e9clar\u00e9 que les exigences europ\u00e9ennes concernant la fin de l&rsquo;invasion massive de l&rsquo;Ukraine par la Russie n&rsquo;\u00e9taient \u00ab\u00a0pas acceptables\u00a0\u00bb pour Moscou.<\/p>\n<p>Poutine a r\u00e9it\u00e9r\u00e9 une fois de plus la position du Kremlin : ne n\u00e9gocier qu&rsquo;avec l&rsquo;administration am\u00e9ricaine et ne pas autoriser les dirigeants europ\u00e9ens \u00e0 la table, affirmant qu&rsquo;ils \u00ab\u00a0entravent\u00a0\u00bb l&rsquo;administration am\u00e9ricaine et le pr\u00e9sident Donald Trump dans leurs efforts pour \u00ab\u00a0parvenir \u00e0 un accord de paix par le biais de pourparlers\u00a0\u00bb.<\/p>\n<p>Moscou a \u00e9galement refus\u00e9 de n\u00e9gocier avec le pr\u00e9sident ukrainien Volodymyr Zelensky.<\/p>\n<p>La Russie \u00ab\u00a0cr\u00e9e une option\u00a0\u00bb pour entrer en guerre contre l&rsquo;OTAN<\/p>\n<p>Des responsables allemands ont r\u00e9cemment indiqu\u00e9 qu&rsquo;ils s&rsquo;attendaient \u00e0 ce que la Russie soit pr\u00eate \u00e0 attaquer l&rsquo;OTAN en 2029.<\/p>\n<p>Le ministre allemand des Affaires \u00e9trang\u00e8res, Johann Wadephul, a d\u00e9clar\u00e9 que de nouvelles \u00e9valuations des services de renseignement montrent que Moscou se pr\u00e9pare \u00e0 l&rsquo;\u00e9ventualit\u00e9 d&rsquo;une attaque future contre l&rsquo;UE et l&rsquo;OTAN.<\/p>\n<p>\u00ab\u00a0Nos services de renseignement lancent des avertissements urgents : \u00e0 tout le moins, la Russie se donne la possibilit\u00e9 de mener une guerre contre l&rsquo;OTAN d&rsquo;ici 2029\u00a0\u00bb, selon le communiqu\u00e9 de la diplomatie allemande.<\/p>\n<p>\u00ab\u00a0Nous devons dissuader toute nouvelle agression russe, de concert avec nos partenaires et alli\u00e9s\u00a0\u00bb, conclut le texte.<\/p>\n<p>Les pays europ\u00e9ens ont enregistr\u00e9 une recrudescence des activit\u00e9s suspect\u00e9es d&rsquo;\u00eatre li\u00e9es \u00e0 la Russie et des attaques hybrides orchestr\u00e9es par Moscou, notamment des cyberattaques, des tentatives de sabotage, et m\u00eame des incursions de drones et de missiles dans l&rsquo;espace a\u00e9rien europ\u00e9en de l&rsquo;OTAN.<\/p>\n<p>Des drones non identifi\u00e9s ont provoqu\u00e9 la fermeture d&rsquo;a\u00e9roports dans les \u00c9tats baltes et les pays d&rsquo;Europe de l&rsquo;Est, ainsi qu&rsquo;en Belgique et en Allemagne. Des avions de chasse russes ont \u00e9galement p\u00e9n\u00e9tr\u00e9 dans l&rsquo;espace a\u00e9rien estonien.<\/p>\n<p>Le commissaire europ\u00e9en \u00e0 la d\u00e9fense, Andrius Kubilius, a d\u00e9clar\u00e9 \u00e0 Euronews plus t\u00f4t dans la journ\u00e9e de mardi que les provocations pr\u00e9sum\u00e9es de la Russie &#8211; notamment les incursions de drones et le r\u00e9cent bombardement d&rsquo;une ligne ferroviaire polonaise &#8211;<a href=\"https:\/\/www.euronews.com\/my-europe\/2025\/12\/02\/europe-must-change-its-understanding-of-modern-warfare-eu-defence-chief-says\" target=\"_blank\" rel=\"noopener\"> <\/a>modifiaient les doctrines de guerre.<\/p>\n<p>\u00ab\u00a0Ce que nous avons vu d&rsquo;un point de vue technique, c&rsquo;est que nous n&rsquo;avons pas assez de capacit\u00e9s de d\u00e9tection, nous n&rsquo;avons pas de moyens rentables pour d\u00e9truire les drones.<\/p>\n<p>Kubilius a \u00e9galement admis que la r\u00e9ponse de l&rsquo;UE \u00e0 ce probl\u00e8me reste inad\u00e9quate.<\/p>\n<p>\u00ab\u00a0Cela montre que notre fa\u00e7on de nous pr\u00e9parer, de modifier notre compr\u00e9hension des doctrines de guerre modernes, n&rsquo;est pas encore au niveau requis\u00a0\u00bb.<\/p>\n","protected":false},"excerpt":{"rendered":"Publi\u00e9 le 02\/12\/2025 &#8211; 18:54 UTC+1 Si l&rsquo;Europe veut faire la guerre, Moscou est \u00ab\u00a0pr\u00eate maintenant\u00a0\u00bb, a d\u00e9clar\u00e9&hellip;\n","protected":false},"author":2,"featured_media":573641,"comment_status":"","ping_status":"","sticky":false,"template":"","format":"standard","meta":{"footnotes":""},"categories":[1586],"tags":[11,1777,674,1011,27,131,2025,12,20354,25],"class_list":{"0":"post-573640","1":"post","2":"type-post","3":"status-publish","4":"format-standard","5":"has-post-thumbnail","7":"category-europe","8":"tag-actualites","9":"tag-eu","10":"tag-europe","11":"tag-fr","12":"tag-france","13":"tag-guerre-en-ukraine","14":"tag-invasion-de-la-russie-en-ukraine","15":"tag-news","16":"tag-pourparlers","17":"tag-republique-francaise"},"share_on_mastodon":{"url":"https:\/\/pubeurope.com\/@fr\/115651270772197917","error":""},"_links":{"self":[{"href":"https:\/\/www.europesays.com\/fr\/wp-json\/wp\/v2\/posts\/573640","targetHints":{"allow":["GET"]}}],"collection":[{"href":"https:\/\/www.europesays.com\/fr\/wp-json\/wp\/v2\/posts"}],"about":[{"href":"https:\/\/www.europesays.com\/fr\/wp-json\/wp\/v2\/types\/post"}],"author":[{"embeddable":true,"href":"https:\/\/www.europesays.com\/fr\/wp-json\/wp\/v2\/users\/2"}],"replies":[{"embeddable":true,"href":"https:\/\/www.europesays.com\/fr\/wp-json\/wp\/v2\/comments?post=573640"}],"version-history":[{"count":0,"href":"https:\/\/www.europesays.com\/fr\/wp-json\/wp\/v2\/posts\/573640\/revisions"}],"wp:featuredmedia":[{"embeddable":true,"href":"https:\/\/www.europesays.com\/fr\/wp-json\/wp\/v2\/media\/573641"}],"wp:attachment":[{"href":"https:\/\/www.europesays.com\/fr\/wp-json\/wp\/v2\/media?parent=573640"}],"wp:term":[{"taxonomy":"category","embeddable":true,"href":"https:\/\/www.europesays.com\/fr\/wp-json\/wp\/v2\/categories?post=573640"},{"taxonomy":"post_tag","embeddable":true,"href":"https:\/\/www.europesays.com\/fr\/wp-json\/wp\/v2\/tags?post=573640"}],"curies":[{"name":"wp","href":"https:\/\/api.w.org\/{rel}","templated":true}]}}