{"id":573649,"date":"2025-12-02T18:05:15","date_gmt":"2025-12-02T18:05:15","guid":{"rendered":"https:\/\/www.europesays.com\/fr\/573649\/"},"modified":"2025-12-02T18:05:15","modified_gmt":"2025-12-02T18:05:15","slug":"tournoi-des-6-nations-une-reflexion-menee-pour-eviter-les-cartons-en-melee","status":"publish","type":"post","link":"https:\/\/www.europesays.com\/fr\/573649\/","title":{"rendered":"Tournoi des 6 Nations\u00a0: une r\u00e9flexion men\u00e9e pour \u00e9viter les cartons en m\u00eal\u00e9e"},"content":{"rendered":"<p>\n                Les \u00e9quipes de l\u2019h\u00e9misph\u00e8re nord veulent soumettre une proposition de changement de r\u00e8gle \u00e0 World Rugby pour ne plus sanctionner d\u2019un carton jaune les piliers en difficult\u00e9 en m\u00eal\u00e9e ferm\u00e9e. Cette requ\u00eate devrait \u00eatre affin\u00e9e lors d\u2019une r\u00e9union avant le prochain Tournoi des 6 Nations.\n            <\/p>\n<p>La supr\u00e9matie de l\u2019Afrique du Sud dans les phases de conqu\u00eate et notamment en m\u00eal\u00e9e ferm\u00e9e a encore \u00e9t\u00e9 criante lors de la tourn\u00e9e des champions du monde en Europe au mois de novembre. Une domination qui a notamment bris\u00e9 les espoirs irlandais dans une rencontre o\u00f9 les hommes d\u2019Andy Farrell ont re\u00e7u six cartons dans la rencontre (dont un rouge). Surtout, les deux piliers gauches\u00a0Andrew Porter et Paddy McCarthy ont \u00e9cop\u00e9 tous les deux d\u2019un carton jaune pour fautes r\u00e9p\u00e9t\u00e9es en m\u00eal\u00e9e, ne parvenant pas \u00e0 stopper la puissance des Springboks dans l\u2019\u00e9preuve de force.<\/p>\n<p>Recevoir un carton jaune pour le simple fait d\u2019\u00eatre domin\u00e9 est-il l\u00e9gitime. Les dirigeants des 6 Nations se posent aujourd\u2019hui la question. Ce th\u00e8me sera \u00e0 l\u2019ordre du jour de la r\u00e9union pr\u00e9vue avant le prochain Tournoi des 6 Nations rapporte The Times. \u00ab\u00a0Dans quel autre sport peut-on \u00eatre expuls\u00e9 simplement parce qu\u2019on n\u2019est pas aussi bon ou aussi fort que son adversaire\u00a0?\u00a0\u00bb, questionne un dirigeant dans le quotidien britannique pour expliquer leur volont\u00e9 d\u2019un changement de r\u00e8gle.<\/p>\n<p>Les Boks pas inquiets pour 2027<\/p>\n<p>Les 6 Nations entendent bien se faire entendre lors du prochain \u00ab\u00a0Shape of the Game\u00a0\u00bb de World Rugby en f\u00e9vrier, qui permet d\u2019introduire de nouvelles r\u00e8gles, tout du moins de faire des essais sur certaines comp\u00e9titions dans un premier temps pour juger de la pertinence d\u2019un changement. N\u00e9anmoins, aucune modification de r\u00e8gle ne peut maintenant intervenir avant la prochaine Coupe du monde qui aura lieu en 2027 en Australie. Les Springboks pourront donc toujours compter sur la puissance de leur m\u00eal\u00e9e pour tenter de conqu\u00e9rir un troisi\u00e8me titre cons\u00e9cutif. Il faudra donc patienter pour voir les piliers sevr\u00e9s de jaune.\u00a0<\/p>\n","protected":false},"excerpt":{"rendered":"Les \u00e9quipes de l\u2019h\u00e9misph\u00e8re nord veulent soumettre une proposition de changement de r\u00e8gle \u00e0 World Rugby pour ne&hellip;\n","protected":false},"author":2,"featured_media":573650,"comment_status":"","ping_status":"","sticky":false,"template":"","format":"standard","meta":{"footnotes":""},"categories":[1416],"tags":[1011,27,479,1468,68796,60,68804],"class_list":{"0":"post-573649","1":"post","2":"type-post","3":"status-publish","4":"format-standard","5":"has-post-thumbnail","7":"category-rugby","8":"tag-fr","9":"tag-france","10":"tag-rugby","11":"tag-rugby-football","12":"tag-rugby-u00e0-xv","13":"tag-sports","14":"tag-tournoi-des-6-nations-2026"},"share_on_mastodon":{"url":"https:\/\/pubeurope.com\/@fr\/115651302270198485","error":""},"_links":{"self":[{"href":"https:\/\/www.europesays.com\/fr\/wp-json\/wp\/v2\/posts\/573649","targetHints":{"allow":["GET"]}}],"collection":[{"href":"https:\/\/www.europesays.com\/fr\/wp-json\/wp\/v2\/posts"}],"about":[{"href":"https:\/\/www.europesays.com\/fr\/wp-json\/wp\/v2\/types\/post"}],"author":[{"embeddable":true,"href":"https:\/\/www.europesays.com\/fr\/wp-json\/wp\/v2\/users\/2"}],"replies":[{"embeddable":true,"href":"https:\/\/www.europesays.com\/fr\/wp-json\/wp\/v2\/comments?post=573649"}],"version-history":[{"count":0,"href":"https:\/\/www.europesays.com\/fr\/wp-json\/wp\/v2\/posts\/573649\/revisions"}],"wp:featuredmedia":[{"embeddable":true,"href":"https:\/\/www.europesays.com\/fr\/wp-json\/wp\/v2\/media\/573650"}],"wp:attachment":[{"href":"https:\/\/www.europesays.com\/fr\/wp-json\/wp\/v2\/media?parent=573649"}],"wp:term":[{"taxonomy":"category","embeddable":true,"href":"https:\/\/www.europesays.com\/fr\/wp-json\/wp\/v2\/categories?post=573649"},{"taxonomy":"post_tag","embeddable":true,"href":"https:\/\/www.europesays.com\/fr\/wp-json\/wp\/v2\/tags?post=573649"}],"curies":[{"name":"wp","href":"https:\/\/api.w.org\/{rel}","templated":true}]}}