{"id":573653,"date":"2025-12-02T18:10:12","date_gmt":"2025-12-02T18:10:12","guid":{"rendered":"https:\/\/www.europesays.com\/fr\/573653\/"},"modified":"2025-12-02T18:10:12","modified_gmt":"2025-12-02T18:10:12","slug":"lescar-velo-sprint-leffectif-2026-actualite","status":"publish","type":"post","link":"https:\/\/www.europesays.com\/fr\/573653\/","title":{"rendered":"Lescar V\u00e9lo Sprint : L\u2019effectif 2026 &#8211; Actualit\u00e9"},"content":{"rendered":"<p style=\"text-align: justify;\">Douze coureurs composent l\u2019effectif 2026 de <strong><a href=\"https:\/\/www.directvelo.com\/equipe\/44\/lescar-vs\" target=\"_blank\" rel=\"noopener\">Lescar V\u00e9lo Sprint<\/a><\/strong>. Le club de Pyr\u00e9n\u00e9es-Atlantiques accueille quatre recrues ext\u00e9rieures et a promu dans sa N3 le v\u00e9t\u00e9tiste Emile Walker.<br \/>Cette ann\u00e9e, Lescar VS a termin\u00e9 10e du Challenge DirectVelo des N3 et 7e de la Coupe de France N3.<\/p>\n<p><strong>L\u2019effectif 2026 de Lescar V\u00e9lo Sprint :<\/strong><br \/>Sylvain Castells, 24 ans<br \/>Corentin Dufort, 21 ans<br \/>T\u00e9o Graciette, 19 ans<br \/>Eyob Haile, 22 ans<br \/>Charles Mergui, 18 ans (Team U LH Junior)<br \/>Jean Mura, 28 ans<br \/>Esteban Quarcy Massin, 20 ans<br \/>Alex Riverie, 18 ans (Pau V\u00e9lo 64 Junior)<br \/>Damien Roux, 20 ans (OCF Team Legend Wheels)<br \/>Alan Tortigue, 18 ans (AS Villemur Junior)<br \/>Emile Walker, 20 ans<br \/>Gr\u00e9goire Wolf, 23 ans<\/p>\n","protected":false},"excerpt":{"rendered":"Douze coureurs composent l\u2019effectif 2026 de Lescar V\u00e9lo Sprint. Le club de Pyr\u00e9n\u00e9es-Atlantiques accueille quatre recrues ext\u00e9rieures et&hellip;\n","protected":false},"author":2,"featured_media":573654,"comment_status":"","ping_status":"","sticky":false,"template":"","format":"standard","meta":{"footnotes":""},"categories":[1411],"tags":[834,828,836,829,837,827,83,826,824,823,1154,207,814,817,815,816,822,821,832,211,839,1011,27,820,818,819,835,831,830,833,838,60,212,208,825],"class_list":{"0":"post-573653","1":"post","2":"type-post","3":"status-publish","4":"format-standard","5":"has-post-thumbnail","7":"category-cyclisme","8":"tag-attaque","9":"tag-belgique","10":"tag-braquet","11":"tag-bretagne","12":"tag-chute","13":"tag-competition","14":"tag-coupe-de-france","15":"tag-coureur","16":"tag-course-cyclisme","17":"tag-course-cycliste","18":"tag-cycling","19":"tag-cyclisme","20":"tag-direct","21":"tag-direct-velo","22":"tag-directvelo","23":"tag-directvelo-com","24":"tag-epreuve","25":"tag-epreuve-cycliste","26":"tag-federation-francaise-de-cyclisme","27":"tag-ffc","28":"tag-flandres","29":"tag-fr","30":"tag-france","31":"tag-live","32":"tag-live-course","33":"tag-live-epreuve","34":"tag-peloton","35":"tag-radio-peloton","36":"tag-radio-tour","37":"tag-ravitaillement","38":"tag-relance","39":"tag-sports","40":"tag-uci","41":"tag-velo","42":"tag-velos"},"share_on_mastodon":{"url":"https:\/\/pubeurope.com\/@fr\/115651321852989223","error":""},"_links":{"self":[{"href":"https:\/\/www.europesays.com\/fr\/wp-json\/wp\/v2\/posts\/573653","targetHints":{"allow":["GET"]}}],"collection":[{"href":"https:\/\/www.europesays.com\/fr\/wp-json\/wp\/v2\/posts"}],"about":[{"href":"https:\/\/www.europesays.com\/fr\/wp-json\/wp\/v2\/types\/post"}],"author":[{"embeddable":true,"href":"https:\/\/www.europesays.com\/fr\/wp-json\/wp\/v2\/users\/2"}],"replies":[{"embeddable":true,"href":"https:\/\/www.europesays.com\/fr\/wp-json\/wp\/v2\/comments?post=573653"}],"version-history":[{"count":0,"href":"https:\/\/www.europesays.com\/fr\/wp-json\/wp\/v2\/posts\/573653\/revisions"}],"wp:featuredmedia":[{"embeddable":true,"href":"https:\/\/www.europesays.com\/fr\/wp-json\/wp\/v2\/media\/573654"}],"wp:attachment":[{"href":"https:\/\/www.europesays.com\/fr\/wp-json\/wp\/v2\/media?parent=573653"}],"wp:term":[{"taxonomy":"category","embeddable":true,"href":"https:\/\/www.europesays.com\/fr\/wp-json\/wp\/v2\/categories?post=573653"},{"taxonomy":"post_tag","embeddable":true,"href":"https:\/\/www.europesays.com\/fr\/wp-json\/wp\/v2\/tags?post=573653"}],"curies":[{"name":"wp","href":"https:\/\/api.w.org\/{rel}","templated":true}]}}