{"id":573655,"date":"2025-12-02T18:11:17","date_gmt":"2025-12-02T18:11:17","guid":{"rendered":"https:\/\/www.europesays.com\/fr\/573655\/"},"modified":"2025-12-02T18:11:17","modified_gmt":"2025-12-02T18:11:17","slug":"ex-girondins-andy-carroll-toujours-en-forme-auteur-dun-triple-express","status":"publish","type":"post","link":"https:\/\/www.europesays.com\/fr\/573655\/","title":{"rendered":"Ex-Girondins : Andy Carroll toujours en forme, auteur d\u2019un tripl\u00e9 express"},"content":{"rendered":"<p><img decoding=\"async\" src=\"https:\/\/www.europesays.com\/fr\/wp-content\/uploads\/2025\/12\/671_db16edfea7fe663348552e9ebff9c1ea.jpg\" alt=\"Ex-Girondins : Andy Carroll toujours en forme, auteur d\u2019un tripl\u00e9 express\" class=\"img-responsive mt-3\"\/><\/p>\n<p class=\"text-center mb-3\" style=\"font-size: 14px\">\u00a9 Iconsport<\/p>\n<p><strong>Un hat-trick en 27 minutes<\/strong><\/p>\n<p style=\"text-align: justify;\">Star incontest\u00e9e la saison pass\u00e9e aux Girondins, lors de la premi\u00e8re ann\u00e9e en National 2 du club bordelais, Andy Carroll l\u2019est \u00e9galement avec son nouveau club, Dagenham &amp; Redbridge. Que ce soit en quatri\u00e8me division fran\u00e7aise ou au sixi\u00e8me \u00e9chelon anglais, l\u2019ancien international encha\u00eene les buts \u00e0 la pelle. Il vient de signer un hat trick face \u00e0 Totton. Sur les sept derni\u00e8res rencontres, il a trouv\u00e9 le chemin des filets \u00e0 six reprises. Cependant, son \u00e9quipe reste cantonn\u00e9e dans le ventre mou de la National League South.<\/p>\n<p style=\"text-align: justify;\">\u00a0<\/p>\n<p><strong>Andy, Bordeaux avait dit oui<\/strong><\/p>\n<p style=\"text-align: justify;\">Son arriv\u00e9e \u00e0 Bordeaux fut un v\u00e9ritable \u00e9v\u00e9nement la saison pass\u00e9e. Apr\u00e8s un \u00e9t\u00e9 tumultueux marqu\u00e9 par la descente administrative en National 2 et la perte du statut professionnel, les Girondins de Bordeaux \u00e9taient au plus bas. La venue de l\u2019ex-joueur de Liverpool, en provenance d\u2019Amiens par le biais de John Williams, a attis\u00e9 la curiosit\u00e9 et l\u2019enthousiasme des supporters.<\/p>\n<p style=\"text-align: justify;\">Sa saison a \u00e9t\u00e9 une belle r\u00e9ussite, conclue avec 11 buts. Au-del\u00e0 des statistiques, sa personnalit\u00e9 a permis de f\u00e9d\u00e9rer l\u2019\u00e9quipe autour de lui, comme en t\u00e9moignent les nombreux messages d\u2019affection re\u00e7us de la part de ses co\u00e9quipiers lors de son d\u00e9part du club.<\/p>\n<p>\u00c0 lire &gt;&gt; <strong><a href=\"https:\/\/www.webgirondins.com\/actualite-girondins-coupe-de-france-le-coach-du-puy-foot-met-en-garde-les-girondins-avant-un-32e-ouvert-131348\" target=\"_blank\" rel=\"noopener\">Coupe de France : le coach du Puy Foot met en garde les Girondins avant un 32e ouvert<\/a><\/strong><\/p>\n<p style=\"text-align: justify;\">\u00c9coutez dans le podcast court sur l&rsquo;actu des Girondins :<\/p>\n<p style=\"text-align: justify;\">\u00a0<\/p>\n","protected":false},"excerpt":{"rendered":"\u00a9 Iconsport Un hat-trick en 27 minutes Star incontest\u00e9e la saison pass\u00e9e aux Girondins, lors de la premi\u00e8re&hellip;\n","protected":false},"author":2,"featured_media":573656,"comment_status":"","ping_status":"","sticky":false,"template":"","format":"standard","meta":{"footnotes":""},"categories":[1410],"tags":[4255,3385,4708,13771,3355,3396,1997,19042,3386,6507,63,4988,1011,27,1987,47702,24162,4565,43032,60,1810,68805,22486],"class_list":{"0":"post-573655","1":"post","2":"type-post","3":"status-publish","4":"format-standard","5":"has-post-thumbnail","7":"category-football","8":"tag-ancien","9":"tag-andy","10":"tag-angleterre","11":"tag-attaquant","12":"tag-auteur","13":"tag-avec","14":"tag-bordeaux","15":"tag-brille","16":"tag-carroll","17":"tag-express","18":"tag-football","19":"tag-forme","20":"tag-fr","21":"tag-france","22":"tag-girondins","23":"tag-inscrit","24":"tag-minutes","25":"tag-nouveau","26":"tag-seulement","27":"tag-sports","28":"tag-toujours","29":"tag-trick","30":"tag-triple"},"share_on_mastodon":{"url":"https:\/\/pubeurope.com\/@fr\/115651326601072285","error":""},"_links":{"self":[{"href":"https:\/\/www.europesays.com\/fr\/wp-json\/wp\/v2\/posts\/573655","targetHints":{"allow":["GET"]}}],"collection":[{"href":"https:\/\/www.europesays.com\/fr\/wp-json\/wp\/v2\/posts"}],"about":[{"href":"https:\/\/www.europesays.com\/fr\/wp-json\/wp\/v2\/types\/post"}],"author":[{"embeddable":true,"href":"https:\/\/www.europesays.com\/fr\/wp-json\/wp\/v2\/users\/2"}],"replies":[{"embeddable":true,"href":"https:\/\/www.europesays.com\/fr\/wp-json\/wp\/v2\/comments?post=573655"}],"version-history":[{"count":0,"href":"https:\/\/www.europesays.com\/fr\/wp-json\/wp\/v2\/posts\/573655\/revisions"}],"wp:featuredmedia":[{"embeddable":true,"href":"https:\/\/www.europesays.com\/fr\/wp-json\/wp\/v2\/media\/573656"}],"wp:attachment":[{"href":"https:\/\/www.europesays.com\/fr\/wp-json\/wp\/v2\/media?parent=573655"}],"wp:term":[{"taxonomy":"category","embeddable":true,"href":"https:\/\/www.europesays.com\/fr\/wp-json\/wp\/v2\/categories?post=573655"},{"taxonomy":"post_tag","embeddable":true,"href":"https:\/\/www.europesays.com\/fr\/wp-json\/wp\/v2\/tags?post=573655"}],"curies":[{"name":"wp","href":"https:\/\/api.w.org\/{rel}","templated":true}]}}