{"id":573657,"date":"2025-12-02T18:12:14","date_gmt":"2025-12-02T18:12:14","guid":{"rendered":"https:\/\/www.europesays.com\/fr\/573657\/"},"modified":"2025-12-02T18:12:14","modified_gmt":"2025-12-02T18:12:14","slug":"laurent-lafitte-trash-et-triste-laveu-sans-appel","status":"publish","type":"post","link":"https:\/\/www.europesays.com\/fr\/573657\/","title":{"rendered":"Laurent Lafitte : \u00ab\u00a0Trash et triste\u00a0\u00bb, l&rsquo;aveu sans appel"},"content":{"rendered":"<p>Laurent Lafitte traverse une p\u00e9riode o\u00f9 les<br \/>\n<strong>projets<\/strong> s\u2019encha\u00eenent \u00e0 grande<br \/>\n<strong>vitesse<\/strong>. \u00c0 l\u2019affiche de Classe moyenne<br \/>\nd\u2019Antony Cordier, l\u2019une des <strong>com\u00e9dies<\/strong> les plus<br \/>\nremarqu\u00e9es de la Quinzaine \u00e0 Cannes, l\u2019acteur ne cesse de<br \/>\n<strong>multiplier<\/strong> les r\u00f4les. <strong>Cinq<\/strong> films<br \/>\nsortis en 2024, d\u2019autres programm\u00e9s dans les <strong>prochains<br \/>\nmois<\/strong> et m\u00eame un retour tr\u00e8s attendu sur<br \/>\n<strong>sc\u00e8ne<\/strong> dans La Cage aux folles qu\u2019il<br \/>\njouera au Ch\u00e2telet d\u00e8s d\u00e9cembre. L\u2019ex-pensionnaire de la<br \/>\nCom\u00e9die-Fran\u00e7aise est partout. Au point de reconna\u00eetre lui-m\u00eame<br \/>\nqu\u2019il <strong>peine parfois \u00e0 suivre toutes ses<br \/>\npromotions.<\/strong><\/p>\n<p>Une surexposition qu\u2019il voit d\u2019un \u0153il <strong>lucide<\/strong>.<br \/>\n<a href=\"https:\/\/www.closermag.fr\/people\/gros-blaireau-le-jour-ou-laurent-lafitte-a-declenche-la-colere-dune-actrice-tres-connue-3590137\" target=\"_blank\" rel=\"noopener\"><br \/>\nLaurent Lafitte, qui a mis en col\u00e8re une c\u00e9l\u00e8bre actrice<\/a>,<br \/>\nconfie en effet craindre l\u2019\u201c<strong>overdose<\/strong>\u201d<br \/>\nmalgr\u00e9 les tentatives des distributeurs <strong>d\u2019espacer<\/strong><br \/>\nses sorties. Mais <strong>refuser<\/strong> certains projets lui est<br \/>\n<strong>impossible<\/strong>. Et l\u2019acteur admet que cette<br \/>\n<strong>accumulation<\/strong> nourrit la <strong>peur de fatiguer<br \/>\nle public.<\/strong> Une <strong>inqui\u00e9tude<\/strong> qu\u2019il assume<br \/>\ndans un entretien accord\u00e9 au <a href=\"https:\/\/www.lefigaro.fr\/cinema\/il-n-a-peur-de-rien-il-y-va-a-fond-les-ballons-laurent-lafitte-la-folie-du-jeu-20250923#\" target=\"_blank\" rel=\"noopener\"><br \/>\nFigaro<\/a>.<\/p>\n<p>Laurent Lafitte : un acteur qui aime les personnages<br \/>\nambigus<\/p>\n<p>Dans Classe moyenne, le com\u00e9dien incarne Philippe, un<br \/>\navocat pr\u00e9tentieux en <strong>conflit avec les gardiens de sa<br \/>\nr\u00e9sidence secondaire,<\/strong> entour\u00e9 d\u2019<strong>\u00c9lodie Bouchez,<br \/>\nLaure Calamy<\/strong> et <a href=\"https:\/\/www.closermag.fr\/people\/eric-judor-on-avait-jure-ce-pacte-volontairement-brise-par-ramzy-bedia-3594228\" target=\"_blank\" rel=\"noopener\"><br \/>\nRamzy Bedia sans Eric Judor<\/a>. Il explique avoir \u00e9t\u00e9 attir\u00e9 par<br \/>\ncette histoire o\u00f9 les r\u00f4les de \u201c<strong>gentils<\/strong>\u201d<br \/>\net de \u201c<strong>m\u00e9chants<\/strong>\u201d<br \/>\n<strong>basculent<\/strong> en permanence. Un terrain parfait pour<br \/>\nlui, habitu\u00e9 \u00e0 jouer des <strong>personnages moralement<br \/>\ndiscutables.<\/strong><\/p>\n<p>Cette approche s\u00e9duit les <strong>cin\u00e9astes<\/strong>, comme<br \/>\nThierry Klifa qui lui a confi\u00e9 un r\u00f4le dans La Femme la plus<br \/>\nriche du monde inspir\u00e9 de <a href=\"https:\/\/www.closermag.fr\/people\/liliane-bettencourt-son-lien-completement-inattendu-avec-un-chroniqueur-de-quotidien-3591471\" target=\"_blank\" rel=\"noopener\"><br \/>\nl\u2019affaire Bettencourt<\/a>. Laurent Lafitte s\u2019y glisse dans la peau<br \/>\nd\u2019un <strong>photographe manipulateur.<\/strong> Fid\u00e8le \u00e0 sa<br \/>\nphilosophie, il refuse de <strong>moraliser<\/strong> ses<br \/>\npersonnages. Un acteur, dit-il, n\u2019est pas l\u00e0 pour<br \/>\n\u201c<strong>punir ou absoudre<\/strong>\u201d ses r\u00f4les.<\/p>\n<p>\u201cTrash et triste\u201d : le<br \/>\nsouvenir marquant de ses d\u00e9buts<\/p>\n<p>L\u2019acteur revient \u00e9galement sur un moment fondateur. Son<br \/>\n<strong>one-man-show<\/strong> Laurent Lafitte, comme son nom<br \/>\nl\u2019indique, qu\u2019il avait cr\u00e9\u00e9 \u00e0 35 ans pour<br \/>\n\u201c<strong>provoquer sa chance<\/strong>\u201d. Il raconte avoir<br \/>\nvoulu, \u00e0 l\u2019\u00e9poque, <strong>casser son image lisse<\/strong> de jeune<br \/>\nhomme bien <strong>\u00e9lev\u00e9<\/strong> en proposant quelque chose de<br \/>\nplus <strong>brut<\/strong> et plus <strong>sombre<\/strong>.<\/p>\n<p>\u201c<strong>Trash et triste.<\/strong>\u201d r\u00e9sume-t-il<br \/>\naujourd\u2019hui dans les colonnes du Figaro confessant qu\u2019il<br \/>\nn\u2019a <strong>jamais os\u00e9 revoir ce spectacle.<\/strong> Il se rappelle<br \/>\npourtant de personnages extr\u00eamement <strong>solitaires<\/strong>.<br \/>\nLoin de la fa\u00e7ade polic\u00e9e qu\u2019on lui pr\u00eatait. Un souvenir le fait<br \/>\nencore sourire : sa <strong>m\u00e8re<\/strong>,<br \/>\n<strong>d\u00e9stabilis\u00e9e<\/strong> par l\u2019affiche o\u00f9 il posait avec des<br \/>\n<strong>plumes roses<\/strong>. Ironie du sort, il va bient\u00f4t en<br \/>\n<strong>reporter<\/strong> sur la sc\u00e8ne du Ch\u00e2telet en interpr\u00e9tant<br \/>\nZaza dans La Cage aux folles. <strong>Un r\u00eave de<br \/>\nlongue date.<\/strong><\/p>\n","protected":false},"excerpt":{"rendered":"Laurent Lafitte traverse une p\u00e9riode o\u00f9 les projets s\u2019encha\u00eenent \u00e0 grande vitesse. \u00c0 l\u2019affiche de Classe moyenne d\u2019Antony&hellip;\n","protected":false},"author":2,"featured_media":573658,"comment_status":"","ping_status":"","sticky":false,"template":"","format":"standard","meta":{"footnotes":""},"categories":[1359],"tags":[21303,58,59,1011,27,23272,973,65861],"class_list":{"0":"post-573657","1":"post","2":"type-post","3":"status-publish","4":"format-standard","5":"has-post-thumbnail","7":"category-people","8":"tag-buzz_nonli","9":"tag-divertissement","10":"tag-entertainment","11":"tag-fr","12":"tag-france","13":"tag-laurent-lafitte","14":"tag-people","15":"tag-trend"},"share_on_mastodon":{"url":"https:\/\/pubeurope.com\/@fr\/115651329733065731","error":""},"_links":{"self":[{"href":"https:\/\/www.europesays.com\/fr\/wp-json\/wp\/v2\/posts\/573657","targetHints":{"allow":["GET"]}}],"collection":[{"href":"https:\/\/www.europesays.com\/fr\/wp-json\/wp\/v2\/posts"}],"about":[{"href":"https:\/\/www.europesays.com\/fr\/wp-json\/wp\/v2\/types\/post"}],"author":[{"embeddable":true,"href":"https:\/\/www.europesays.com\/fr\/wp-json\/wp\/v2\/users\/2"}],"replies":[{"embeddable":true,"href":"https:\/\/www.europesays.com\/fr\/wp-json\/wp\/v2\/comments?post=573657"}],"version-history":[{"count":0,"href":"https:\/\/www.europesays.com\/fr\/wp-json\/wp\/v2\/posts\/573657\/revisions"}],"wp:featuredmedia":[{"embeddable":true,"href":"https:\/\/www.europesays.com\/fr\/wp-json\/wp\/v2\/media\/573658"}],"wp:attachment":[{"href":"https:\/\/www.europesays.com\/fr\/wp-json\/wp\/v2\/media?parent=573657"}],"wp:term":[{"taxonomy":"category","embeddable":true,"href":"https:\/\/www.europesays.com\/fr\/wp-json\/wp\/v2\/categories?post=573657"},{"taxonomy":"post_tag","embeddable":true,"href":"https:\/\/www.europesays.com\/fr\/wp-json\/wp\/v2\/tags?post=573657"}],"curies":[{"name":"wp","href":"https:\/\/api.w.org\/{rel}","templated":true}]}}