{"id":573659,"date":"2025-12-02T18:13:13","date_gmt":"2025-12-02T18:13:13","guid":{"rendered":"https:\/\/www.europesays.com\/fr\/573659\/"},"modified":"2025-12-02T18:13:13","modified_gmt":"2025-12-02T18:13:13","slug":"polemique-en-italie-autour-dune-statue-de-pavarotti-emprisonnee-dans-une-patinoire","status":"publish","type":"post","link":"https:\/\/www.europesays.com\/fr\/573659\/","title":{"rendered":"Pol\u00e9mique en Italie autour d&rsquo;une statue de Pavarotti emprisonn\u00e9e dans une patinoire"},"content":{"rendered":"\n<p class=\"c-chapo \">\n  La veuve de Pavarotti s&rsquo;est publiquement indign\u00e9e dans une interview qui a fait tache d&rsquo;huile.\n<\/p>\n<p>      lire plus tard<\/p>\n<p id=\"dialog__title\" class=\"dialog__title\">Pour sauvegarder cet article, connectez-vous ou cr\u00e9ez un compte franceinfo<\/p>\n<p class=\"dialog__description\">Sans paiement. Sans abonnement.<\/p>\n<p>        Fermer la fen\u00eatre d\u2019activation des notifications France Info<\/p>\n<p>      cr\u00e9er votre compte<\/p>\n<p>      se connecter<\/p>\n<p>        Fermer la fen\u00eatre de pr\u00e9sentation<\/p>\n<p>    <img decoding=\"async\" class=\"signature__image\" width=\"44\" height=\"44\"  alt=\"\" src=\"https:\/\/www.franceinfo.fr\/assets\/common\/images\/galaxie-icons\/avatar-e7320e16.svg\" fetchpriority=\"high\"\/><\/p>\n<p>          France T\u00e9l\u00e9visions &#8211; R\u00e9daction Culture<\/p>\n<p>    Publi\u00e9 le 02\/12\/2025 13:29<\/p>\n<p>        Temps de lecture : 1min<\/p>\n<p>    <img decoding=\"async\"  alt=\"Luciano Pavarotti sur sc\u00e8ne, \u00e0 Madrid, en 1999. (EFE AGENCIA\u00a0\/\u00a0SIPA)\" width=\"432\" height=\"243\" src=\"https:\/\/www.europesays.com\/fr\/wp-content\/uploads\/2025\/12\/sipa-00357921-000001-692eda142c8ca639139966.jpg\" fetchpriority=\"high\"\/><\/p>\n<p>      Luciano Pavarotti sur sc\u00e8ne, \u00e0 Madrid, en 1999. (EFE AGENCIA\u00a0\/\u00a0SIPA)<\/p>\n<p>C&rsquo;est une pol\u00e9mique qui enfle depuis qu&rsquo;elle a pris une tournure internationale, reprise en ch\u0153ur par les titres allemands Die\u00a0Welt et Der\u00a0Spiegel et britanniques The\u00a0Guardian,\u00a0The\u00a0Telegraph et The\u00a0Times. Ces derniers parlent de \u00ab\u00a0mockery\u00a0\u00bb \u00e0 l&rsquo;\u00e9gard de Luciano Pavarotti. De quoi s&rsquo;agit-il\u00a0?<\/p>\n<p>La municipalit\u00e9 de Pesaro, dans la r\u00e9gion des Marches, dans le centre de l&rsquo;Italie, patrie de Rossini et ville tourn\u00e9e autour de l&rsquo;op\u00e9ra via son Rossini Festival, a d\u00e9cid\u00e9 de r\u00e9installer une patinoire pour l&rsquo;hiver.<\/p>\n<p>Mais elle l&rsquo;a fait sur une place, \u00e0 deux pas du th\u00e9\u00e2tre Rossini, qui abrite la statue du grand t\u00e9nor, mort en 2007. Celle-ci se trouve donc litt\u00e9ralement prisonni\u00e8re de la glace de la patinoire.<\/p>\n<p>Pens\u00e9e par le maire pour valoriser une partie du centre historique, tr\u00e8s appr\u00e9ci\u00e9 de ses commer\u00e7ants, la d\u00e9cision a aussit\u00f4t suscit\u00e9 une pol\u00e9mique locale et sur les r\u00e9seaux sociaux. Et surtout de vives critiques de la part de la veuve de Pavarotti, Nicoletta Mantovani.<\/p>\n<p>Dans une interview accord\u00e9e au journal local Il\u00a0Resto del Carlino, celle-ci s&rsquo;est d\u00e9clar\u00e9e \u00ab\u00a0d\u00e9\u00e7ue, en col\u00e8re\u00a0\u00bb. \u00ab\u00a0Je n&rsquo;\u00e9tais pas au courant. C&rsquo;est une insulte \u00e0 Luciano, c&rsquo;est terrible\u00a0\u00bb, a-t-elle dit. \u00ab\u00a0Je regrette que la ville ait autoris\u00e9 une telle chose, car cela porte atteinte \u00e0 l&rsquo;image de Luciano et au respect qu&rsquo;il m\u00e9rite\u00a0\u00bb. Et de conclure\u00a0: \u00ab\u00a0Nous sommes partis d&rsquo;un hommage et nous avons fini par le ridiculiser.\u00a0\u00bb<\/p>\n","protected":false},"excerpt":{"rendered":"La veuve de Pavarotti s&rsquo;est publiquement indign\u00e9e dans une interview qui a fait tache d&rsquo;huile. lire plus tard&hellip;\n","protected":false},"author":2,"featured_media":573660,"comment_status":"","ping_status":"","sticky":false,"template":"","format":"standard","meta":{"footnotes":""},"categories":[1358],"tags":[1348,1384,1385,1386,58,59,1011,27],"class_list":{"0":"post-573659","1":"post","2":"type-post","3":"status-publish","4":"format-standard","5":"has-post-thumbnail","7":"category-arts-et-design","8":"tag-arts","9":"tag-arts-and-design","10":"tag-arts-et-design","11":"tag-design","12":"tag-divertissement","13":"tag-entertainment","14":"tag-fr","15":"tag-france"},"share_on_mastodon":{"url":"https:\/\/pubeurope.com\/@fr\/115651334917426750","error":""},"_links":{"self":[{"href":"https:\/\/www.europesays.com\/fr\/wp-json\/wp\/v2\/posts\/573659","targetHints":{"allow":["GET"]}}],"collection":[{"href":"https:\/\/www.europesays.com\/fr\/wp-json\/wp\/v2\/posts"}],"about":[{"href":"https:\/\/www.europesays.com\/fr\/wp-json\/wp\/v2\/types\/post"}],"author":[{"embeddable":true,"href":"https:\/\/www.europesays.com\/fr\/wp-json\/wp\/v2\/users\/2"}],"replies":[{"embeddable":true,"href":"https:\/\/www.europesays.com\/fr\/wp-json\/wp\/v2\/comments?post=573659"}],"version-history":[{"count":0,"href":"https:\/\/www.europesays.com\/fr\/wp-json\/wp\/v2\/posts\/573659\/revisions"}],"wp:featuredmedia":[{"embeddable":true,"href":"https:\/\/www.europesays.com\/fr\/wp-json\/wp\/v2\/media\/573660"}],"wp:attachment":[{"href":"https:\/\/www.europesays.com\/fr\/wp-json\/wp\/v2\/media?parent=573659"}],"wp:term":[{"taxonomy":"category","embeddable":true,"href":"https:\/\/www.europesays.com\/fr\/wp-json\/wp\/v2\/categories?post=573659"},{"taxonomy":"post_tag","embeddable":true,"href":"https:\/\/www.europesays.com\/fr\/wp-json\/wp\/v2\/tags?post=573659"}],"curies":[{"name":"wp","href":"https:\/\/api.w.org\/{rel}","templated":true}]}}