{"id":573661,"date":"2025-12-02T18:15:19","date_gmt":"2025-12-02T18:15:19","guid":{"rendered":"https:\/\/www.europesays.com\/fr\/573661\/"},"modified":"2025-12-02T18:15:19","modified_gmt":"2025-12-02T18:15:19","slug":"cnews-distance-bfm-tv-lci-et-franceinfo-gagnent-du-terrain","status":"publish","type":"post","link":"https:\/\/www.europesays.com\/fr\/573661\/","title":{"rendered":"CNews distance BFM-TV\u00a0; LCI et Franceinfo gagnent du terrain"},"content":{"rendered":"<p>                     <img loading=\"lazy\" decoding=\"async\" src=\"https:\/\/www.europesays.com\/fr\/wp-content\/uploads\/2025\/12\/a9c9f32_upload-1-gk2uwi7hpb2c-destind27exception.jpg\" alt=\"Sur le plateau de l\u2019\u00e9mission \u00ab\u00a0Destin d\u2019exception\u00a0\u00bb pr\u00e9sent\u00e9e par Sonia Mabrouk, sur CNews, avec comme invit\u00e9 Philippe de Villiers, le 18\u00a0mars\u00a02025.\"   width=\"664\" height=\"443\"\/>    Sur le plateau de l\u2019\u00e9mission \u00ab\u00a0Destin d\u2019exception\u00a0\u00bb pr\u00e9sent\u00e9e par Sonia Mabrouk, sur CNews, avec comme invit\u00e9 Philippe de Villiers, le 18\u00a0mars\u00a02025.  PIERRE-OLIVIER\/CNEWS                 <\/p>\n<p class=\"article__paragraph  \">Apr\u00e8s onze mois pass\u00e9s sur la plus haute marche du podium des audiences, CNews a de tr\u00e8s grandes chances de conclure 2025\u00a0avec, pour la premi\u00e8re fois de son histoire, le statut de cha\u00eene d\u2019info la plus regard\u00e9e des Fran\u00e7ais.<\/p>\n<p class=\"article__paragraph  \">Il y a un an, la cha\u00eene du groupe Canal+ avait oblig\u00e9 BFM-TV \u00e0 partager le titre avec elle, les deux rivales atteignant les 2,9\u00a0% de parts de march\u00e9. Mais en\u00a02025, sa ligne \u00e9ditoriale pol\u00e9mique et extr\u00e9miste n\u2019a laiss\u00e9 aucune chance \u00e0 la cha\u00eene de CMA M\u00e9dia. Ainsi en novembre, selon les donn\u00e9es de M\u00e9diam\u00e9trie d\u00e9voil\u00e9es lundi 1er\u00a0d\u00e9cembre, CNews a plant\u00e9 son drapeau un point devant sa concurrente (3,6\u00a0% de parts de march\u00e9, contre 2,6\u00a0%), le plus grand \u00e9cart historique \u00e0 son avantage \u2212 d\u00e9j\u00e0 constat\u00e9 en septembre lorsque les deux cha\u00eenes pointaient \u00e0 3,9\u00a0% et 2,9\u00a0%. Pour la premi\u00e8re fois aussi, le canal o\u00f9 officie Pascal Praud a \u00e9t\u00e9 le plus regard\u00e9 tous les jours du mois, sans exception.<\/p>\n<p class=\"article__paragraph  \">Si l\u2019actualit\u00e9 de novembre a \u00e9t\u00e9 globalement moins porteuse pour les cha\u00eenes d\u2019info que celle d\u2019octobre, mois qui les avait toutes vues afficher des scores dans le vert, c\u2019est BFM-TV qui a le plus accus\u00e9 le coup (\u2212\u00a00,6 point de part d\u2019audience, contre \u2212\u00a00,4 pour CNews, \u2212\u00a00,3 pour LCI et\u00a0\u2212\u00a00,2 pour Franceinfo). Quant \u00e0 la comparaison entre novembre\u00a02024 et novembre\u00a02025, elle montre qu\u2019elle est la seule en baisse (de \u2212\u00a00,2 point).<\/p>\n<p class=\"reading-mode-only \"><strong>Il vous reste 69.86% de cet article \u00e0 lire. La suite est r\u00e9serv\u00e9e aux abonn\u00e9s.<\/strong><\/p>\n","protected":false},"excerpt":{"rendered":"Sur le plateau de l\u2019\u00e9mission \u00ab\u00a0Destin d\u2019exception\u00a0\u00bb pr\u00e9sent\u00e9e par Sonia Mabrouk, sur CNews, avec comme invit\u00e9 Philippe de&hellip;\n","protected":false},"author":2,"featured_media":573662,"comment_status":"","ping_status":"","sticky":false,"template":"","format":"standard","meta":{"footnotes":""},"categories":[1356],"tags":[58,59,1011,27,252,1364],"class_list":{"0":"post-573661","1":"post","2":"type-post","3":"status-publish","4":"format-standard","5":"has-post-thumbnail","7":"category-television","8":"tag-divertissement","9":"tag-entertainment","10":"tag-fr","11":"tag-france","12":"tag-television","13":"tag-tv"},"share_on_mastodon":{"url":"","error":""},"_links":{"self":[{"href":"https:\/\/www.europesays.com\/fr\/wp-json\/wp\/v2\/posts\/573661","targetHints":{"allow":["GET"]}}],"collection":[{"href":"https:\/\/www.europesays.com\/fr\/wp-json\/wp\/v2\/posts"}],"about":[{"href":"https:\/\/www.europesays.com\/fr\/wp-json\/wp\/v2\/types\/post"}],"author":[{"embeddable":true,"href":"https:\/\/www.europesays.com\/fr\/wp-json\/wp\/v2\/users\/2"}],"replies":[{"embeddable":true,"href":"https:\/\/www.europesays.com\/fr\/wp-json\/wp\/v2\/comments?post=573661"}],"version-history":[{"count":0,"href":"https:\/\/www.europesays.com\/fr\/wp-json\/wp\/v2\/posts\/573661\/revisions"}],"wp:featuredmedia":[{"embeddable":true,"href":"https:\/\/www.europesays.com\/fr\/wp-json\/wp\/v2\/media\/573662"}],"wp:attachment":[{"href":"https:\/\/www.europesays.com\/fr\/wp-json\/wp\/v2\/media?parent=573661"}],"wp:term":[{"taxonomy":"category","embeddable":true,"href":"https:\/\/www.europesays.com\/fr\/wp-json\/wp\/v2\/categories?post=573661"},{"taxonomy":"post_tag","embeddable":true,"href":"https:\/\/www.europesays.com\/fr\/wp-json\/wp\/v2\/tags?post=573661"}],"curies":[{"name":"wp","href":"https:\/\/api.w.org\/{rel}","templated":true}]}}