{"id":573675,"date":"2025-12-02T18:22:15","date_gmt":"2025-12-02T18:22:15","guid":{"rendered":"https:\/\/www.europesays.com\/fr\/573675\/"},"modified":"2025-12-02T18:22:15","modified_gmt":"2025-12-02T18:22:15","slug":"les-virements-interbancaires-bloques-du-25-au-28-decembre-a-cause-de-la-fermeture-du-systeme-de-paiement-europeen","status":"publish","type":"post","link":"https:\/\/www.europesays.com\/fr\/573675\/","title":{"rendered":"Les virements interbancaires bloqu\u00e9s du\u00a025\u00a0au\u00a028\u00a0d\u00e9cembre \u00e0\u00a0cause de\u00a0la\u00a0fermeture du\u00a0syst\u00e8me de\u00a0paiement europ\u00e9en"},"content":{"rendered":"<p>                      <img loading=\"lazy\" decoding=\"async\" src=\"https:\/\/www.europesays.com\/fr\/wp-content\/uploads\/2025\/12\/7c3c681_1732541519817-pns-703179159.jpg\" alt=\"Devant la Banque centrale europ\u00e9enne, \u00e0 Francfort (Allemagne).\"   width=\"664\" height=\"443\"\/>    Devant la Banque centrale europ\u00e9enne, \u00e0 Francfort (Allemagne).  HERBERT SPICHTINGER\/IMAGE SOURCE\/PHOTONONSTOP                            <\/p>\n<p class=\"article__paragraph  \">Les virements interbancaires seront bloqu\u00e9s du 25 au 28 d\u00e9cembre en raison de la fermeture du syst\u00e8me de paiement europ\u00e9en autour du jour de No\u00ebl, a fait savoir la F\u00e9d\u00e9ration bancaire fran\u00e7aise (FBF), mardi\u00a02\u00a0d\u00e9cembre. Durant cette p\u00e9riode, entreprises et particuliers pourront ordonner des paiements pour payer un salari\u00e9, une facture ou des \u00e9trennes, mais le r\u00e8glement n\u2019arrivera qu\u2019\u00e0 la r\u00e9ouverture du syst\u00e8me le 29 d\u00e9cembre.<\/p>\n<p class=\"article__paragraph  \">Les syst\u00e8mes de r\u00e8glement des paiements, qui sont exploit\u00e9s par la Banque centrale europ\u00e9enne (BCE), sont ferm\u00e9s les week-ends et certains jours f\u00e9ri\u00e9s, notamment cette ann\u00e9e \u00e0 No\u00ebl les 25 et 26\u00a0d\u00e9cembre, ainsi que le 1er\u00a0janvier\u00a02026.<\/p>\n<p class=\"article__paragraph  \">\u00ab\u00a0Ce calendrier est connu bien \u00e0 l\u2019avance, notamment gr\u00e2ce aux communications de la BCE et, en France, du Comit\u00e9 fran\u00e7ais d\u2019organisation et de normalisation bancaires (CFONB)\u00a0\u00bb, rappelle la FBF. \u00ab\u00a0Ainsi, pour l\u2019ann\u00e9e 2025, il a \u00e9t\u00e9 publi\u00e9 d\u00e8s septembre 2024 et a \u00e9t\u00e9 relay\u00e9 par les banques aupr\u00e8s de leurs clients entreprises. Cela permet \u00e0 ces derni\u00e8res de prendre en temps utile les mesures n\u00e9cessaires pour les ordres de virements pr\u00e9vus autour de p\u00e9riodes de fermeture prolong\u00e9e\u00a0\u00bb, assure la FBF.<\/p>\n<p>                                         Lire aussi |  Article r\u00e9serv\u00e9 \u00e0 nos abonn\u00e9s  <a href=\"https:\/\/www.lemonde.fr\/argent\/article\/2025\/01\/08\/banque-les-virements-instantanes-bientot-monnaie-courante_6487573_1657007.html\" class=\"js-article-read-also catcher--favoris__link\" data-premium=\"1\" id=\"article-title-3400360\" target=\"_blank\" rel=\"noopener\">Banque\u00a0: les virements instantan\u00e9s bient\u00f4t monnaie courante\u00a0?<\/a>    <\/p>\n<p>   Lire plus tard  <\/p>\n<p>                            Virements instantan\u00e9s et internes pas concern\u00e9s                      <\/p>\n<p class=\"article__paragraph  \">Seuls les virements standards interbancaires ou SEPA (Single Euro Payments Area \u2013 \u00ab\u00a0zone unique des paiements en euro\u00a0\u00bb) sont concern\u00e9s. Les services de virement instantan\u00e9, comme Wero par exemple, restent op\u00e9rationnels durant les p\u00e9riodes de fermetures des syst\u00e8mes de r\u00e8glement. Les virements internes (payeur et pay\u00e9) dans la m\u00eame banque fonctionnent \u00e9galement.<\/p>\n<p class=\"article__paragraph  \">Le virement SEPA a remplac\u00e9 les diff\u00e9rents instruments de virement dits nationaux. Il permet de r\u00e9aliser des virements en euros vers les 40\u00a0pays de l\u2019espace SEPA dans les m\u00eames conditions que les virements vers les banques fran\u00e7aises\u00a0: m\u00eame tarification, m\u00eames informations \u00e0 fournir et m\u00eames d\u00e9lais d\u2019ex\u00e9cution. Il peut toutefois y avoir des frais de change en cas de virement vers un pays qui n\u2019est pas membre de la zone euro.<\/p>\n<p class=\"article__paragraph  \">En 2026, la fermeture aura lieu autour du week-end de P\u00e2ques, de vendredi 3 \u00e0 lundi 6 avril inclus, les vendredis 1er mai et 25 d\u00e9cembre. Les syst\u00e8mes seront ouverts les autres jours f\u00e9ri\u00e9s.<\/p>\n<p>                                         Lire aussi |  Article r\u00e9serv\u00e9 \u00e0 nos abonn\u00e9s  <a href=\"https:\/\/www.lemonde.fr\/economie\/article\/2025\/10\/01\/contre-la-fraude-bancaire-la-verification-des-beneficiaires-de-virements-se-systematise_6643941_3234.html\" class=\"js-article-read-also catcher--favoris__link\" data-premium=\"1\" id=\"article-title-3440146\" target=\"_blank\" rel=\"noopener\">Les banques devront bient\u00f4t v\u00e9rifier syst\u00e9matiquement les b\u00e9n\u00e9ficiaires de virements<\/a>    <\/p>\n<p>   Lire plus tard  <\/p>\n<p class=\"author__detail\">  Le Monde avec AFP  <\/p>\n<p>                <a href=\"https:\/\/www.lemonde.fr\/syndication\/\" class=\"reuse__content\" title=\"R\u00e9utiliser ce contenu\" target=\"_blank\" rel=\"noopener\">R\u00e9utiliser ce contenu<\/a>      <\/p>\n","protected":false},"excerpt":{"rendered":"Devant la Banque centrale europ\u00e9enne, \u00e0 Francfort (Allemagne). HERBERT SPICHTINGER\/IMAGE SOURCE\/PHOTONONSTOP Les virements interbancaires seront bloqu\u00e9s du 25&hellip;\n","protected":false},"author":2,"featured_media":573676,"comment_status":"","ping_status":"","sticky":false,"template":"","format":"standard","meta":{"footnotes":""},"categories":[6],"tags":[35,33,34,1011,27],"class_list":{"0":"post-573675","1":"post","2":"type-post","3":"status-publish","4":"format-standard","5":"has-post-thumbnail","7":"category-economie","8":"tag-business","9":"tag-economie","10":"tag-economy","11":"tag-fr","12":"tag-france"},"share_on_mastodon":{"url":"https:\/\/pubeurope.com\/@fr\/115651370361090862","error":""},"_links":{"self":[{"href":"https:\/\/www.europesays.com\/fr\/wp-json\/wp\/v2\/posts\/573675","targetHints":{"allow":["GET"]}}],"collection":[{"href":"https:\/\/www.europesays.com\/fr\/wp-json\/wp\/v2\/posts"}],"about":[{"href":"https:\/\/www.europesays.com\/fr\/wp-json\/wp\/v2\/types\/post"}],"author":[{"embeddable":true,"href":"https:\/\/www.europesays.com\/fr\/wp-json\/wp\/v2\/users\/2"}],"replies":[{"embeddable":true,"href":"https:\/\/www.europesays.com\/fr\/wp-json\/wp\/v2\/comments?post=573675"}],"version-history":[{"count":0,"href":"https:\/\/www.europesays.com\/fr\/wp-json\/wp\/v2\/posts\/573675\/revisions"}],"wp:featuredmedia":[{"embeddable":true,"href":"https:\/\/www.europesays.com\/fr\/wp-json\/wp\/v2\/media\/573676"}],"wp:attachment":[{"href":"https:\/\/www.europesays.com\/fr\/wp-json\/wp\/v2\/media?parent=573675"}],"wp:term":[{"taxonomy":"category","embeddable":true,"href":"https:\/\/www.europesays.com\/fr\/wp-json\/wp\/v2\/categories?post=573675"},{"taxonomy":"post_tag","embeddable":true,"href":"https:\/\/www.europesays.com\/fr\/wp-json\/wp\/v2\/tags?post=573675"}],"curies":[{"name":"wp","href":"https:\/\/api.w.org\/{rel}","templated":true}]}}