{"id":573677,"date":"2025-12-02T18:23:17","date_gmt":"2025-12-02T18:23:17","guid":{"rendered":"https:\/\/www.europesays.com\/fr\/573677\/"},"modified":"2025-12-02T18:23:17","modified_gmt":"2025-12-02T18:23:17","slug":"franklin-detourne-a-la-sauce-trump-et-ca-ne-plait-pas-a-son-editeur","status":"publish","type":"post","link":"https:\/\/www.europesays.com\/fr\/573677\/","title":{"rendered":"\u00ab\u00a0Franklin\u00a0\u00bb d\u00e9tourn\u00e9 \u00e0 la sauce Trump, et \u00e7a ne pla\u00eet pas \u00e0 son \u00e9diteur"},"content":{"rendered":"<p>        <img decoding=\"async\" loading=\"lazy\" src=\"https:\/\/www.europesays.com\/fr\/wp-content\/uploads\/2025\/12\/a54c990_upload-1-knxrizrm0eod-nouveau-projet-36.jpg\"  width=\"728\" height=\"410\" alt=\"Cette reprise de \u00ab\u00a0Franklin\u00a0\u00bb \u00e0 la sauce Trump ne pla\u00eet pas \u00e0 son \u00e9diteur (et les grenades n\u2019y sont pas pour rien).\"\/>  <\/p>\n<p>Capture d\u2019\u00e9cran X (@PeteHegseth)<\/p>\n<p>Cette reprise de \u00ab\u00a0Franklin\u00a0\u00bb \u00e0 la sauce Trump ne pla\u00eet pas \u00e0 son \u00e9diteur (et les grenades n\u2019y sont pas pour rien).<\/p>\n<p>      <strong>EN BREF<\/strong> <strong>\u2022 <\/strong>Pete Hegseth, ministre de la D\u00e9fense de Trump, d\u00e9tourne Franklin la tortue pour promouvoir des frappes contre des \u00ab\u00a0narcoterroristes\u00a0\u00bb, provoquant l\u2019indignation de l\u2019\u00e9diteur canadien Kids Can Press.<br \/><strong>\u2022 <\/strong>L\u2019image, probablement g\u00e9n\u00e9r\u00e9e par IA, montre Franklin en uniforme militaire, ce qui va \u00e0 l\u2019encontre des valeurs pacifiques du personnage.<br \/><strong>\u2022 <\/strong>La pol\u00e9mique survient alors que la l\u00e9galit\u00e9 de frappes am\u00e9ricaines dans les Cara\u00efbes est contest\u00e9e, accentuant les tensions autour de Hegseth.                         <\/p>\n<p class=\"asset asset-text\">Il sait compter deux par deux, lacer ses chaussures\u2026 et tirer au lance-grenades\u00a0? L\u2019\u00e9diteur canadien Kids Can Press a d\u00e9nonc\u00e9 ce mardi 2\u00a0d\u00e9cembre le d\u00e9tournement de son personnage pour enfants Franklin la tortue par le ministre am\u00e9ricain de la D\u00e9fense, <a href=\"https:\/\/www.huffingtonpost.fr\/international\/article\/l-inquietant-discours-du-chef-du-pentagone-qui-veut-virer-les-woke-et-les-gros-de-l-armee_255440.html\" target=\"_blank\" rel=\"noopener\">Pete Hegseth<\/a>. Celui-ci a publi\u00e9 lundi sur X une image de l\u2019animal bien connu des plus jeunes en train de lancer une grenade sur un navire de \u00ab\u00a0narcoterroristes\u00a0\u00bb, <strong>comme vous pouvez le voir en t\u00eate d\u2019article<\/strong>.<\/p>\n<p class=\"asset asset-text\">Probablement g\u00e9n\u00e9r\u00e9e par IA et dans la lign\u00e9e des provocations trumpistes, cette communication intervient alors que le chef du Pentagone est pris dans une vive <a href=\"https:\/\/www.huffingtonpost.fr\/international\/video\/la-maison-blanche-protege-pete-hegseth-apres-la-polemique-sur-une-frappe-en-mer-des-caraibes_257753.html\" target=\"_blank\" rel=\"noopener\">pol\u00e9mique sur la l\u00e9galit\u00e9 de frappes am\u00e9ricaines<\/a> contre des narcotrafiquants pr\u00e9sum\u00e9s dans les Cara\u00efbes. Le petit Franklin y appara\u00eet en uniforme militaire \u00e0 bord d\u2019un h\u00e9licopt\u00e8re depuis il fait exploser un navire.<\/p>\n<p class=\"asset asset-text\">L\u2019embarcation, de petite taille, est charg\u00e9e de paquets et compte au moins un homme \u00e0 bord. L\u2019image reprend le graphisme et le format des albums de Franklin, avec pour titre \u00ab\u00a0Franklin vise les narcoterroristes\u00a0\u00bb. Ce d\u00e9tournement \u00e0 la sauce trumpiste n\u2019a pas du tout plu \u00e0 la maison d\u2019\u00e9dition Kids Can Press, bas\u00e9e \u00e0 Toronto, qui a recadr\u00e9 Pete Hegseth dans un communiqu\u00e9 publi\u00e9 sur ses r\u00e9seaux sociaux.<\/p>\n<p> La lecture de ce contenu est susceptible d\u2019entra\u00eener un d\u00e9p\u00f4t de cookies de la part de l\u2019op\u00e9rateur tiers qui l\u2019h\u00e9berge. Compte-tenu des choix que vous avez exprim\u00e9s en mati\u00e8re de d\u00e9p\u00f4t de cookies, nous avons bloqu\u00e9 l\u2019affichage de ce contenu. Si vous souhaitez y acc\u00e9der, vous devez accepter la cat\u00e9gorie de cookies \u201cContenus tiers\u201d en cliquant sur le bouton ci-dessous. <\/p>\n<p> Lire la Vid\u00e9o        <\/p>\n<p class=\"asset asset-text\">L\u2019entreprise y rappelle que \u00ab\u00a0Franklin la tortue est une ic\u00f4ne canadienne bien-aim\u00e9e qui a inspir\u00e9 des g\u00e9n\u00e9rations d\u2019enfants et repr\u00e9sente la gentillesse, l\u2019empathie et l\u2019ouverture aux autres\u00a0\u00bb.<\/p>\n<p>    Le Pentagone se d\u00e9fend\u2026 et dit que Franklin serait d\u2019accord avec lui    <\/p>\n<p class=\"asset asset-text\">\u00ab\u00a0Nous condamnons fermement toute utilisation d\u00e9nigrante, violente ou non autoris\u00e9e du nom ou de l\u2019image de Franklin, qui contredit directement ces valeurs\u00a0\u00bb, poursuit la maison d\u2019\u00e9dition dans son communiqu\u00e9. Les histoires de Franklin sont d\u00e9nu\u00e9es de violence et mettent en avant les valeurs de tol\u00e9rance et de respect d\u2019autrui. \u00ab\u00a0Nous doutons que Franklin la tortue veuille \u00eatre tol\u00e9rante envers les cartels ou loue la gentillesse et l\u2019empathie des narcoterroristes\u00a0\u00bb, a justifi\u00e9 Sean Parnell, un porte-parole du Pentagone joint par la cha\u00eene CBS News.<\/p>\n<p class=\"asset asset-text\">Cette pol\u00e9mique intervient dans un moment difficile pour Pete Hegseth. Le <a href=\"https:\/\/www.washingtonpost.com\/national-security\/2025\/11\/28\/hegseth-kill-them-all-survivors-boat-strike\/\" target=\"_blank\" rel=\"noopener\" title=\"Nouvelle fen\u00eatre\">Washington Post<\/a> a r\u00e9v\u00e9l\u00e9 vendredi que deux survivants d\u2019une frappe am\u00e9ricaine en septembre sur un bateau de trafiquants de drogue pr\u00e9sum\u00e9s, qui s\u2019accrochaient \u00e0 leur bateau en flammes apr\u00e8s une frappe, avaient \u00e9t\u00e9 tu\u00e9s dans une seconde salve autoris\u00e9e par le ministre de la D\u00e9fense.<\/p>\n<p class=\"asset asset-text\">Apr\u00e8s avoir ni\u00e9 l\u2019existence de cette seconde frappe, la Maison Blanche l\u2019a confirm\u00e9e, expliquant qu\u2019elle avait \u00e9t\u00e9 ordonn\u00e9e non pas par le ministre, mais par l\u2019amiral commandant les op\u00e9rations sp\u00e9ciales am\u00e9ricaines. La l\u00e9galit\u00e9 de cette seconde frappe est largement questionn\u00e9e depuis, aux \u00c9tats-Unis comme \u00e0 l\u2019\u00e9tranger.<\/p>\n<p class=\"asset asset-text\">D\u2019o\u00f9 la r\u00e9ponse d\u2019un internaute anonyme se faisant appeler \u00ab\u00a0Andrew IAmTheResistance\u00a0\u00bb, et qui a publi\u00e9 sur X une image de la tortue, casque militaire sur la t\u00eate. <strong>Comme vous pouvez le voir ci-dessous<\/strong>, elle a pour titre\u00a0: \u00ab\u00a0Franklin va en prison\u00a0\u00bb.<\/p>\n<p> La lecture de ce contenu est susceptible d\u2019entra\u00eener un d\u00e9p\u00f4t de cookies de la part de l\u2019op\u00e9rateur tiers qui l\u2019h\u00e9berge. Compte-tenu des choix que vous avez exprim\u00e9s en mati\u00e8re de d\u00e9p\u00f4t de cookies, nous avons bloqu\u00e9 l\u2019affichage de ce contenu. Si vous souhaitez y acc\u00e9der, vous devez accepter la cat\u00e9gorie de cookies \u201cContenus tiers\u201d en cliquant sur le bouton ci-dessous. <\/p>\n<p> Lire la Vid\u00e9o        <\/p>\n<p class=\"asset asset-text\">\u00ab\u00a0La suite va \u00eatre g\u00e9niale\u00a0\u00bb, ironise l\u2019auteur du post, consid\u00e9rant que les frappes am\u00e9ricaines dans les Cara\u00efbes sont ill\u00e9gales et ne resteront pas impunies.<\/p>\n","protected":false},"excerpt":{"rendered":"Capture d\u2019\u00e9cran X (@PeteHegseth) Cette reprise de \u00ab\u00a0Franklin\u00a0\u00bb \u00e0 la sauce Trump ne pla\u00eet pas \u00e0 son \u00e9diteur&hellip;\n","protected":false},"author":2,"featured_media":573678,"comment_status":"","ping_status":"","sticky":false,"template":"","format":"standard","meta":{"footnotes":""},"categories":[5],"tags":[11,75,73,1011,27,14,2003,12,28],"class_list":{"0":"post-573677","1":"post","2":"type-post","3":"status-publish","4":"format-standard","5":"has-post-thumbnail","7":"category-international","8":"tag-actualites","9":"tag-donald-trump","10":"tag-etats-unis","11":"tag-fr","12":"tag-france","13":"tag-international","14":"tag-livre","15":"tag-news","16":"tag-world"},"share_on_mastodon":{"url":"https:\/\/pubeurope.com\/@fr\/115651373616692192","error":""},"_links":{"self":[{"href":"https:\/\/www.europesays.com\/fr\/wp-json\/wp\/v2\/posts\/573677","targetHints":{"allow":["GET"]}}],"collection":[{"href":"https:\/\/www.europesays.com\/fr\/wp-json\/wp\/v2\/posts"}],"about":[{"href":"https:\/\/www.europesays.com\/fr\/wp-json\/wp\/v2\/types\/post"}],"author":[{"embeddable":true,"href":"https:\/\/www.europesays.com\/fr\/wp-json\/wp\/v2\/users\/2"}],"replies":[{"embeddable":true,"href":"https:\/\/www.europesays.com\/fr\/wp-json\/wp\/v2\/comments?post=573677"}],"version-history":[{"count":0,"href":"https:\/\/www.europesays.com\/fr\/wp-json\/wp\/v2\/posts\/573677\/revisions"}],"wp:featuredmedia":[{"embeddable":true,"href":"https:\/\/www.europesays.com\/fr\/wp-json\/wp\/v2\/media\/573678"}],"wp:attachment":[{"href":"https:\/\/www.europesays.com\/fr\/wp-json\/wp\/v2\/media?parent=573677"}],"wp:term":[{"taxonomy":"category","embeddable":true,"href":"https:\/\/www.europesays.com\/fr\/wp-json\/wp\/v2\/categories?post=573677"},{"taxonomy":"post_tag","embeddable":true,"href":"https:\/\/www.europesays.com\/fr\/wp-json\/wp\/v2\/tags?post=573677"}],"curies":[{"name":"wp","href":"https:\/\/api.w.org\/{rel}","templated":true}]}}