{"id":573682,"date":"2025-12-02T18:26:36","date_gmt":"2025-12-02T18:26:36","guid":{"rendered":"https:\/\/www.europesays.com\/fr\/573682\/"},"modified":"2025-12-02T18:26:36","modified_gmt":"2025-12-02T18:26:36","slug":"roche-la-moliere-cette-paroisse-va-organiser-des-ventes-de-livres-au-profit-des-plus-demunis","status":"publish","type":"post","link":"https:\/\/www.europesays.com\/fr\/573682\/","title":{"rendered":"Roche-la-Moli\u00e8re. Cette paroisse va organiser des ventes de livres au profit des plus d\u00e9munis"},"content":{"rendered":"<p>La dixi\u00e8me \u00e9dition de la vente de livres d\u2019occasion organis\u00e9e par la paroisse Sainte-Anne-de-Lizeron aura lieu les vendredi\u00a012, samedi\u00a013 et dimanche matin du 14\u00a0d\u00e9cembre \u00e0 la Maison paroissiale Sainte-Anne de Roche-la-Moli\u00e8re.<\/p>\n<p>Plus de 5\u00a0500\u00a0livres, romans, livres de poche, livres d\u2019histoire, terroir, jardinage, voyages, d\u2019\u00e9crits pour enfants, seront ainsi propos\u00e9s \u00e0 la vente \u00e0 petits prix.<\/p>\n<p>Le stock est renouvel\u00e9 toutes les ann\u00e9es. C\u2019est un travail assez cons\u00e9quent pour les b\u00e9n\u00e9voles, notamment au niveau de la&#8230;<\/p>\n","protected":false},"excerpt":{"rendered":"La dixi\u00e8me \u00e9dition de la vente de livres d\u2019occasion organis\u00e9e par la paroisse Sainte-Anne-de-Lizeron aura lieu les vendredi\u00a012,&hellip;\n","protected":false},"author":2,"featured_media":573683,"comment_status":"","ping_status":"","sticky":false,"template":"","format":"standard","meta":{"footnotes":""},"categories":[9653],"tags":[1111,11,2430,7539,1777,674,1011,27,12,25,12490,12491,4001,104,1631],"class_list":{"0":"post-573682","1":"post","2":"type-post","3":"status-publish","4":"format-standard","5":"has-post-thumbnail","7":"category-saint-etienne","8":"tag-actu","9":"tag-actualites","10":"tag-auvergne-rhone-alpes","11":"tag-edition-loire-sud","12":"tag-eu","13":"tag-europe","14":"tag-fr","15":"tag-france","16":"tag-news","17":"tag-republique-francaise","18":"tag-roche-la-moliere","19":"tag-roche-la-moliere-bassin","20":"tag-saint-etienne","21":"tag-societe","22":"tag-vie-associative"},"share_on_mastodon":{"url":"https:\/\/pubeurope.com\/@fr\/115651384784778441","error":""},"_links":{"self":[{"href":"https:\/\/www.europesays.com\/fr\/wp-json\/wp\/v2\/posts\/573682","targetHints":{"allow":["GET"]}}],"collection":[{"href":"https:\/\/www.europesays.com\/fr\/wp-json\/wp\/v2\/posts"}],"about":[{"href":"https:\/\/www.europesays.com\/fr\/wp-json\/wp\/v2\/types\/post"}],"author":[{"embeddable":true,"href":"https:\/\/www.europesays.com\/fr\/wp-json\/wp\/v2\/users\/2"}],"replies":[{"embeddable":true,"href":"https:\/\/www.europesays.com\/fr\/wp-json\/wp\/v2\/comments?post=573682"}],"version-history":[{"count":0,"href":"https:\/\/www.europesays.com\/fr\/wp-json\/wp\/v2\/posts\/573682\/revisions"}],"wp:featuredmedia":[{"embeddable":true,"href":"https:\/\/www.europesays.com\/fr\/wp-json\/wp\/v2\/media\/573683"}],"wp:attachment":[{"href":"https:\/\/www.europesays.com\/fr\/wp-json\/wp\/v2\/media?parent=573682"}],"wp:term":[{"taxonomy":"category","embeddable":true,"href":"https:\/\/www.europesays.com\/fr\/wp-json\/wp\/v2\/categories?post=573682"},{"taxonomy":"post_tag","embeddable":true,"href":"https:\/\/www.europesays.com\/fr\/wp-json\/wp\/v2\/tags?post=573682"}],"curies":[{"name":"wp","href":"https:\/\/api.w.org\/{rel}","templated":true}]}}