{"id":573686,"date":"2025-12-02T18:28:14","date_gmt":"2025-12-02T18:28:14","guid":{"rendered":"https:\/\/www.europesays.com\/fr\/573686\/"},"modified":"2025-12-02T18:28:14","modified_gmt":"2025-12-02T18:28:14","slug":"lily-barreth-expose-a-la-galerie-madame-de-graffigny","status":"publish","type":"post","link":"https:\/\/www.europesays.com\/fr\/573686\/","title":{"rendered":"Lily Barreth expose \u00e0 la Galerie Madame de Graffigny"},"content":{"rendered":"<p>Lily Barreth, artiste nanc\u00e9ienne, a d\u2019abord connu une brillante carri\u00e8re dans la mode en fondant la marque internationale Lilith, avant de se consacrer pleinement \u00e0 la peinture en 2007.<\/p>\n<p>Install\u00e9e \u00e0 Nancy, elle d\u00e9veloppe une \u0153uvre singuli\u00e8re m\u00ealant collages, textiles, papiers et bois, dans une approche proche du puzzle visuel. Inspir\u00e9e par le concept japonais du Wabi-Sabi, elle valorise l\u2019imperfection, la patine et la transformation des mati\u00e8res.<\/p>\n<p class=\"note\">Exposition visible jusqu\u2019au 14\u00a0d\u00e9cembre, Galerie Madame de Graffigny Rue Albert 1er \u00e0 Villers-l\u00e8s-Nancy. Entr\u00e9e libre et gratuite du mercredi au samedi\u00a014\u00a0h \u00e0 18\u00a0h\u00a030 et le dimanche de 14\u00a0h \u00e0 18\u00a0h.<\/p>\n","protected":false},"excerpt":{"rendered":"Lily Barreth, artiste nanc\u00e9ienne, a d\u2019abord connu une brillante carri\u00e8re dans la mode en fondant la marque internationale&hellip;\n","protected":false},"author":2,"featured_media":573687,"comment_status":"","ping_status":"","sticky":false,"template":"","format":"standard","meta":{"footnotes":""},"categories":[9635],"tags":[1111,11,1687,1704,1777,674,2271,1011,27,775,10262,1702,12,25,10261],"class_list":{"0":"post-573686","1":"post","2":"type-post","3":"status-publish","4":"format-standard","5":"has-post-thumbnail","7":"category-nancy","8":"tag-actu","9":"tag-actualites","10":"tag-culture-loisirs","11":"tag-edition-nancy-et-agglomeration","12":"tag-eu","13":"tag-europe","14":"tag-exposition-arts-plastiques","15":"tag-fr","16":"tag-france","17":"tag-grand-est","18":"tag-metropole-du-grand-nancy-54b5","19":"tag-nancy","20":"tag-news","21":"tag-republique-francaise","22":"tag-villers-les-nancy"},"share_on_mastodon":{"url":"https:\/\/pubeurope.com\/@fr\/115651392676756219","error":""},"_links":{"self":[{"href":"https:\/\/www.europesays.com\/fr\/wp-json\/wp\/v2\/posts\/573686","targetHints":{"allow":["GET"]}}],"collection":[{"href":"https:\/\/www.europesays.com\/fr\/wp-json\/wp\/v2\/posts"}],"about":[{"href":"https:\/\/www.europesays.com\/fr\/wp-json\/wp\/v2\/types\/post"}],"author":[{"embeddable":true,"href":"https:\/\/www.europesays.com\/fr\/wp-json\/wp\/v2\/users\/2"}],"replies":[{"embeddable":true,"href":"https:\/\/www.europesays.com\/fr\/wp-json\/wp\/v2\/comments?post=573686"}],"version-history":[{"count":0,"href":"https:\/\/www.europesays.com\/fr\/wp-json\/wp\/v2\/posts\/573686\/revisions"}],"wp:featuredmedia":[{"embeddable":true,"href":"https:\/\/www.europesays.com\/fr\/wp-json\/wp\/v2\/media\/573687"}],"wp:attachment":[{"href":"https:\/\/www.europesays.com\/fr\/wp-json\/wp\/v2\/media?parent=573686"}],"wp:term":[{"taxonomy":"category","embeddable":true,"href":"https:\/\/www.europesays.com\/fr\/wp-json\/wp\/v2\/categories?post=573686"},{"taxonomy":"post_tag","embeddable":true,"href":"https:\/\/www.europesays.com\/fr\/wp-json\/wp\/v2\/tags?post=573686"}],"curies":[{"name":"wp","href":"https:\/\/api.w.org\/{rel}","templated":true}]}}