{"id":573690,"date":"2025-12-02T18:32:12","date_gmt":"2025-12-02T18:32:12","guid":{"rendered":"https:\/\/www.europesays.com\/fr\/573690\/"},"modified":"2025-12-02T18:32:12","modified_gmt":"2025-12-02T18:32:12","slug":"ce-quon-en-dit-dans-les-manifs-de-toulon-et-draguignan","status":"publish","type":"post","link":"https:\/\/www.europesays.com\/fr\/573690\/","title":{"rendered":"ce qu\u2019on en dit dans les manifs de Toulon et Draguignan"},"content":{"rendered":"<p class=\"fs-5 \">Le monde du travail \u00ab n\u2019a jamais \u00e9t\u00e9 autant attaqu\u00e9, mais la mobilisation pourrait \u00eatre meilleure \u00bb. Dans les rangs des manifestants varois se murmure que \u00ab c\u2019est une manif de militants \u00bb. Fa\u00e7on de dire la d\u00e9ception de ne pas rassembler davantage.<\/p>\n<p class=\"fs-5 \">Ce mardi 2 d\u00e9cembre marquait la troisi\u00e8me journ\u00e9e nationale contre \u00ab le budget d\u2019aust\u00e9rit\u00e9 de la France \u00bb. Avec des cort\u00e8ges \u00e0 Toulon et Saint-Rapha\u00ebl, ainsi qu\u2019une op\u00e9ration escargot \u00e0 Draguignan.<\/p>\n<p class=\"fs-5 \">\u00c0 l\u2019appel des trois centrales syndicales, CGT, FSU et Solidaires, autour de 400 manifestants ont d\u00e9fil\u00e9 dans les rues du centre-ville de Toulon, une mobilisation bien en dessous des pr\u00e9c\u00e9dentes des 2 octobre et 18 septembre.<\/p>\n<p>                                                                                \u00ab Prendre la main \u00bb<\/p>\n<p class=\"fs-5 \">M\u00eame constat en Drac\u00e9nie o\u00f9 la manifestation n\u2019a rassembl\u00e9 gu\u00e8re plus d\u2019une trentaine de personnes. \u00ab Le budget n\u2019\u00e9tant pas vot\u00e9, les salari\u00e9s, comme l\u2019ensemble de la population, sont dans l\u2019incertitude totale. Incertitude qui n\u2019incite pas \u00e0 la mobilisation \u00bb, confie Gilles Piazzoli, le secr\u00e9taire g\u00e9n\u00e9ral de l\u2019union locale CGT de Draguignan. Ce qui n\u2019a pas emp\u00each\u00e9 les manifestants de partir en op\u00e9ration escargot jusqu\u2019\u00e0 la ZAC des Br\u00e9gui\u00e8res dans la commune voisine des Arcs-sur-Argens. Histoire de sensibiliser, de motiver les salari\u00e9s. Et le leader c\u00e9g\u00e9tiste de d\u00e9clarer : \u00ab C\u2019est \u00e0 eux de prendre la main, de pousser pour que le budget ne soit pas un budget d\u2019aust\u00e9rit\u00e9 \u00bb.<\/p>\n<p>                                                                                \u00ab Ils sont en train de pseudo-n\u00e9gocier des miettes \u00bb<\/p>\n<p class=\"fs-5 \">\u00ab Dis-moi quel est ton budget, je te dirai quelle soci\u00e9t\u00e9 tu construis. \u00bb Applaudissements dans la manif toulonnaise. Au micro, Richard Rom\u00e9o-Giberti vilipende le r\u00e9gime de faveur des entreprises, \u00ab 211 milliards par an, octroy\u00e9s sans contrepartie \u00bb, et \u00ab la progression hors du commun \u00bb de la richesse des plus riches, \u00e9num\u00e8re le responsable de la CGT dans le Var.<\/p>\n<p class=\"fs-5 \">\u00ab De l\u2019argent, il y en a. C\u2019est pour l\u2019\u00e9cole qu\u2019il faut des moyens, reprend Julie, enseignante \u00e0 Rocbaron, venue avec son fils et une coll\u00e8gue. Il y a 29 \u00e9l\u00e8ves en CM2 dans mon \u00e9cole. Comment tenir compte des besoins sp\u00e9cifiques des enfants, \u00e0 30 par classe ? \u00bb<\/p>\n<p>                                                                                Petit salaire, petite retraite<\/p>\n<p class=\"fs-5 \">Odette, bient\u00f4t 80 ans souffle-t-elle, d\u00e9file un grand panneau autour du cou. \u00ab J\u2019ai travaill\u00e9 presque toute ma vie dans la grande distribution. Petit salaire, petite retraite. Dix ans en temps partiel impos\u00e9. La r\u00e9forme est injuste \u00bb, pointe la Seynoise.<\/p>\n<p class=\"fs-5 \">\u00ab Ils sont en train de pseudo-n\u00e9gocier des miettes, estime Alain Tournay, \u00e0 la t\u00eate de la FSU du Var. Sur le r\u00e9gime des retraites, nous ne voulons pas de miettes, mais l\u2019abrogation. \u00bb La crise institutionnelle r\u00e9v\u00e8le qu\u2019on \u00ab arrive au bout politiquement \u00bb, grince encore Lo\u00efc, m\u00e9canicien \u00ab \u00e0 l\u2019arsenal \u00bb de Toulon. \u00ab Macron force dans son chemin jusqu\u2019au boutiste. Si ni le vote \u00e0 l\u2019Assembl\u00e9e, ni la mobilistion dans la rue ne peuvent aboutir, alors une \u00e9tincelle peut tout faire d\u00e9g\u00e9n\u00e9rer \u00bb, pense-t-il.<\/p>\n<p class=\"fs-5 \">Comment sortir de l\u2019impasse d\u00e9mocratique ? \u00ab Nous avons assez discut\u00e9 avec l\u2019\u00e9lite politique. C\u2019est le rapport de force qui compte aujourd\u2019hui, analyse Ola Hawryluk, porte-parole de Solidaires dans le Var. C\u2019est difficile, mais c\u2019est le seul moyen. \u00bb<\/p>\n<p>                                                                                \u00ab Stop au budget pour la guerre ! \u00bb<\/p>\n<p class=\"fs-5 \">L\u2019augmentation de 6,7 milliards d\u2019euros d\u00e9fendue par le gouvernement Lecornu pour le budget 2026 des Arm\u00e9es n\u2019a pas \u00e9chapp\u00e9 aux manifestants drac\u00e9nois. Gilles Piazzoli, le secr\u00e9taire g\u00e9n\u00e9ral de l\u2019union locale CGT de Draguignan, en a m\u00eame fait l\u2019un des th\u00e8mes principaux de sa prise de parole devant la sous-pr\u00e9fecture du Var.<\/p>\n<p class=\"fs-5 \">Renouant avec la tradition pacifiste de la CGT, Gilles Piazzoli a d\u2019abord d\u00e9clar\u00e9, en ce jour du 220e anniversaire de la bataille d\u2019Austerlitz, que \u00ab les guerres n\u2019en finissent plus de faire saigner le monde et ses enfants. Les cons\u00e9quences sont tr\u00e8s concr\u00e8tes et le recul de la paix dans un tr\u00e8s grand nombre de pays, les logiques de guerre sapent les d\u00e9mocraties, tout en favorisant la mont\u00e9e de l\u2019extr\u00eame droite \u00bb.<\/p>\n<p>                                                                                Deux conceptions de la soci\u00e9t\u00e9<\/p>\n<p class=\"fs-5 \">Et puisqu\u2019on parle d\u2019anniversaire, Gilles Piazzoli se montre, sans surprise, plus sensible aux 80 ans de la S\u00e9curit\u00e9 sociale qu\u2019\u00e0 celui des victoires militaires napol\u00e9oniennes. Or quatre-vingts ans apr\u00e8s la naissance de la S\u00e9cu, \u00ab promesse de jours heureux \u00bb, ce mod\u00e8le est \u00ab attaqu\u00e9 par une logique inverse : \u00ab Celle de l\u2019\u00e9conomie de guerre \u00bb, d\u00e9nonce le syndicaliste.<\/p>\n<p class=\"fs-5 \">Son discours devient alors plus politique et cible Emmanuel macron. \u00ab L\u2019adversaire de classe qui est le n\u00f4tre nous pr\u00e9cipite dans un avenir toujours plus incertain avec un Pr\u00e9sident toujours plus guerrier qui hypoth\u00e8que l\u2019avenir d\u2019une jeunesse. On tente aujourd\u2019hui de nous vendre l\u2019id\u00e9e que pour assurer notre s\u00e9curit\u00e9, il faudrait sacrifier notre mod\u00e8le social au lieu de l\u2019am\u00e9liorer et de l\u2019\u00e9tendre. L\u2019\u00e9conomie de guerre, telle qu\u2019elle nous est pr\u00e9sent\u00e9e, c\u2019est l\u2019organisation de l\u2019aust\u00e9rit\u00e9 pour le peuple au nom des imp\u00e9ratifs militaires, tout en laissant les cl\u00e9s de notre d\u00e9fense \u00e0 des logiques de march\u00e9, de rentabilit\u00e9 financi\u00e8re et de d\u00e9pendance atlantiste \u00bb, ass\u00e8ne Gilles Piazzoli.<\/p>\n<p class=\"fs-5 \">Avant de conclure : \u00ab C\u2019est une impasse absolue. On ne d\u00e9fend pas une Nation en d\u00e9mantelant ce qui fait sa coh\u00e9sion sociale. On ne prot\u00e8ge pas un peuple en pr\u00e9carisant son existence \u00bb.<\/p>\n","protected":false},"excerpt":{"rendered":"Le monde du travail \u00ab n\u2019a jamais \u00e9t\u00e9 autant attaqu\u00e9, mais la mobilisation pourrait \u00eatre meilleure \u00bb. Dans&hellip;\n","protected":false},"author":2,"featured_media":573691,"comment_status":"","ping_status":"","sticky":false,"template":"","format":"standard","meta":{"footnotes":""},"categories":[9619],"tags":[1111,11,1777,674,1011,27,12,882,25,2310],"class_list":{"0":"post-573690","1":"post","2":"type-post","3":"status-publish","4":"format-standard","5":"has-post-thumbnail","7":"category-toulon","8":"tag-actu","9":"tag-actualites","10":"tag-eu","11":"tag-europe","12":"tag-fr","13":"tag-france","14":"tag-news","15":"tag-provence-alpes-cote-dazur","16":"tag-republique-francaise","17":"tag-toulon"},"share_on_mastodon":{"url":"https:\/\/pubeurope.com\/@fr\/115651408371647783","error":""},"_links":{"self":[{"href":"https:\/\/www.europesays.com\/fr\/wp-json\/wp\/v2\/posts\/573690","targetHints":{"allow":["GET"]}}],"collection":[{"href":"https:\/\/www.europesays.com\/fr\/wp-json\/wp\/v2\/posts"}],"about":[{"href":"https:\/\/www.europesays.com\/fr\/wp-json\/wp\/v2\/types\/post"}],"author":[{"embeddable":true,"href":"https:\/\/www.europesays.com\/fr\/wp-json\/wp\/v2\/users\/2"}],"replies":[{"embeddable":true,"href":"https:\/\/www.europesays.com\/fr\/wp-json\/wp\/v2\/comments?post=573690"}],"version-history":[{"count":0,"href":"https:\/\/www.europesays.com\/fr\/wp-json\/wp\/v2\/posts\/573690\/revisions"}],"wp:featuredmedia":[{"embeddable":true,"href":"https:\/\/www.europesays.com\/fr\/wp-json\/wp\/v2\/media\/573691"}],"wp:attachment":[{"href":"https:\/\/www.europesays.com\/fr\/wp-json\/wp\/v2\/media?parent=573690"}],"wp:term":[{"taxonomy":"category","embeddable":true,"href":"https:\/\/www.europesays.com\/fr\/wp-json\/wp\/v2\/categories?post=573690"},{"taxonomy":"post_tag","embeddable":true,"href":"https:\/\/www.europesays.com\/fr\/wp-json\/wp\/v2\/tags?post=573690"}],"curies":[{"name":"wp","href":"https:\/\/api.w.org\/{rel}","templated":true}]}}