{"id":573694,"date":"2025-12-02T18:34:23","date_gmt":"2025-12-02T18:34:23","guid":{"rendered":"https:\/\/www.europesays.com\/fr\/573694\/"},"modified":"2025-12-02T18:34:23","modified_gmt":"2025-12-02T18:34:23","slug":"inauguration-de-la-ligne-5-de-tramway-le-programme-des-animations","status":"publish","type":"post","link":"https:\/\/www.europesays.com\/fr\/573694\/","title":{"rendered":"inauguration de la ligne 5 de tramway, le programme des animations"},"content":{"rendered":"<p>\nInauguration de la ligne 5 de tramway aura lieu le 20 d\u00e9cembre prochain.<\/p>\n<p>\n\u00a9 dr. Montpellier : inauguration de la ligne 5 de tramway, le programme des animations.<\/p>\n<p><a data-no-instant=\"1\" href=\"https:\/\/www.nimes.fr\/agenda\/portes-ouvertes-h2-centre-des-congres\" rel=\"noopener\" class=\"a2t-link\" aria-label=\"3758-image\" target=\"_blank\"><img decoding=\"async\" src=\"https:\/\/www.europesays.com\/fr\/wp-content\/uploads\/2025\/12\/3758-image.jpeg\" alt=\"\"  \/><\/a><a data-no-instant=\"1\" href=\"https:\/\/scaira.grantplatform.com\/\" rel=\"noopener\" class=\"a2t-link\" aria-label=\"3222-image\" target=\"_blank\"><img decoding=\"async\" src=\"https:\/\/www.europesays.com\/fr\/wp-content\/uploads\/2025\/12\/3222-image.png\" alt=\"\"  \/><\/a><\/p>\n<p>Le 20 d\u00e9cembre 2025, \u00ab\u00a0une journ\u00e9e exceptionnelle\u00a0\u00bb autour de la future ligne 5 de tramway est organis\u00e9e \u00e0 <a href=\"https:\/\/infoccitanie.fr\/montpellier-les-premiers-rails-de-la-ligne-5-arrivent\/\" target=\"_blank\" rel=\"noopener\">Montpellier<\/a>. \u00ab\u00a0Une c\u00e9l\u00e9bration ouverte \u00e0 tous : habitants, familles, voyageurs, curieux et amoureux du territoire. Une journ\u00e9e gratuite, accessible, rythm\u00e9e par des surprises, des parcours, de l\u2019art et des jeux de lumi\u00e8res\u00a0\u00bb, d\u00e9taille la TaM sur Facebook.<\/p>\n<p>\u00c0 Clemenceau, d\u00e8s 11h, aura lieu l\u2019inauguration officielle et le lancement des festivit\u00e9s. Puis, une balade urbaine aura lieu, de l\u2019Ouest au Centre, au d\u00e9part du parc de Bagatelle, \u00e0 10h. Une balade du Nord au Centre, au d\u00e9part de Clapiers, \u00e0 13h30, est \u00e9galement pr\u00e9vue, pour rejoindre, d\u00e8s 18h30, la Parade des Lucioles qui s\u2019\u00e9lancera depuis la place des Martyrs de la R\u00e9sistance jusqu\u2019\u00e0 la place de la Com\u00e9die, o\u00f9 attendront des artistes et des surprises, dont le spectacle ADN \u00e0 20h30. Pour d\u00e9couvrir le programme d\u00e9taill\u00e9, <a href=\"https:\/\/www.inauguration-ligne5.fr\" target=\"_blank\" rel=\"nofollow noopener\">cliquez ici. <\/a><\/p>\n","protected":false},"excerpt":{"rendered":"Inauguration de la ligne 5 de tramway aura lieu le 20 d\u00e9cembre prochain. \u00a9 dr. Montpellier : inauguration&hellip;\n","protected":false},"author":2,"featured_media":573695,"comment_status":"","ping_status":"","sticky":false,"template":"","format":"standard","meta":{"footnotes":""},"categories":[9599],"tags":[1111,11,1777,674,1011,27,2208,12,2680,25,59623],"class_list":{"0":"post-573694","1":"post","2":"type-post","3":"status-publish","4":"format-standard","5":"has-post-thumbnail","7":"category-montpellier","8":"tag-actu","9":"tag-actualites","10":"tag-eu","11":"tag-europe","12":"tag-fr","13":"tag-france","14":"tag-montpellier","15":"tag-news","16":"tag-occitanie","17":"tag-republique-francaise","18":"tag-tam"},"share_on_mastodon":{"url":"https:\/\/pubeurope.com\/@fr\/115651417812674086","error":""},"_links":{"self":[{"href":"https:\/\/www.europesays.com\/fr\/wp-json\/wp\/v2\/posts\/573694","targetHints":{"allow":["GET"]}}],"collection":[{"href":"https:\/\/www.europesays.com\/fr\/wp-json\/wp\/v2\/posts"}],"about":[{"href":"https:\/\/www.europesays.com\/fr\/wp-json\/wp\/v2\/types\/post"}],"author":[{"embeddable":true,"href":"https:\/\/www.europesays.com\/fr\/wp-json\/wp\/v2\/users\/2"}],"replies":[{"embeddable":true,"href":"https:\/\/www.europesays.com\/fr\/wp-json\/wp\/v2\/comments?post=573694"}],"version-history":[{"count":0,"href":"https:\/\/www.europesays.com\/fr\/wp-json\/wp\/v2\/posts\/573694\/revisions"}],"wp:featuredmedia":[{"embeddable":true,"href":"https:\/\/www.europesays.com\/fr\/wp-json\/wp\/v2\/media\/573695"}],"wp:attachment":[{"href":"https:\/\/www.europesays.com\/fr\/wp-json\/wp\/v2\/media?parent=573694"}],"wp:term":[{"taxonomy":"category","embeddable":true,"href":"https:\/\/www.europesays.com\/fr\/wp-json\/wp\/v2\/categories?post=573694"},{"taxonomy":"post_tag","embeddable":true,"href":"https:\/\/www.europesays.com\/fr\/wp-json\/wp\/v2\/tags?post=573694"}],"curies":[{"name":"wp","href":"https:\/\/api.w.org\/{rel}","templated":true}]}}