{"id":57370,"date":"2025-04-27T17:56:09","date_gmt":"2025-04-27T17:56:09","guid":{"rendered":"https:\/\/www.europesays.com\/fr\/57370\/"},"modified":"2025-04-27T17:56:09","modified_gmt":"2025-04-27T17:56:09","slug":"pour-valls-et-retailleau-un-acte-anti-musulman-pas-islamophobe-liberation","status":"publish","type":"post","link":"https:\/\/www.europesays.com\/fr\/57370\/","title":{"rendered":"pour Valls et Retailleau, un acte \u00abanti-musulman\u00bb, pas \u00abislamophobe\u00bb \u2013 Lib\u00e9ration"},"content":{"rendered":"<p class=\"sc-ksZaOG ehjQrN text-element\">Si l\u2019unanimit\u00e9 \u00e9tait de mise parmi les politiques pour condamner <a href=\"https:\/\/www.liberation.fr\/societe\/police-justice\/gard-un-fidele-tue-par-un-autre-fidele-dans-une-mosquee-au-nord-dales-20250425_T3XNPUVDWFDMLPZQS6EAW4BAGU\/\" target=\"_blank\" rel=\"noreferrer noopener\" title=\"https:\/\/www.liberation.fr\/societe\/police-justice\/gard-un-fidele-tue-par-un-autre-fidele-dans-une-mosquee-au-nord-dales-20250425_T3XNPUVDWFDMLPZQS6EAW4BAGU\/\">le meurtre d\u2019un fid\u00e8le musulman commis vendredi 25 avril<\/a> dans une mosqu\u00e9e au nord d\u2019Al\u00e8s, il n\u2019en \u00e9tait pas de m\u00eame pour le qualifier. \u00abIslamophobe\u00bb ? De nombreuses figures de gauche ont mis le terme en avant, pour souligner la haine anti-musulman qui semble, <a href=\"https:\/\/www.liberation.fr\/societe\/police-justice\/attaque-dans-une-mosquee-du-gard-le-meurtrier-a-filme-une-partie-de-la-scene-et-insulte-allah-20250426_LIFQ7P37AJDP3B64IWIT5FVSLQ\/\" target=\"_blank\" rel=\"noreferrer noopener\" title=\"https:\/\/www.liberation.fr\/societe\/police-justice\/attaque-dans-une-mosquee-du-gard-le-meurtrier-a-filme-une-partie-de-la-scene-et-insulte-allah-20250426_LIFQ7P37AJDP3B64IWIT5FVSLQ\/\">selon les \u00e9l\u00e9ments connus \u00e0 ce jour<\/a>, avoir motiv\u00e9 l\u2019acte. \u00abL\u2019islamophobie tue. Tous ceux qui y contribuent sont coupables\u00bb, a comment\u00e9 le leader insoumis Jean-Luc M\u00e9lenchon, la d\u00e9put\u00e9e LFI Cl\u00e9mence Guett\u00e9 estimant quant \u00e0 elle que \u00ables m\u00e9dias et les politiques, de l\u2019extr\u00eame droite et d\u2019ailleurs, qui participent \u00e0 ce climat islamophobe ont une immense responsabilit\u00e9\u00bb.<\/p>\n","protected":false},"excerpt":{"rendered":"Si l\u2019unanimit\u00e9 \u00e9tait de mise parmi les politiques pour condamner le meurtre d\u2019un fid\u00e8le musulman commis vendredi 25&hellip;\n","protected":false},"author":2,"featured_media":57371,"comment_status":"","ping_status":"","sticky":false,"template":"","format":"standard","meta":{"footnotes":""},"categories":[4],"tags":[11,1011,27,5318,15315,12,25],"class_list":{"0":"post-57370","1":"post","2":"type-post","3":"status-publish","4":"format-standard","5":"has-post-thumbnail","7":"category-france","8":"tag-actualites","9":"tag-fr","10":"tag-france","11":"tag-islam","12":"tag-manuel-valls","13":"tag-news","14":"tag-republique-francaise"},"share_on_mastodon":{"url":"https:\/\/pubeurope.com\/@fr\/114411220764062750","error":""},"_links":{"self":[{"href":"https:\/\/www.europesays.com\/fr\/wp-json\/wp\/v2\/posts\/57370","targetHints":{"allow":["GET"]}}],"collection":[{"href":"https:\/\/www.europesays.com\/fr\/wp-json\/wp\/v2\/posts"}],"about":[{"href":"https:\/\/www.europesays.com\/fr\/wp-json\/wp\/v2\/types\/post"}],"author":[{"embeddable":true,"href":"https:\/\/www.europesays.com\/fr\/wp-json\/wp\/v2\/users\/2"}],"replies":[{"embeddable":true,"href":"https:\/\/www.europesays.com\/fr\/wp-json\/wp\/v2\/comments?post=57370"}],"version-history":[{"count":0,"href":"https:\/\/www.europesays.com\/fr\/wp-json\/wp\/v2\/posts\/57370\/revisions"}],"wp:featuredmedia":[{"embeddable":true,"href":"https:\/\/www.europesays.com\/fr\/wp-json\/wp\/v2\/media\/57371"}],"wp:attachment":[{"href":"https:\/\/www.europesays.com\/fr\/wp-json\/wp\/v2\/media?parent=57370"}],"wp:term":[{"taxonomy":"category","embeddable":true,"href":"https:\/\/www.europesays.com\/fr\/wp-json\/wp\/v2\/categories?post=57370"},{"taxonomy":"post_tag","embeddable":true,"href":"https:\/\/www.europesays.com\/fr\/wp-json\/wp\/v2\/tags?post=57370"}],"curies":[{"name":"wp","href":"https:\/\/api.w.org\/{rel}","templated":true}]}}