{"id":573700,"date":"2025-12-02T18:37:30","date_gmt":"2025-12-02T18:37:30","guid":{"rendered":"https:\/\/www.europesays.com\/fr\/573700\/"},"modified":"2025-12-02T18:37:30","modified_gmt":"2025-12-02T18:37:30","slug":"grenoble-poursuivis-dans-la-rue-les-voleurs-sortent-une-arme-de-poing","status":"publish","type":"post","link":"https:\/\/www.europesays.com\/fr\/573700\/","title":{"rendered":"Grenoble. Poursuivis dans la rue, les voleurs sortent une arme de poing"},"content":{"rendered":"<p>Les employ\u00e9s d\u2019un magasin Carrefour Market situ\u00e9 34 cours Jean-Jaur\u00e8s \u00e0 Grenoble ont \u00e9t\u00e9 menac\u00e9s d\u2019une arme de poing mardi matin en pleine rue \u00e0 la suite d\u2019un vol \u00e0 l\u2019\u00e9talage, a indiqu\u00e9 la police mardi soir.<\/p>\n<p>Les faits se sont produits peu avant 10 heures lorsque trois hommes sont entr\u00e9s dans le magasin pour commettre des vols \u00e0 l\u2019\u00e9talage. Rep\u00e9r\u00e9s par le personnel, ils ont pris la fuite mais ont \u00e9t\u00e9 poursuivis par plusieurs employ\u00e9s. L\u2019un des voleurs a \u00e9t\u00e9 rattrap\u00e9 et immobilis\u00e9 mais ses deux complices sont revenus pour se porter \u00e0 son secours et ont sorti une arme de poing pour le lib\u00e9rer. La police est intervenue entre-temps, deux des voleurs \u00e9tant interpell\u00e9s et le troisi\u00e8me (l\u2019homme qui \u00e9tait arm\u00e9) parvenant \u00e0 prendre la fuite.\u00a0<\/p>\n<p>L\u2019un des suspects a \u00e9t\u00e9 trouv\u00e9 porteur de cartes bancaires probablement vol\u00e9es. Selon la police, aucun coup de feu n\u2019a \u00e9t\u00e9 tir\u00e9\u00a0au cours de la sc\u00e8ne et l\u2019on ne d\u00e9plore qu\u2019un bless\u00e9 l\u00e9ger, un employ\u00e9 souffrant d\u2019une morsure.<\/p>\n","protected":false},"excerpt":{"rendered":"Les employ\u00e9s d\u2019un magasin Carrefour Market situ\u00e9 34 cours Jean-Jaur\u00e8s \u00e0 Grenoble ont \u00e9t\u00e9 menac\u00e9s d\u2019une arme de&hellip;\n","protected":false},"author":2,"featured_media":573701,"comment_status":"","ping_status":"","sticky":false,"template":"","format":"standard","meta":{"footnotes":""},"categories":[9566],"tags":[1111,11,2430,271,272,112,1777,674,274,1795,1011,27,2731,2732,108,12,25],"class_list":{"0":"post-573700","1":"post","2":"type-post","3":"status-publish","4":"format-standard","5":"has-post-thumbnail","7":"category-grenoble","8":"tag-actu","9":"tag-actualites","10":"tag-auvergne-rhone-alpes","11":"tag-crime","12":"tag-delit-et-contravention","13":"tag-edition-grenoble-agglomeration","14":"tag-eu","15":"tag-europe","16":"tag-faits-divers-justice","17":"tag-fil-web","18":"tag-fr","19":"tag-france","20":"tag-grenoble","21":"tag-grenoble-bassin","22":"tag-isere","23":"tag-news","24":"tag-republique-francaise"},"share_on_mastodon":{"url":"https:\/\/pubeurope.com\/@fr\/115651427976639239","error":""},"_links":{"self":[{"href":"https:\/\/www.europesays.com\/fr\/wp-json\/wp\/v2\/posts\/573700","targetHints":{"allow":["GET"]}}],"collection":[{"href":"https:\/\/www.europesays.com\/fr\/wp-json\/wp\/v2\/posts"}],"about":[{"href":"https:\/\/www.europesays.com\/fr\/wp-json\/wp\/v2\/types\/post"}],"author":[{"embeddable":true,"href":"https:\/\/www.europesays.com\/fr\/wp-json\/wp\/v2\/users\/2"}],"replies":[{"embeddable":true,"href":"https:\/\/www.europesays.com\/fr\/wp-json\/wp\/v2\/comments?post=573700"}],"version-history":[{"count":0,"href":"https:\/\/www.europesays.com\/fr\/wp-json\/wp\/v2\/posts\/573700\/revisions"}],"wp:featuredmedia":[{"embeddable":true,"href":"https:\/\/www.europesays.com\/fr\/wp-json\/wp\/v2\/media\/573701"}],"wp:attachment":[{"href":"https:\/\/www.europesays.com\/fr\/wp-json\/wp\/v2\/media?parent=573700"}],"wp:term":[{"taxonomy":"category","embeddable":true,"href":"https:\/\/www.europesays.com\/fr\/wp-json\/wp\/v2\/categories?post=573700"},{"taxonomy":"post_tag","embeddable":true,"href":"https:\/\/www.europesays.com\/fr\/wp-json\/wp\/v2\/tags?post=573700"}],"curies":[{"name":"wp","href":"https:\/\/api.w.org\/{rel}","templated":true}]}}