{"id":573704,"date":"2025-12-02T18:39:13","date_gmt":"2025-12-02T18:39:13","guid":{"rendered":"https:\/\/www.europesays.com\/fr\/573704\/"},"modified":"2025-12-02T18:39:13","modified_gmt":"2025-12-02T18:39:13","slug":"une-cycliste-de-69-ans-heliportee-en-urgence-absolue","status":"publish","type":"post","link":"https:\/\/www.europesays.com\/fr\/573704\/","title":{"rendered":"une cycliste de 69 ans h\u00e9liport\u00e9e en urgence absolue"},"content":{"rendered":"<p>                    Par<br \/>\n        <strong><br \/>\n            <a href=\"https:\/\/actu.fr\/auteur\/journaliste-pm\" title=\"Consulter tous les articles de R\u00e9daction Saint-Malo\" target=\"_blank\" rel=\"noopener\">R\u00e9daction Saint-Malo<\/a><br \/>\n                    <\/strong><\/p>\n<p>        Publi\u00e9 le<\/p>\n<p>            2 d\u00e9c. 2025 \u00e0 17h57        <\/p>\n<p>Une femme \u00e2g\u00e9e de 69\u00a0ans a \u00e9t\u00e9 h\u00e9liport\u00e9e vers l\u2019h\u00f4pital Pontchaillou \u00e0 <a href=\"https:\/\/actu.fr\/rennes\/\" target=\"_blank\" rel=\"noopener\">Rennes<\/a>, apr\u00e8s un <a href=\"https:\/\/actu.fr\/tag\/accident\" target=\"_blank\" rel=\"noopener\">accident<\/a> de la route survenu ce mardi 2\u00a0d\u00e9cembre 2025, \u00e0 Saint-Domineuc, entre Rennes et <a href=\"https:\/\/actu.fr\/bretagne\/saint-malo_35288\" target=\"_blank\" rel=\"noopener\">Saint-Malo<\/a>. Son pronostic vital \u00e9tait engag\u00e9 au moment de sa prise en charge par les secours.<\/p>\n<p>Un moniteur d\u2019auto-\u00e9cole mis en cause<\/p>\n<p class=\" wall-content\">Vers 9h, la cycliste a \u00e9t\u00e9 percut\u00e9e par un automobiliste qui circulait sur la d\u00e9partementale 637, \u00e0 hauteur de la Lande du Poipin.<\/p>\n<p class=\" wall-content\">D\u2019apr\u00e8s nos confr\u00e8res de <a href=\"https:\/\/www.ouest-france.fr\/societe\/faits-divers\/une-cycliste-percutee-par-le-conducteur-dune-auto-ecole-en-ille-et-vilaine-le-pronostic-vital-de-la-victime-engage-4eea5c84-cf6a-11f0-8aae-c226ab82a7d1\" target=\"_blank\" rel=\"noopener\">Ouest-France<\/a>, la victime a \u00e9t\u00e9 projet\u00e9e \u00e0 terre, apr\u00e8s avoir \u00e9t\u00e9 touch\u00e9e par le r\u00e9troviseur de la voiture. Le conducteur du v\u00e9hicule mis en cause serait moniteur d\u2019auto-\u00e9cole.<\/p>\n<p class=\" wall-content\">Personnalisez votre actualit\u00e9 en ajoutant vos villes et m\u00e9dias en favori avec <a href=\"https:\/\/moncompte.actu.fr\" title=\"D\u00e9couvez Mon Actu\" rel=\"nofollow noopener\" data-trk=\"{&quot;cta&quot;:{&quot;action&quot;:&quot;https:\\\/\\\/moncompte.actu.fr&quot;,&quot;category&quot;:&quot;mon compte&quot;,&quot;from&quot;:&quot;article footer&quot;,&quot;name&quot;:&quot;Mon actu&quot;,&quot;type&quot;:&quot;cta&quot;}}\" target=\"_blank\">Mon Actu<\/a>.<\/p>\n","protected":false},"excerpt":{"rendered":"Par R\u00e9daction Saint-Malo Publi\u00e9 le 2 d\u00e9c. 2025 \u00e0 17h57 Une femme \u00e2g\u00e9e de 69\u00a0ans a \u00e9t\u00e9 h\u00e9liport\u00e9e&hellip;\n","protected":false},"author":2,"featured_media":573705,"comment_status":"","ping_status":"","sticky":false,"template":"","format":"standard","meta":{"footnotes":""},"categories":[2821],"tags":[119,1111,11,829,3542,1777,674,118,1011,27,12,584,25],"class_list":{"0":"post-573704","1":"post","2":"type-post","3":"status-publish","4":"format-standard","5":"has-post-thumbnail","7":"category-rennes","8":"tag-accident","9":"tag-actu","10":"tag-actualites","11":"tag-bretagne","12":"tag-circulation","13":"tag-eu","14":"tag-europe","15":"tag-faits-divers","16":"tag-fr","17":"tag-france","18":"tag-news","19":"tag-rennes","20":"tag-republique-francaise"},"share_on_mastodon":{"url":"https:\/\/pubeurope.com\/@fr\/115651435939457281","error":""},"_links":{"self":[{"href":"https:\/\/www.europesays.com\/fr\/wp-json\/wp\/v2\/posts\/573704","targetHints":{"allow":["GET"]}}],"collection":[{"href":"https:\/\/www.europesays.com\/fr\/wp-json\/wp\/v2\/posts"}],"about":[{"href":"https:\/\/www.europesays.com\/fr\/wp-json\/wp\/v2\/types\/post"}],"author":[{"embeddable":true,"href":"https:\/\/www.europesays.com\/fr\/wp-json\/wp\/v2\/users\/2"}],"replies":[{"embeddable":true,"href":"https:\/\/www.europesays.com\/fr\/wp-json\/wp\/v2\/comments?post=573704"}],"version-history":[{"count":0,"href":"https:\/\/www.europesays.com\/fr\/wp-json\/wp\/v2\/posts\/573704\/revisions"}],"wp:featuredmedia":[{"embeddable":true,"href":"https:\/\/www.europesays.com\/fr\/wp-json\/wp\/v2\/media\/573705"}],"wp:attachment":[{"href":"https:\/\/www.europesays.com\/fr\/wp-json\/wp\/v2\/media?parent=573704"}],"wp:term":[{"taxonomy":"category","embeddable":true,"href":"https:\/\/www.europesays.com\/fr\/wp-json\/wp\/v2\/categories?post=573704"},{"taxonomy":"post_tag","embeddable":true,"href":"https:\/\/www.europesays.com\/fr\/wp-json\/wp\/v2\/tags?post=573704"}],"curies":[{"name":"wp","href":"https:\/\/api.w.org\/{rel}","templated":true}]}}