{"id":573708,"date":"2025-12-02T18:41:14","date_gmt":"2025-12-02T18:41:14","guid":{"rendered":"https:\/\/www.europesays.com\/fr\/573708\/"},"modified":"2025-12-02T18:41:14","modified_gmt":"2025-12-02T18:41:14","slug":"les-peres-noel-en-stand-up-paddle-attendus-ce-samedi-pour-une-balade-sur-lill","status":"publish","type":"post","link":"https:\/\/www.europesays.com\/fr\/573708\/","title":{"rendered":"les p\u00e8res No\u00ebl en stand up paddle attendus ce samedi pour une balade sur l\u2019Ill"},"content":{"rendered":"<p>Pour la quatri\u00e8me ann\u00e9e cons\u00e9cutive, l\u2019Office des sports de Strasbourg organise une balade en stand up paddle (SUP) sur le th\u00e8me de No\u00ebl, en partenariat avec les clubs nautiques.<\/p>\n<p>La p\u00e9riode de No\u00ebl \u00e0 Strasbourg vient tout juste de d\u00e9buter avec l\u2019ouverture de <a href=\"https:\/\/www.dna.fr\/culture-loisirs\/2025\/11\/20\/marche-de-noel-tout-ce-qu-il-faut-savoir-sur-l-edition-2025\" target=\"_blank\" rel=\"noopener\">son march\u00e9<\/a> plusieurs fois centenaire et ses millions de touristes attendus. Mais savent-ils que le p\u00e8re No\u00ebl a une nouvelle passion\u00a0?<\/p>\n<p>L\u2019Office des sports de Strasbourg organise, le samedi 6\u00a0d\u00e9cembre \u00e0 15\u00a0h, une descente de p\u00e8res No\u00ebl sur l\u2019Ill en SUP. Ils seront pr\u00e8s de 50 participants \u00e0 s\u2019\u00e9lancer depuis l\u2019ASCPA (plaine des Bouchers), \u00e0 15\u00a0h pr\u00e9cises pour une balade de 5\u00a0km (environ une heure de balade) traversant la Petite France et les quais strasbourgeois, avant une arriv\u00e9e au pied du Parlement europ\u00e9en, o\u00f9 ils seront chaudement accueillis avec un vin chaud et un mannele. Sous leur tenue de p\u00e8re No\u00ebl, les participants devront porter une combinaison int\u00e9grale en n\u00e9opr\u00e8ne, plut\u00f4t bienvenue pour la saison.<\/p>\n<blockquote class=\"question\"><p>Informations pratiques<\/p><\/blockquote>\n<p>Obligatoire\u00a0: la combinaison n\u00e9opr\u00e8ne int\u00e9grale ainsi que des chaussons, le d\u00e9guisement de p\u00e8re No\u00ebl\u00a0; \u00e2ge minimum 13 ans (n\u00e9 en 2012 et avant) accompagn\u00e9 d\u2019un adulte. Balade s\u00e9curis\u00e9e\u00a0: secouristes, staff dipl\u00f4m\u00e9. Port du gilet de secours obligatoire (pr\u00eat\u00e9 par l\u2019ASCPA\u00a0; gestion autonome d\u00e9part\/arriv\u00e9e\u00a0; petite surprise \u00e0 l\u2019arriv\u00e9e\u00a0! <\/p>\n<p class=\"note\">Tarif\u00a0: 15\u20ac. Limite de 50 participants. Inscription sur www.ods67.com (location de paddle et combinaison possible lors de l\u2019inscription en suppl\u00e9ment, dans la limite du stock disponible).<\/p>\n","protected":false},"excerpt":{"rendered":"Pour la quatri\u00e8me ann\u00e9e cons\u00e9cutive, l\u2019Office des sports de Strasbourg organise une balade en stand up paddle (SUP)&hellip;\n","protected":false},"author":2,"featured_media":573709,"comment_status":"","ping_status":"","sticky":false,"template":"","format":"standard","meta":{"footnotes":""},"categories":[2820],"tags":[1111,11,7782,1687,2880,1777,674,107,1011,27,775,12,15830,25,640,2879],"class_list":{"0":"post-573708","1":"post","2":"type-post","3":"status-publish","4":"format-standard","5":"has-post-thumbnail","7":"category-strasbourg","8":"tag-actu","9":"tag-actualites","10":"tag-balades-et-randonnees","11":"tag-culture-loisirs","12":"tag-edition-strasbourg","13":"tag-eu","14":"tag-europe","15":"tag-fil-info","16":"tag-fr","17":"tag-france","18":"tag-grand-est","19":"tag-news","20":"tag-noel","21":"tag-republique-francaise","22":"tag-strasbourg","23":"tag-strasbourg-ville"},"share_on_mastodon":{"url":"https:\/\/pubeurope.com\/@fr\/115651443736415620","error":""},"_links":{"self":[{"href":"https:\/\/www.europesays.com\/fr\/wp-json\/wp\/v2\/posts\/573708","targetHints":{"allow":["GET"]}}],"collection":[{"href":"https:\/\/www.europesays.com\/fr\/wp-json\/wp\/v2\/posts"}],"about":[{"href":"https:\/\/www.europesays.com\/fr\/wp-json\/wp\/v2\/types\/post"}],"author":[{"embeddable":true,"href":"https:\/\/www.europesays.com\/fr\/wp-json\/wp\/v2\/users\/2"}],"replies":[{"embeddable":true,"href":"https:\/\/www.europesays.com\/fr\/wp-json\/wp\/v2\/comments?post=573708"}],"version-history":[{"count":0,"href":"https:\/\/www.europesays.com\/fr\/wp-json\/wp\/v2\/posts\/573708\/revisions"}],"wp:featuredmedia":[{"embeddable":true,"href":"https:\/\/www.europesays.com\/fr\/wp-json\/wp\/v2\/media\/573709"}],"wp:attachment":[{"href":"https:\/\/www.europesays.com\/fr\/wp-json\/wp\/v2\/media?parent=573708"}],"wp:term":[{"taxonomy":"category","embeddable":true,"href":"https:\/\/www.europesays.com\/fr\/wp-json\/wp\/v2\/categories?post=573708"},{"taxonomy":"post_tag","embeddable":true,"href":"https:\/\/www.europesays.com\/fr\/wp-json\/wp\/v2\/tags?post=573708"}],"curies":[{"name":"wp","href":"https:\/\/api.w.org\/{rel}","templated":true}]}}