{"id":573710,"date":"2025-12-02T18:42:16","date_gmt":"2025-12-02T18:42:16","guid":{"rendered":"https:\/\/www.europesays.com\/fr\/573710\/"},"modified":"2025-12-02T18:42:16","modified_gmt":"2025-12-02T18:42:16","slug":"strasbourg-cinq-familles-a-la-rue-mises-a-labri-mais-des-dizaines-toujours-dehors","status":"publish","type":"post","link":"https:\/\/www.europesays.com\/fr\/573710\/","title":{"rendered":"Strasbourg. Cinq familles \u00e0 la rue mises \u00e0 l&rsquo;abri, mais des dizaines toujours dehors"},"content":{"rendered":"<p>\u00ab\u00a0Aujourd\u2019hui, nous avons pu mettre 11 enfants \u00e0 l\u2019abri\u00a0\u00bb, se sont r\u00e9jouis ce 28\u00a0novembre, dans des posts Facebook, l\u2019adjointe strasbourgeoise en charge de la lutte contre la pr\u00e9carit\u00e9, Floriane Varieras, et l\u2019association d\u2019aide aux sans-abri les Petites roues. Alors que les collectifs, associations et parents d\u2019\u00e9l\u00e8ves ne cessent de tirer la sonnette d\u2019alarme concernant le nombre de familles vivant et dormant dans la rue en cette p\u00e9riode hivernale, 18 personnes ont pu \u00eatre log\u00e9es. Parmi elles, une dizaine d\u2019enfants principalement \u00e2g\u00e9s de 5 \u00e0 8 ans et scolaris\u00e9s \u00e0 la Meinau, \u00e0 la Robertsau, \u00e0 la&#8230;<\/p>\n","protected":false},"excerpt":{"rendered":"\u00ab\u00a0Aujourd\u2019hui, nous avons pu mettre 11 enfants \u00e0 l\u2019abri\u00a0\u00bb, se sont r\u00e9jouis ce 28\u00a0novembre, dans des posts Facebook,&hellip;\n","protected":false},"author":2,"featured_media":573711,"comment_status":"","ping_status":"","sticky":false,"template":"","format":"standard","meta":{"footnotes":""},"categories":[2820],"tags":[1111,11,2880,1777,674,107,1011,27,775,1061,1908,12,25,104,640,2879],"class_list":{"0":"post-573710","1":"post","2":"type-post","3":"status-publish","4":"format-standard","5":"has-post-thumbnail","7":"category-strasbourg","8":"tag-actu","9":"tag-actualites","10":"tag-edition-strasbourg","11":"tag-eu","12":"tag-europe","13":"tag-fil-info","14":"tag-fr","15":"tag-france","16":"tag-grand-est","17":"tag-immigration","18":"tag-logement","19":"tag-news","20":"tag-republique-francaise","21":"tag-societe","22":"tag-strasbourg","23":"tag-strasbourg-ville"},"share_on_mastodon":{"url":"https:\/\/pubeurope.com\/@fr\/115651448053875009","error":""},"_links":{"self":[{"href":"https:\/\/www.europesays.com\/fr\/wp-json\/wp\/v2\/posts\/573710","targetHints":{"allow":["GET"]}}],"collection":[{"href":"https:\/\/www.europesays.com\/fr\/wp-json\/wp\/v2\/posts"}],"about":[{"href":"https:\/\/www.europesays.com\/fr\/wp-json\/wp\/v2\/types\/post"}],"author":[{"embeddable":true,"href":"https:\/\/www.europesays.com\/fr\/wp-json\/wp\/v2\/users\/2"}],"replies":[{"embeddable":true,"href":"https:\/\/www.europesays.com\/fr\/wp-json\/wp\/v2\/comments?post=573710"}],"version-history":[{"count":0,"href":"https:\/\/www.europesays.com\/fr\/wp-json\/wp\/v2\/posts\/573710\/revisions"}],"wp:featuredmedia":[{"embeddable":true,"href":"https:\/\/www.europesays.com\/fr\/wp-json\/wp\/v2\/media\/573711"}],"wp:attachment":[{"href":"https:\/\/www.europesays.com\/fr\/wp-json\/wp\/v2\/media?parent=573710"}],"wp:term":[{"taxonomy":"category","embeddable":true,"href":"https:\/\/www.europesays.com\/fr\/wp-json\/wp\/v2\/categories?post=573710"},{"taxonomy":"post_tag","embeddable":true,"href":"https:\/\/www.europesays.com\/fr\/wp-json\/wp\/v2\/tags?post=573710"}],"curies":[{"name":"wp","href":"https:\/\/api.w.org\/{rel}","templated":true}]}}