{"id":573712,"date":"2025-12-02T18:43:14","date_gmt":"2025-12-02T18:43:14","guid":{"rendered":"https:\/\/www.europesays.com\/fr\/573712\/"},"modified":"2025-12-02T18:43:14","modified_gmt":"2025-12-02T18:43:14","slug":"nice-simplifie-lacces-a-sa-police-municipale-avec-larrivee-du-numero-court","status":"publish","type":"post","link":"https:\/\/www.europesays.com\/fr\/573712\/","title":{"rendered":"Nice simplifie l\u2019acc\u00e8s \u00e0 sa police municipale avec l\u2019arriv\u00e9e du num\u00e9ro court (\u2026)"},"content":{"rendered":"<p>                    <img loading=\"lazy\" decoding=\"async\" src=\"https:\/\/www.europesays.com\/fr\/wp-content\/uploads\/2025\/12\/432ef41b704ed77bbb223811357f94.png\" class=\"img-responsive post-image\" width=\"680\" height=\"510\" alt=\"Nice simplifie l'acc\u00e8s \u00e0\" title=\"Nice simplifie l'acc\u00e8s \u00e0 sa police municipale avec l'arriv\u00e9e du num\u00e9ro court 3606\"\/><\/p>\n<p class=\"chapo\">La ville de Nice a officialis\u00e9, lundi 1er d\u00e9cembre, la mise en service d\u2019un nouveau num\u00e9ro court d\u00e9di\u00e9 \u00e0 la Police municipale. Conform\u00e9ment \u00e0 la d\u00e9lib\u00e9ration adopt\u00e9e par le Conseil municipal le 1er octobre, le 3606 remplace d\u00e9sormais l\u2019ancien 04.93.53.53.53.<\/p>\n<p>Depuis son entr\u00e9e en fonction, ce num\u00e9ro unique permet de joindre directement le standard de la Police municipale 24h\/24 et 7j\/7. Plus simple et plus facile \u00e0 m\u00e9moriser, il a vocation \u00e0 faciliter les d\u00e9marches des habitants et \u00e0 r\u00e9duire les d\u00e9lais de mise en relation avec les agents en cas d\u2019urgence ou de besoin.<\/p>\n<p>Ce nouvel outil compl\u00e8te le<a href=\"https:\/\/www.petitesaffiches.fr\/politique,104\/nice-lance-allopm-un-nouvel-espace,38861.html\" target=\"_blank\" rel=\"noopener\">dispositif \u00ab\u00a0AlloPM<\/a>\u00a0\u00bb, int\u00e9gr\u00e9 depuis le 20 novembre \u00e0 l\u2019application municipale \u00ab\u00a0AlloMairie\u00a0\u00bb, qui offre aux usagers la possibilit\u00e9 de signaler en temps r\u00e9el toute probl\u00e9matique li\u00e9e \u00e0 la s\u00e9curit\u00e9.<br class=\"texte\"\/><br \/>\nLa municipalit\u00e9 pr\u00e9sente ces deux mesures comme un renforcement concret du lien de proximit\u00e9 entre les Ni\u00e7ois et leurs services de s\u00e9curit\u00e9 du quotidien.<\/p>\n<blockquote class=\"twitter-tweet\">\n<p lang=\"fr\" dir=\"ltr\">D\u00e8s le 1er d\u00e9cembre, il sera plus simple de joindre la Police municipale.<br \/>Il faudra d\u00e9sormais composer le 3606 pour joindre nos \u00e9quipes. Un num\u00e9ro unique, plus simple et plus rapide, pour renforcer la r\u00e9activit\u00e9 de nos interventions. <a href=\"https:\/\/t.co\/yBizzMKNkj\">pic.twitter.com\/yBizzMKNkj<\/a><\/p>\n<p>\u2014 Christian Estrosi (@cestrosi) <a href=\"https:\/\/twitter.com\/cestrosi\/status\/1991583361987670423?ref_src=twsrc%5Etfw\" target=\"_blank\" rel=\"noopener\">November 20, 2025<\/a><\/p>\n<\/blockquote>\n<p>            <script async src=\"https:\/\/platform.twitter.com\/widgets.js\" charset=\"utf-8\"><\/script><\/p>\n","protected":false},"excerpt":{"rendered":"La ville de Nice a officialis\u00e9, lundi 1er d\u00e9cembre, la mise en service d\u2019un nouveau num\u00e9ro court d\u00e9di\u00e9&hellip;\n","protected":false},"author":2,"featured_media":573713,"comment_status":"","ping_status":"","sticky":false,"template":"","format":"standard","meta":{"footnotes":""},"categories":[2819],"tags":[1111,11,2408,1777,674,1011,27,12,2401,882,25],"class_list":{"0":"post-573712","1":"post","2":"type-post","3":"status-publish","4":"format-standard","5":"has-post-thumbnail","7":"category-nice","8":"tag-actu","9":"tag-actualites","10":"tag-appels-d","11":"tag-eu","12":"tag-europe","13":"tag-fr","14":"tag-france","15":"tag-news","16":"tag-nice","17":"tag-provence-alpes-cote-dazur","18":"tag-republique-francaise"},"share_on_mastodon":{"url":"https:\/\/pubeurope.com\/@fr\/115651452937027510","error":""},"_links":{"self":[{"href":"https:\/\/www.europesays.com\/fr\/wp-json\/wp\/v2\/posts\/573712","targetHints":{"allow":["GET"]}}],"collection":[{"href":"https:\/\/www.europesays.com\/fr\/wp-json\/wp\/v2\/posts"}],"about":[{"href":"https:\/\/www.europesays.com\/fr\/wp-json\/wp\/v2\/types\/post"}],"author":[{"embeddable":true,"href":"https:\/\/www.europesays.com\/fr\/wp-json\/wp\/v2\/users\/2"}],"replies":[{"embeddable":true,"href":"https:\/\/www.europesays.com\/fr\/wp-json\/wp\/v2\/comments?post=573712"}],"version-history":[{"count":0,"href":"https:\/\/www.europesays.com\/fr\/wp-json\/wp\/v2\/posts\/573712\/revisions"}],"wp:featuredmedia":[{"embeddable":true,"href":"https:\/\/www.europesays.com\/fr\/wp-json\/wp\/v2\/media\/573713"}],"wp:attachment":[{"href":"https:\/\/www.europesays.com\/fr\/wp-json\/wp\/v2\/media?parent=573712"}],"wp:term":[{"taxonomy":"category","embeddable":true,"href":"https:\/\/www.europesays.com\/fr\/wp-json\/wp\/v2\/categories?post=573712"},{"taxonomy":"post_tag","embeddable":true,"href":"https:\/\/www.europesays.com\/fr\/wp-json\/wp\/v2\/tags?post=573712"}],"curies":[{"name":"wp","href":"https:\/\/api.w.org\/{rel}","templated":true}]}}