{"id":573722,"date":"2025-12-02T18:49:12","date_gmt":"2025-12-02T18:49:12","guid":{"rendered":"https:\/\/www.europesays.com\/fr\/573722\/"},"modified":"2025-12-02T18:49:12","modified_gmt":"2025-12-02T18:49:12","slug":"surprise-des-municipales-a-bordeaux-philippe-dessertine-presente-les-grandes-lignes-de-son-programme","status":"publish","type":"post","link":"https:\/\/www.europesays.com\/fr\/573722\/","title":{"rendered":"Surprise des municipales \u00e0 Bordeaux, Philippe Dessertine pr\u00e9sente les grandes lignes de son programme"},"content":{"rendered":"<p>                    Par<br \/>\n        <strong><br \/>\n            <a href=\"https:\/\/actu.fr\/auteur\/juliette-cardinale\" title=\"Consulter tous les articles de Juliette Cardinale\" target=\"_blank\" rel=\"noopener\">Juliette Cardinale<\/a><br \/>\n                    <\/strong><\/p>\n<p>        Publi\u00e9 le<\/p>\n<p>            2 d\u00e9c. 2025 \u00e0 19h38        <\/p>\n<p>C\u2019est une des surprises de cette campagne municipale\u2009: l\u2019\u00e9conomiste Philippe Dessertine <a href=\"https:\/\/actu.fr\/nouvelle-aquitaine\/bordeaux_33063\/bordeaux-philippe-dessertine-veut-remplacer-pierre-hurmic-on-est-en-train-de-crever-d-un-manque-de-projet_63173241.html\" target=\"_blank\" rel=\"noopener\">s\u2019est lanc\u00e9 dans la course \u00e0 la mairie de Bordeaux<\/a> en septembre. Depuis, celui qui se revendique \u00eatre \u00ab\u2009un Bordelais parmi les Bordelais\u2009\u00bb et rejette les \u00e9tiquettes politiques multiplie les apparences en ville et les vid\u00e9os sur ses r\u00e9seaux de campagne. Jusqu\u2019\u00e0 <strong>obtenir plus de 10\u2009%<\/strong> d\u2019intentions de vote <a href=\"https:\/\/actu.fr\/nouvelle-aquitaine\/bordeaux_33063\/a-bordeaux-le-candidat-philippe-dessertine-denonce-le-sondage-d-un-opposant-il-manipule-l-information_63478803.html\" target=\"_blank\" rel=\"noopener\">selon un sondage command\u00e9 par Thomas Cazenave.<\/a> Et ce, alors qu\u2019il n\u2019avait pas encore d\u00e9voil\u00e9 de programme concret. Ce mardi 2\u00a0d\u00e9cembre 2025, il en a finalement <strong>esquiss\u00e9 les points forts <\/strong>\u2013 tout en promettant la totalit\u00e9 pour la fin du mois de janvier.<\/p>\n<p class=\" wall-content\">Le flyer distribu\u00e9 par l\u2019\u00e9quipe de Philippe Dessertine comprend huit pages. Il y dessine les grandes lignes de son projet pour partir \u00e0 <strong>\u00ab\u00a0la conqu\u00eate<\/strong> de la mairie de Bordeaux\u00a0\u00bb. Il d\u00e9fend une \u00ab\u00a0double ambition\u00a0\u00bb : celle de r\u00e9pondre aux pr\u00e9occupations des concitoyens<strong> sur \u00ab\u00a0la s\u00e9curit\u00e9\u00a0\u00bb<\/strong> (qu\u2019il pr\u00e9f\u00e8re appeler \u00ab\u00a0la protection) et de \u00ab\u00a0regarder le futur de Bordeaux\u00a0\u00bb.\u00a0<\/p>\n<p>Une \u00ab\u2009ville s\u00fbre\u2009\u00bb<\/p>\n<p class=\" wall-content\">Pour faire de Bordeaux \u00ab\u2009la ville la plus s\u00fbre de France\u2009\u00bb, le candidat veut mettre le paquet. Son ambition\u2009? Passer le budget de la s\u00e9curit\u00e9 <strong>de 16\u00a0millions \u00e0 80\u00a0millions.<\/strong> \u00ab\u2009On doit reconcentrer les finances sur les fonctions r\u00e9galiennes, et la s\u00e9curit\u00e9 c\u2019est la premi\u00e8re que nous allons avoir\u2009\u00bb.<\/p>\n<p class=\" wall-content\">Une enveloppe beaucoup plus cons\u00e9quente qui permettrait d\u2019accro\u00eetre le nombre de cam\u00e9ras de <strong>vid\u00e9osurveillance<\/strong> et de <strong>policiers<\/strong> dans les rues. Philippe Dessertine d\u00e9fend une \u00ab\u2009tol\u00e9rance z\u00e9ro pour tous les d\u00e9lits\u2009\u00bb mais aussi les salet\u00e9s.<\/p>\n<p class=\" wall-content\">Alors qu\u2019il fait de \u00ab\u2009l\u2019optimisme\u2009\u00bb le fil rouge de sa candidature, l\u2019\u00e9conomiste a soulign\u00e9 l\u2019arriv\u00e9e de <strong>trois guerres \u00e0 Bordeaux<\/strong>\u2009: contre le trafic de drogue, contre le d\u00e9r\u00e8glement climatique et le \u00ab\u2009risque de plus en plus proche d\u2019une guerre r\u00e9elle\u2009\u00bb. Cette derni\u00e8re engendre des soucis d\u2019ing\u00e9rence et de cybers\u00e9curit\u00e9, qu\u2019il faut \u00ab\u2009anticiper pour ne pas \u00eatre d\u00e9munis\u2009\u00bb.<\/p>\n<p>Une \u00ab\u2009perspective lointaine\u2009\u00bb<\/p>\n<p class=\" wall-content\">La question \u00e9cologique tombe plut\u00f4t sous le coup de la vision du Bordeaux dans le futur. Philippe Dessertine \u00e9voque des besoins de planter des arbres dans un sol \u00ab\u2009de qualit\u00e9\u2009\u00bb et de faire de Bordeaux <strong>la \u00ab\u2009ville de l\u2019eau\u2009\u00bb.<\/strong> Il pointe du doigt le probl\u00e8me du gaspillage li\u00e9 aux fuites sur le r\u00e9seau. Parmi ses id\u00e9es, il \u00e9voque la possibilit\u00e9 de \u00ab\u2009r\u00e9cup\u00e9rer l\u2019eau qui coule dans les parkings souterrains\u2009\u00bb au lieu de la rejeter simplement dans le fleuve.<\/p>\n<p class=\" wall-content\">En lan\u00e7ant un \u00ab\u2009\u00e9lan nouveau\u2009\u00bb, il veut \u00ab\u2009faire de Bordeaux une ville pilote\u2009\u00bb. \u00c0 commencer par Bordeaux Nord, au c\u0153ur de l\u2019innovation. Gr\u00e2ce au projet de <strong>grand Data Center<\/strong> (actuellement \u00e9tudi\u00e9 par les pouvoirs publics), il imagine attirer des entreprises et industries \u00e0 la pointe des technologies (ordinateur quantique, math\u00e9matiques, intelligence artificielle\u2026). Pour l\u2019\u00e9conomiste, l\u2019IA est \u00ab\u2009la r\u00e9volution la plus importante de ces derniers si\u00e8cles\u2009\u00bb, et Bordeaux \u00ab\u2009peut se positionner\u2009\u00bb pour devenir une ville phare.<\/p>\n<p>Votre r\u00e9gion, votre actu !<\/p>\n<p>Recevez chaque jour les infos qui comptent pour vous.<\/p>\n<p>\t<a href=\"https:\/\/actu.fr\/newsletter\" class=\"ac-btn ac-btn--corner ac-btn--medium ac-btn--blue800\" target=\"_blank\" rel=\"noopener\">S&rsquo;incrire<\/a><\/p>\n<p class=\" wall-content\">Dans la m\u00eame lign\u00e9e, le professeur veut se \u00ab\u2009tourner vers la jeunesse\u2009\u00bb en d\u00e9veloppant les cr\u00e8ches, les <strong>logements pour les \u00e9tudiants<\/strong> et des emplois pour leur donner envie de rester.<\/p>\n<p class=\" wall-content\">Un peu plus au nord, le grand stade de la m\u00e9tropole est \u00ab\u2009orphelin\u2009\u00bb d\u00e9plore le candidat. Il voudrait voir appara\u00eetre un \u00ab\u2009grand centre sportif\u2009\u00bb tout autour pour\u00a0<strong>relancer les Girondins de Bordeaux,<\/strong> mais aussi d\u00e9velopper le hockey, le tennis, le basket\u2026 L\u00e0 aussi, l\u2019aspect de la recherche appliqu\u00e9e au sport revient dans son discours.<\/p>\n<p class=\" wall-content\">Toutes ces industries attireraient plus de monde et poseraient des questions de mobilit\u00e9s, d\u00e9j\u00e0 d\u00e9battues dans la ville et alentour. Celui qui s\u2019imagine d\u00e9j\u00e0 <strong>pr\u00e9sident de la M\u00e9tropol,<\/strong> rejette \u00ab\u2009le grand contournement et la <a href=\"https:\/\/actu.fr\/nouvelle-aquitaine\/bordeaux_33063\/s-il-est-elu-maire-de-bordeaux-thomas-cazenave-promet-une-nouvelle-passerelle-au-dessus-de-la-garonne_63436750.html\" target=\"_blank\" rel=\"noopener\">passerelle sur la Garonne<\/a>\u2009\u00bb. Des projets \u00ab\u2009insens\u00e9s\u2009\u00bb en termes d\u2019investissements demand\u00e9s.<\/p>\n<p class=\" wall-content\">Partisan d\u2019une \u00ab\u2009mobilit\u00e9 efficace\u2009\u00bb et de \u00ab\u2009reprendre enti\u00e8rement le plan <a href=\"https:\/\/actu.fr\/tag\/circulation\" target=\"_blank\" rel=\"noopener\">de circulation\u2009\u00bb,<\/a> Philippe Dessertine veut soutenir la <strong>r\u00e9novation du r\u00e9seau actuel,<\/strong> d\u00e9velopper les transports sur la Garonne et s\u00e9curiser les cyclistes car \u00ab\u2009les mobilit\u00e9s douces sont l\u2019avenir\u2009\u00bb. Il regarde aussi \u00e0 La\u00a0Rochelle ou \u00e0 San Francisco pour \u00e9voquer la possibilit\u00e9 de taxis ou navettes sans chauffeurs et l\u2019utilisation de l\u2019IA pour la r\u00e9gularisation des feux.<\/p>\n<p>Comment financer ces grandes ambitions\u2009?<\/p>\n<p class=\" wall-content\">Toutes ces id\u00e9es n\u00e9cessitent <strong>d\u2019importants financements<\/strong>. Philippe Dessertine n\u2019h\u00e9site pas \u00e0 r\u00e9p\u00e9ter qu\u2019il est expert en \u00e9conomie et a beaucoup travaill\u00e9 ses sujets. En premier lieu, surtout dans un contexte de contraintes li\u00e9es aux diff\u00e9rentes dettes (D\u00e9partement, M\u00e9tropole, Ville\u2026), le candidat veut \u00ab\u2009rationaliser les d\u00e9penses\u2009\u00bb.<\/p>\n<p class=\" wall-content\">D\u2019apr\u00e8s lui, il y a \u00ab\u2009des millions \u00e0 trouver\u2009\u00bb et il s\u2019attellera \u00e0 <strong>\u00ab\u2009remettre de l\u2019ordre dans les finances publiques<\/strong> d\u00e8s le 16\u00a0mars\u2009\u00bb (car il envisage \u00eatre \u00e9lu d\u00e8s le premier tour le 15\u00a0mars prochain). Il souligne l\u2019importance de \u00ab\u2009s\u2019appuyer sur les agents car le probl\u00e8me vient des politiques\u2009\u00bb. Pour le reste, l\u2019\u00e9conomiste affirme aussi aller trouver des investissements ailleurs, en attirant des entreprises \u2013 et surtout des Fran\u00e7aises.<\/p>\n<p class=\" wall-content\">Personnalisez votre actualit\u00e9 en ajoutant vos villes et m\u00e9dias en favori avec <a href=\"https:\/\/moncompte.actu.fr\" title=\"D\u00e9couvez Mon Actu\" rel=\"nofollow noopener\" data-trk=\"{&quot;cta&quot;:{&quot;action&quot;:&quot;https:\\\/\\\/moncompte.actu.fr&quot;,&quot;category&quot;:&quot;mon compte&quot;,&quot;from&quot;:&quot;article footer&quot;,&quot;name&quot;:&quot;Mon actu&quot;,&quot;type&quot;:&quot;cta&quot;}}\" target=\"_blank\">Mon Actu<\/a>.<\/p>\n","protected":false},"excerpt":{"rendered":"Par Juliette Cardinale Publi\u00e9 le 2 d\u00e9c. 2025 \u00e0 19h38 C\u2019est une des surprises de cette campagne municipale\u2009:&hellip;\n","protected":false},"author":2,"featured_media":573723,"comment_status":"","ping_status":"","sticky":false,"template":"","format":"standard","meta":{"footnotes":""},"categories":[2817],"tags":[1111,11,1997,4188,1777,674,1011,27,3434,12,2219,4860,316,25],"class_list":{"0":"post-573722","1":"post","2":"type-post","3":"status-publish","4":"format-standard","5":"has-post-thumbnail","7":"category-bordeaux","8":"tag-actu","9":"tag-actualites","10":"tag-bordeaux","11":"tag-elections-municipales","12":"tag-eu","13":"tag-europe","14":"tag-fr","15":"tag-france","16":"tag-municipales-2026","17":"tag-news","18":"tag-nouvelle-aquitaine","19":"tag-pierre-hurmic","20":"tag-politique","21":"tag-republique-francaise"},"share_on_mastodon":{"url":"https:\/\/pubeurope.com\/@fr\/115651475448188225","error":""},"_links":{"self":[{"href":"https:\/\/www.europesays.com\/fr\/wp-json\/wp\/v2\/posts\/573722","targetHints":{"allow":["GET"]}}],"collection":[{"href":"https:\/\/www.europesays.com\/fr\/wp-json\/wp\/v2\/posts"}],"about":[{"href":"https:\/\/www.europesays.com\/fr\/wp-json\/wp\/v2\/types\/post"}],"author":[{"embeddable":true,"href":"https:\/\/www.europesays.com\/fr\/wp-json\/wp\/v2\/users\/2"}],"replies":[{"embeddable":true,"href":"https:\/\/www.europesays.com\/fr\/wp-json\/wp\/v2\/comments?post=573722"}],"version-history":[{"count":0,"href":"https:\/\/www.europesays.com\/fr\/wp-json\/wp\/v2\/posts\/573722\/revisions"}],"wp:featuredmedia":[{"embeddable":true,"href":"https:\/\/www.europesays.com\/fr\/wp-json\/wp\/v2\/media\/573723"}],"wp:attachment":[{"href":"https:\/\/www.europesays.com\/fr\/wp-json\/wp\/v2\/media?parent=573722"}],"wp:term":[{"taxonomy":"category","embeddable":true,"href":"https:\/\/www.europesays.com\/fr\/wp-json\/wp\/v2\/categories?post=573722"},{"taxonomy":"post_tag","embeddable":true,"href":"https:\/\/www.europesays.com\/fr\/wp-json\/wp\/v2\/tags?post=573722"}],"curies":[{"name":"wp","href":"https:\/\/api.w.org\/{rel}","templated":true}]}}