{"id":573728,"date":"2025-12-02T18:52:15","date_gmt":"2025-12-02T18:52:15","guid":{"rendered":"https:\/\/www.europesays.com\/fr\/573728\/"},"modified":"2025-12-02T18:52:15","modified_gmt":"2025-12-02T18:52:15","slug":"sur-le-point-detre-interpelle-un-homme-chute-mortellement-dun-immeuble-a-lille","status":"publish","type":"post","link":"https:\/\/www.europesays.com\/fr\/573728\/","title":{"rendered":"Sur le point d&rsquo;\u00eatre interpell\u00e9, un homme chute mortellement d&rsquo;un immeuble \u00e0 Lille"},"content":{"rendered":"<p>                    Par<br \/>\n        <strong><br \/>\n            <a href=\"https:\/\/actu.fr\/auteur\/redaction-lille\" title=\"Consulter tous les articles de R\u00e9daction Lille\" target=\"_blank\" rel=\"noopener\">R\u00e9daction Lille<\/a><br \/>\n                    <\/strong><\/p>\n<p>        Publi\u00e9 le<\/p>\n<p>            2 d\u00e9c. 2025 \u00e0 19h17        <\/p>\n<p>Un <b>homme de 29 ans <\/b>a <b>mortellement chut\u00e9 d\u2019une tour <\/b>d\u2019immeuble<b> lundi 1er d\u00e9cembre<\/b> <b>2025<\/b> \u00e0 <a href=\"https:\/\/actu.fr\/lille\/\" target=\"_blank\" rel=\"noopener\">Lille<\/a> (Nord), alors qu\u2019il \u00e9tait <b>sur le point d\u2019\u00eatre interpell\u00e9<\/b> dans le cadre d\u2019une <b>enqu\u00eate pour s\u00e9questration et violences <\/b>dans le cercle intrafamilial, a expliqu\u00e9 mardi 2 d\u00e9cembre 2025 le parquet.<\/p>\n<p>Tomb\u00e9 du 8e \u00e9tage, apr\u00e8s avoir enjamb\u00e9 sa fen\u00eatre<\/p>\n<p class=\" wall-content\">Le suspect \u00e9tait \u00ab\u00a0dans sa chambre\u00a0\u00bb au domicile de ses parents et \u00ab\u00a0a enjamb\u00e9 la fen\u00eatre au moment o\u00f9 les enqu\u00eateurs se sont pr\u00e9sent\u00e9s\u00a0\u00bb dans la pi\u00e8ce, selon le parquet de Lille.<\/p>\n<p class=\" wall-content\">Il est tomb\u00e9 du 8e \u00e9tage de l\u2019immeuble, a pr\u00e9cis\u00e9 \u00e0 l\u2019AFP une source proche du dossier.<\/p>\n<p class=\" wall-content\">Les policiers avaient pr\u00e9alablement interpell\u00e9 deux autres personnes dans le cadre de la m\u00eame enqu\u00eate, sur une autre commune.<\/p>\n<p class=\" wall-content\">Une enqu\u00eate pour recherche des causes de la mort a \u00e9t\u00e9 ouverte, a ajout\u00e9 le parquet de Lille.<\/p>\n<p class=\" wall-content\">\u00a9 Source : <a href=\"https:\/\/www.afp.com\/fr\" target=\"_blank\" rel=\"noopener\">AFP<\/a><\/p>\n<p class=\" wall-content\">Personnalisez votre actualit\u00e9 en ajoutant vos villes et m\u00e9dias en favori avec <a href=\"https:\/\/moncompte.actu.fr\" title=\"D\u00e9couvez Mon Actu\" rel=\"nofollow noopener\" data-trk=\"{&quot;cta&quot;:{&quot;action&quot;:&quot;https:\\\/\\\/moncompte.actu.fr&quot;,&quot;category&quot;:&quot;mon compte&quot;,&quot;from&quot;:&quot;article footer&quot;,&quot;name&quot;:&quot;Mon actu&quot;,&quot;type&quot;:&quot;cta&quot;}}\" target=\"_blank\">Mon Actu<\/a>.<\/p>\n","protected":false},"excerpt":{"rendered":"Par R\u00e9daction Lille Publi\u00e9 le 2 d\u00e9c. 2025 \u00e0 19h17 Un homme de 29 ans a mortellement chut\u00e9&hellip;\n","protected":false},"author":2,"featured_media":573729,"comment_status":"","ping_status":"","sticky":false,"template":"","format":"standard","meta":{"footnotes":""},"categories":[2815],"tags":[1111,11,1777,674,118,1011,27,811,1307,12,25],"class_list":{"0":"post-573728","1":"post","2":"type-post","3":"status-publish","4":"format-standard","5":"has-post-thumbnail","7":"category-lille","8":"tag-actu","9":"tag-actualites","10":"tag-eu","11":"tag-europe","12":"tag-faits-divers","13":"tag-fr","14":"tag-france","15":"tag-hauts-de-france","16":"tag-lille","17":"tag-news","18":"tag-republique-francaise"},"share_on_mastodon":{"url":"https:\/\/pubeurope.com\/@fr\/115651487018190195","error":""},"_links":{"self":[{"href":"https:\/\/www.europesays.com\/fr\/wp-json\/wp\/v2\/posts\/573728","targetHints":{"allow":["GET"]}}],"collection":[{"href":"https:\/\/www.europesays.com\/fr\/wp-json\/wp\/v2\/posts"}],"about":[{"href":"https:\/\/www.europesays.com\/fr\/wp-json\/wp\/v2\/types\/post"}],"author":[{"embeddable":true,"href":"https:\/\/www.europesays.com\/fr\/wp-json\/wp\/v2\/users\/2"}],"replies":[{"embeddable":true,"href":"https:\/\/www.europesays.com\/fr\/wp-json\/wp\/v2\/comments?post=573728"}],"version-history":[{"count":0,"href":"https:\/\/www.europesays.com\/fr\/wp-json\/wp\/v2\/posts\/573728\/revisions"}],"wp:featuredmedia":[{"embeddable":true,"href":"https:\/\/www.europesays.com\/fr\/wp-json\/wp\/v2\/media\/573729"}],"wp:attachment":[{"href":"https:\/\/www.europesays.com\/fr\/wp-json\/wp\/v2\/media?parent=573728"}],"wp:term":[{"taxonomy":"category","embeddable":true,"href":"https:\/\/www.europesays.com\/fr\/wp-json\/wp\/v2\/categories?post=573728"},{"taxonomy":"post_tag","embeddable":true,"href":"https:\/\/www.europesays.com\/fr\/wp-json\/wp\/v2\/tags?post=573728"}],"curies":[{"name":"wp","href":"https:\/\/api.w.org\/{rel}","templated":true}]}}