{"id":573730,"date":"2025-12-02T18:53:12","date_gmt":"2025-12-02T18:53:12","guid":{"rendered":"https:\/\/www.europesays.com\/fr\/573730\/"},"modified":"2025-12-02T18:53:12","modified_gmt":"2025-12-02T18:53:12","slug":"sur-le-point-detre-interpelle-un-homme-chute-dun-immeuble-et-se-tue","status":"publish","type":"post","link":"https:\/\/www.europesays.com\/fr\/573730\/","title":{"rendered":"Sur le point d\u2019\u00eatre interpell\u00e9, un homme chute d\u2019un immeuble et se tue"},"content":{"rendered":"<p>Un homme de 29 ans est mort lundi 1er\u00a0d\u00e9cembre \u00e0 <a href=\"https:\/\/www.20minutes.fr\/lille\/\" class=\"c-link c-link--is-underlined\" target=\"_blank\" rel=\"noopener\">Lille<\/a> apr\u00e8s avoir <a href=\"https:\/\/www.20minutes.fr\/faits_divers\/faits-divers-rennes\/4101741-20240717-rennes-defenestration-couple-requalifiee-homicide-conjoint\" class=\"c-link c-link--is-underlined\" target=\"_blank\" rel=\"noopener\">chut\u00e9 du 8e \u00e9tage d\u2019une tour d\u2019habitation<\/a> alors que des enqu\u00eateurs venaient l\u2019interpeller dans une affaire de s\u00e9questration et de violences intrafamiliales, a indiqu\u00e9 mardi le parquet.<\/p>\n<p>Les policiers intervenaient au domicile parental du suspect, alors que celui-ci se trouvait \u00ab\u00a0dans sa chambre\u00a0\u00bb. Selon le parquet de Lille, il \u00ab\u00a0a enjamb\u00e9 la fen\u00eatre au moment o\u00f9 les enqu\u00eateurs se sont pr\u00e9sent\u00e9s\u00a0\u00bb dans la pi\u00e8ce.<\/p>\n<\/p>\n<p>Violences au sein du cercle familial<\/p>\n<p>Avant d\u2019arriver sur place, les enqu\u00eateurs avaient d\u00e9j\u00e0 proc\u00e9d\u00e9 \u00e0 deux interpellations li\u00e9es \u00e0 la m\u00eame affaire dans une autre commune, dans le cadre de cette enqu\u00eate portant sur des violences au sein du cercle familial.<\/p>\n<p>Le parquet de Lille a ouvert une enqu\u00eate pour recherche des causes de la mort, destin\u00e9e \u00e0 \u00e9claircir les circonstances exactes de ce drame.<\/p>\n","protected":false},"excerpt":{"rendered":"Un homme de 29 ans est mort lundi 1er\u00a0d\u00e9cembre \u00e0 Lille apr\u00e8s avoir chut\u00e9 du 8e \u00e9tage d\u2019une&hellip;\n","protected":false},"author":2,"featured_media":573731,"comment_status":"","ping_status":"","sticky":false,"template":"","format":"standard","meta":{"footnotes":""},"categories":[2815],"tags":[1111,47,11,1777,674,118,1011,27,811,1307,12,1308,1309,15860,25],"class_list":{"0":"post-573730","1":"post","2":"type-post","3":"status-publish","4":"format-standard","5":"has-post-thumbnail","7":"category-lille","8":"tag-actu","9":"tag-actualite","10":"tag-actualites","11":"tag-eu","12":"tag-europe","13":"tag-faits-divers","14":"tag-fr","15":"tag-france","16":"tag-hauts-de-france","17":"tag-lille","18":"tag-news","19":"tag-nord","20":"tag-nord-pas-de-calais","21":"tag-parquet","22":"tag-republique-francaise"},"share_on_mastodon":{"url":"https:\/\/pubeurope.com\/@fr\/115651491221430152","error":""},"_links":{"self":[{"href":"https:\/\/www.europesays.com\/fr\/wp-json\/wp\/v2\/posts\/573730","targetHints":{"allow":["GET"]}}],"collection":[{"href":"https:\/\/www.europesays.com\/fr\/wp-json\/wp\/v2\/posts"}],"about":[{"href":"https:\/\/www.europesays.com\/fr\/wp-json\/wp\/v2\/types\/post"}],"author":[{"embeddable":true,"href":"https:\/\/www.europesays.com\/fr\/wp-json\/wp\/v2\/users\/2"}],"replies":[{"embeddable":true,"href":"https:\/\/www.europesays.com\/fr\/wp-json\/wp\/v2\/comments?post=573730"}],"version-history":[{"count":0,"href":"https:\/\/www.europesays.com\/fr\/wp-json\/wp\/v2\/posts\/573730\/revisions"}],"wp:featuredmedia":[{"embeddable":true,"href":"https:\/\/www.europesays.com\/fr\/wp-json\/wp\/v2\/media\/573731"}],"wp:attachment":[{"href":"https:\/\/www.europesays.com\/fr\/wp-json\/wp\/v2\/media?parent=573730"}],"wp:term":[{"taxonomy":"category","embeddable":true,"href":"https:\/\/www.europesays.com\/fr\/wp-json\/wp\/v2\/categories?post=573730"},{"taxonomy":"post_tag","embeddable":true,"href":"https:\/\/www.europesays.com\/fr\/wp-json\/wp\/v2\/tags?post=573730"}],"curies":[{"name":"wp","href":"https:\/\/api.w.org\/{rel}","templated":true}]}}