{"id":573732,"date":"2025-12-02T18:54:12","date_gmt":"2025-12-02T18:54:12","guid":{"rendered":"https:\/\/www.europesays.com\/fr\/573732\/"},"modified":"2025-12-02T18:54:12","modified_gmt":"2025-12-02T18:54:12","slug":"la-galerie-faces-a-endoume-devient-un-haut-lieu-de-la-photographie-internationale","status":"publish","type":"post","link":"https:\/\/www.europesays.com\/fr\/573732\/","title":{"rendered":"La galerie Faces \u00e0 Endoume devient un haut lieu de la photographie internationale"},"content":{"rendered":"<p>On conna\u00eet bien WeTransfer, la plateforme qui permet d\u2019\u00e9changer des fichiers, on conna\u00eet moins WePresent. Pourtant, \u00e0 chaque fois que vous vous rendez sur WeTransfer, vous pouvez admirer de belles photos en fond d\u2019\u00e9cran. Ces photos sont des \u0153uvres d\u2019artistes s\u00e9lectionn\u00e9s par WePresent, la branche artistique de WeTransfer. De ces simples mises en avant, la plateforme, cr\u00e9\u00e9e en\u00a02018, est pass\u00e9e \u00e0 une vraie production artistique avec la curation de milliers d\u2019artistes de plus de 100 pays.<\/p>\n<p>On peut voir leurs cr\u00e9ations sur le site digital de WePresent ou lors d\u2019expositions \u00e9ph\u00e9m\u00e8res dans diff\u00e9rents lieux, surtout aux \u00c9tats-Unis et au Royaume-Uni. En France, le ph\u00e9nom\u00e8ne n\u2019avait pas encore eu lieu. C\u2019est chose faite \u00e0 Marseille. Pour la premi\u00e8re fois, la plateforme s\u2019installe dans une galerie. Et cette galerie, c\u2019est Faces \u00e0 Endoume.<\/p>\n<p>\u00ab\u00a0Un immeuble d\u00e9di\u00e9 \u00e0 la photo\u00a0\u00bb<\/p>\n<p>Depuis mars\u00a02024, Faces propose un espace hybride, avec un caf\u00e9 convivial au c\u0153ur de la vie du quartier, et un shop o\u00f9 l\u2019on peut se procurer des tirages photos <a href=\"https:\/\/www.laprovence.com\/article\/sortie-loisirs\/4513927526687714\/noel-concert-vin-livre-nos-idees-cadeaux-de-derniere-minute-made-in-provence\" target=\"_blank\" rel=\"noopener\">d\u2019artistes marseillais \u00e9mergents \u00e0 petits prix<\/a>. Mais surtout sur ses murs, des expositions de photographes locaux et nationaux. La derni\u00e8re en date et toujours en cours, <a href=\"https:\/\/www.laprovence.com\/article\/culture-loisirs\/16287181056596\/des-expos-photos-dans-les-galeries-de-nos-quartiers-de-marseille\" target=\"_blank\" rel=\"noopener\">celle de Guillaume Blot, avec son road trip \u00e0 la rencontre des Rades et des Restos Routiers\u00a0de l\u2019Hexagone<\/a>.<\/p>\n<p>D\u00e9sormais son ambition est de s\u2019ouvrir \u00e0 l\u2019international avec un nouvel espace au 1er \u00e9tage qui accueille, depuis le 28\u00a0novembre, l\u2019expo du photographe belge et marocain Mous Lamrabat, en collaboration, donc, avec WePresent. L\u2019artiste avait d\u00e9j\u00e0 \u00e9t\u00e9 pr\u00e9sent\u00e9 \u00e0 Londres, pendant trois jours, avant d\u2019arriver dans ce beau lieu avec vue sur mer pour rester jusqu\u2019au 18\u00a0janvier\u00a02026. Ce photographe qui vient de l\u2019univers de la mode, pr\u00e9sente ici Moustalgia. Des photos tr\u00e8s pop et hip-hop inspir\u00e9es de la culture des ann\u00e9es\u00a090 mix\u00e9e aux paysages de Dakar ou du Qatar, pour cr\u00e9er un univers d\u00e9cal\u00e9. \u00ab\u00a0Cette po\u00e9sie brute qui vient de la rue, cet esprit plut\u00f4t urbain, correspond tout \u00e0 fait \u00e0 l\u2019univers de Faces\u00a0\u00bb, commente David A\u00eft-Ali, co-fondateur de la galerie. Sa connexion avec les \u00e9quipes de WePresent aux Rencontres d\u2019Arles l\u2019an dernier a fait mouche avec ses projets et \u00ab\u00a0la vibe de Marseille\u00a0\u00bb a fini de s\u00e9duire. Six expositions sont donc pr\u00e9vues en\u00a02026 au 1er \u00e9tage, avec des artistes pioch\u00e9s dans le vivier des centaines de photographes internationaux de WePresent. Tandis que David pense d\u00e9j\u00e0 \u00e0 la suite\u00a0: faire \u00ab\u00a0un immeuble d\u00e9di\u00e9 \u00e0 la photo\u00a0\u00bb.<\/p>\n<p>Courant 2026, le 2e \u00e9tage proposera en effet un autre espace d\u2019exposition avec un style diff\u00e9rent. Tandis que le rooftop, dont l\u2019acc\u00e8s est r\u00e9serv\u00e9 aux membres du Faces Club (45\u20ac l\u2019ann\u00e9e) &#8211; ou aux participants des cours de yoga organis\u00e9s r\u00e9guli\u00e8rement &#8211; offre une vue photographique sur Marseille, sans filtre.<\/p>\n<p>\u00ab\u00a0Moustalgia\u00a0\u00bb de Mous Lamrabat au 1er \u00e9tage jusqu\u2019au 18\u00a0janvier\u00a02026.&#13;<br \/>\n\u00ab\u00a0Rades\u00a0\u00bb et \u00ab\u00a0Restos Routiers\u00a0\u00bb de Guillaume Blot jusqu\u2019au 31\u00a0janvier\u00a02026.&#13;<br \/>\n232 rue d\u2019Endoume (7e). Entr\u00e9e libre.<\/p>\n","protected":false},"excerpt":{"rendered":"On conna\u00eet bien WeTransfer, la plateforme qui permet d\u2019\u00e9changer des fichiers, on conna\u00eet moins WePresent. Pourtant, \u00e0 chaque&hellip;\n","protected":false},"author":2,"featured_media":573733,"comment_status":"","ping_status":"","sticky":false,"template":"","format":"standard","meta":{"footnotes":""},"categories":[2814],"tags":[17,1111,11,251,6475,31768,1777,674,68806,1011,27,10486,10771,11989,884,12,882,25],"class_list":{"0":"post-573732","1":"post","2":"type-post","3":"status-publish","4":"format-standard","5":"has-post-thumbnail","7":"category-marseille","8":"tag-17","9":"tag-actu","10":"tag-actualites","11":"tag-culture","12":"tag-devient","13":"tag-endoume","14":"tag-eu","15":"tag-europe","16":"tag-faces","17":"tag-fr","18":"tag-france","19":"tag-galerie","20":"tag-haut","21":"tag-marseillaise","22":"tag-marseille","23":"tag-news","24":"tag-provence-alpes-cote-dazur","25":"tag-republique-francaise"},"share_on_mastodon":{"url":"https:\/\/pubeurope.com\/@fr\/115651494954851828","error":""},"_links":{"self":[{"href":"https:\/\/www.europesays.com\/fr\/wp-json\/wp\/v2\/posts\/573732","targetHints":{"allow":["GET"]}}],"collection":[{"href":"https:\/\/www.europesays.com\/fr\/wp-json\/wp\/v2\/posts"}],"about":[{"href":"https:\/\/www.europesays.com\/fr\/wp-json\/wp\/v2\/types\/post"}],"author":[{"embeddable":true,"href":"https:\/\/www.europesays.com\/fr\/wp-json\/wp\/v2\/users\/2"}],"replies":[{"embeddable":true,"href":"https:\/\/www.europesays.com\/fr\/wp-json\/wp\/v2\/comments?post=573732"}],"version-history":[{"count":0,"href":"https:\/\/www.europesays.com\/fr\/wp-json\/wp\/v2\/posts\/573732\/revisions"}],"wp:featuredmedia":[{"embeddable":true,"href":"https:\/\/www.europesays.com\/fr\/wp-json\/wp\/v2\/media\/573733"}],"wp:attachment":[{"href":"https:\/\/www.europesays.com\/fr\/wp-json\/wp\/v2\/media?parent=573732"}],"wp:term":[{"taxonomy":"category","embeddable":true,"href":"https:\/\/www.europesays.com\/fr\/wp-json\/wp\/v2\/categories?post=573732"},{"taxonomy":"post_tag","embeddable":true,"href":"https:\/\/www.europesays.com\/fr\/wp-json\/wp\/v2\/tags?post=573732"}],"curies":[{"name":"wp","href":"https:\/\/api.w.org\/{rel}","templated":true}]}}