{"id":573734,"date":"2025-12-02T18:55:13","date_gmt":"2025-12-02T18:55:13","guid":{"rendered":"https:\/\/www.europesays.com\/fr\/573734\/"},"modified":"2025-12-02T18:55:13","modified_gmt":"2025-12-02T18:55:13","slug":"arrets-maladie-a-marseille-des-ouvriers-du-btp-reagissent-au-durcissement-annonce","status":"publish","type":"post","link":"https:\/\/www.europesays.com\/fr\/573734\/","title":{"rendered":"Arr\u00eats maladie\u00a0: \u00e0 Marseille, des ouvriers du BTP r\u00e9agissent au durcissement annonc\u00e9"},"content":{"rendered":"<p>\u00c0 Marseille, la r\u00e9forme des arr\u00eats maladie pr\u00e9vue dans le budget de la s\u00e9curit\u00e9 sociale suscite de vives r\u00e9actions \u00e0 la sortie de la m\u00e9decine du travail. Alors qu&rsquo;une majorit\u00e9 veut limiter la dur\u00e9e premier arr\u00eat, des ouvriers du BTP t\u00e9moignent, entre blessures s\u00e9rieuses et d\u00e9nonciation d\u2019abus.<\/p>\n<p>Les d\u00e9bats sur les arr\u00eats maladie reprennent ce mardi \u00e0 l\u2019Assembl\u00e9e nationale, dans le cadre de <strong>l\u2019examen du budget de la S\u00e9curit\u00e9 sociale<\/strong>. Un contexte marqu\u00e9 par une hausse importante des fraudes\u00a0:\u00a0<a target=\"_blank\" rel=\"nofollow noopener noreferrer\" class=\"IciLink ici-link IciArticleLink g-ici-body-regular-1 underline brand svelte-1chfe2s\" href=\"https:\/\/entreprendre.service-public.gouv.fr\/actualites\/A17772\">30 millions d\u2019euros ont \u00e9t\u00e9 recens\u00e9s en 2024<\/a>, contre 8 millions deux ans plus t\u00f4t. Le gouvernement assure vouloir renforcer les contr\u00f4les et encadrer plus strictement la dur\u00e9e des premiers arr\u00eats.<\/p>\n<p>Les <strong>m\u00e9decins g\u00e9n\u00e9ralistes sont en gr\u00e8ve<\/strong> ce mercredi 3 d\u00e9cembre, notamment pour d\u00e9noncer ce durcissement des contr\u00f4les.<\/p>\n<p>Dans le BTP, les blessures sont s\u00e9rieuses<\/p>\n<p>Devant la m\u00e9decine du travail du BTP \u00e0 Marseille, dans le quartier du Canet (14e), ces mesures interrogent directement les travailleurs. Beaucoup font face \u00e0 des accidents lourds, aux cons\u00e9quences longues. Justin, par exemple, a \u00e9t\u00e9 arr\u00eat\u00e9 trois mois apr\u00e8s une fracture de la m\u00e2choire. Pour lui, limiter <strong>un premier arr\u00eat \u00e0 deux semaines<\/strong> est irr\u00e9aliste au vu de la gravit\u00e9 des blessures fr\u00e9quentes dans le BTP, il raconte qu&rsquo;il ne pouvait \u00ab\u00a0ni manger ni parler au d\u00e9but de [mon arr\u00eat], alors aller renouveler au bout de deux semaines, c&rsquo;est tr\u00e8s dur\u00a0\u00bb.<\/p>\n<p>\u00ab\u00a0Il faut que la France tourne, si tout le monde essaie de profiter du syst\u00e8me \u00e7a ne marche pas\u00a0\u00bb<\/p>\n<p>Khalid, qui sort de la m\u00e9decine du travail apr\u00e8s avoir enfin retir\u00e9 son attelle, travaille dans le d\u00e9samiantage. Il comprend que <strong>les r\u00e8gles se durcissent<\/strong> \u00ab\u00a0J&rsquo;en connais qui abusent et qui en profitent. Mais moi j&rsquo;ai arr\u00eat\u00e9 un mois pour ma cheville et j&rsquo;ai repris tout de suite\u00a0\u00bb raconte le trentenaire.<\/p>\n<p>Alberto, ma\u00e7on victime d\u2019<strong>une fracture du coude<\/strong>, a lui aussi \u00e9t\u00e9 arr\u00eat\u00e9 plusieurs mois. Il voit d\u2019un bon \u0153il le renforcement des contr\u00f4les, convaincu que cela contribuerait \u00e0 mieux distinguer les arr\u00eats r\u00e9ellement justifi\u00e9s des autres, \u00ab\u00a0il faut que la France tourne, parce que si tout le monde essaie de profiter du syst\u00e8me \u00e7a ne peut pas marcher\u00a0\u00bb explique ce travailleur portugais pr\u00e9sent \u00e0 Marseille depuis 15 ans. Tous partagent toutefois un constat selon eux\u00a0: si des abus existent, ils seraient davantage le fait d\u2019emplois de bureau que des m\u00e9tiers physiques o\u00f9 les accidents sont fr\u00e9quents et les arr\u00eats souvent incontournables.<\/p>\n<p>Parmi les pathologies cibl\u00e9es par les contr\u00f4les renforc\u00e9s des arr\u00eats maladie par l&rsquo;assurance maladie\u00a0: \u00ab\u00a0les troubles anxieux et les lombalgies\u00a0\u00bb selon le Dr S\u00e9bastien Adnot,\u00a0secr\u00e9taire g\u00e9n\u00e9ral adjoint de MG France, le syndicat des m\u00e9decins g\u00e9n\u00e9ralistes.<\/p>\n<p>\u00c0 lire aussi   <img decoding=\"async\" src=\"https:\/\/www.europesays.com\/fr\/wp-content\/uploads\/2025\/12\/1764701712_554_400x400\" alt=\"\" style=\"--_image-preview:url('data:image\/jpeg;base64,\/9j\/2wBDACgcHiMeGSgjISMtKygwPGRBPDc3PHtYXUlkkYCZlo+AjIqgtObDoKrarYqMyP\/L2u71\/\/\/\/m8H\/\/\/\/6\/+b9\/\/j\/2wBDASstLTw1PHZBQXb4pYyl+Pj4+Pj4+Pj4+Pj4+Pj4+Pj4+Pj4+Pj4+Pj4+Pj4+Pj4+Pj4+Pj4+Pj4+Pj4+Pj4+Pj\/wAARCAAXACoDASIAAhEBAxEB\/8QAGAABAQEBAQAAAAAAAAAAAAAAAAIDAQT\/xAAYEAEAAwEAAAAAAAAAAAAAAAAAARESAv\/EABUBAQEAAAAAAAAAAAAAAAAAAAAB\/8QAFBEBAAAAAAAAAAAAAAAAAAAAAP\/aAAwDAQACEQMRAD8A9Vu2zs0g005PTOyZBU9J0mekaBduWApZMgCOpZ6AR\/\/Z');\" loading=\"lazy\" fetchpriority=\"low\" aria-hidden=\"true\" class=\"svelte-1cksh76 rounded\" onload=\"this.__e=event\" onerror=\"this.__e=event\"\/>\u00c0 lire aussi   <img decoding=\"async\" src=\"https:\/\/www.europesays.com\/fr\/wp-content\/uploads\/2025\/12\/1764701713_741_400x400\" alt=\"\" style=\"--_image-preview:url('data:image\/jpeg;base64,\/9j\/2wBDACgcHiMeGSgjISMtKygwPGRBPDc3PHtYXUlkkYCZlo+AjIqgtObDoKrarYqMyP\/L2u71\/\/\/\/m8H\/\/\/\/6\/+b9\/\/j\/2wBDASstLTw1PHZBQXb4pYyl+Pj4+Pj4+Pj4+Pj4+Pj4+Pj4+Pj4+Pj4+Pj4+Pj4+Pj4+Pj4+Pj4+Pj4+Pj4+Pj4+Pj\/wAARCAAXACoDASIAAhEBAxEB\/8QAFwAAAwEAAAAAAAAAAAAAAAAAAAIDAf\/EABgQAQEBAQEAAAAAAAAAAAAAAAABEQIS\/8QAFwEAAwEAAAAAAAAAAAAAAAAAAQIDAP\/EABcRAQEBAQAAAAAAAAAAAAAAAAABAhL\/2gAMAwEAAhEDEQA\/AKXtnpL0JSBYprLWQHynYTomK2ExWVuSafkBFWqcw+ACUthcAE8j\/9k=');\" loading=\"lazy\" fetchpriority=\"low\" aria-hidden=\"true\" class=\"svelte-1cksh76 rounded\" onload=\"this.__e=event\" onerror=\"this.__e=event\"\/><\/p>\n","protected":false},"excerpt":{"rendered":"\u00c0 Marseille, la r\u00e9forme des arr\u00eats maladie pr\u00e9vue dans le budget de la s\u00e9curit\u00e9 sociale suscite de vives&hellip;\n","protected":false},"author":2,"featured_media":573735,"comment_status":"","ping_status":"","sticky":false,"template":"","format":"standard","meta":{"footnotes":""},"categories":[2814],"tags":[1111,11,1777,674,1011,27,884,12,882,25],"class_list":{"0":"post-573734","1":"post","2":"type-post","3":"status-publish","4":"format-standard","5":"has-post-thumbnail","7":"category-marseille","8":"tag-actu","9":"tag-actualites","10":"tag-eu","11":"tag-europe","12":"tag-fr","13":"tag-france","14":"tag-marseille","15":"tag-news","16":"tag-provence-alpes-cote-dazur","17":"tag-republique-francaise"},"share_on_mastodon":{"url":"https:\/\/pubeurope.com\/@fr\/115651500425758367","error":""},"_links":{"self":[{"href":"https:\/\/www.europesays.com\/fr\/wp-json\/wp\/v2\/posts\/573734","targetHints":{"allow":["GET"]}}],"collection":[{"href":"https:\/\/www.europesays.com\/fr\/wp-json\/wp\/v2\/posts"}],"about":[{"href":"https:\/\/www.europesays.com\/fr\/wp-json\/wp\/v2\/types\/post"}],"author":[{"embeddable":true,"href":"https:\/\/www.europesays.com\/fr\/wp-json\/wp\/v2\/users\/2"}],"replies":[{"embeddable":true,"href":"https:\/\/www.europesays.com\/fr\/wp-json\/wp\/v2\/comments?post=573734"}],"version-history":[{"count":0,"href":"https:\/\/www.europesays.com\/fr\/wp-json\/wp\/v2\/posts\/573734\/revisions"}],"wp:featuredmedia":[{"embeddable":true,"href":"https:\/\/www.europesays.com\/fr\/wp-json\/wp\/v2\/media\/573735"}],"wp:attachment":[{"href":"https:\/\/www.europesays.com\/fr\/wp-json\/wp\/v2\/media?parent=573734"}],"wp:term":[{"taxonomy":"category","embeddable":true,"href":"https:\/\/www.europesays.com\/fr\/wp-json\/wp\/v2\/categories?post=573734"},{"taxonomy":"post_tag","embeddable":true,"href":"https:\/\/www.europesays.com\/fr\/wp-json\/wp\/v2\/tags?post=573734"}],"curies":[{"name":"wp","href":"https:\/\/api.w.org\/{rel}","templated":true}]}}