{"id":573736,"date":"2025-12-02T18:56:14","date_gmt":"2025-12-02T18:56:14","guid":{"rendered":"https:\/\/www.europesays.com\/fr\/573736\/"},"modified":"2025-12-02T18:56:14","modified_gmt":"2025-12-02T18:56:14","slug":"36-mois-de-prison-requis-en-appel","status":"publish","type":"post","link":"https:\/\/www.europesays.com\/fr\/573736\/","title":{"rendered":"36 mois de prison requis en appel"},"content":{"rendered":"<p>  \u00ab Mon p\u00e8re a eu la hanche et le f\u00e9mur cass\u00e9s \u00bb<\/p>\n<p>Ayant fait appel de cette condamnation, il a \u00e9t\u00e9 \u00e0 nouveau jug\u00e9 ce mardi. \u00ab\u00a0Ce jeune homme a r\u00e9p\u00e9t\u00e9 plusieurs fois qu\u2019il s\u2019excusait, rapporte Ghyslaine. Il a dit qu\u2019il ne voulait pas lui faire tant de mal, mais mon p\u00e8re a eu la hanche et le f\u00e9mur cass\u00e9s\u00a0! Depuis, il ne marche plus tout seul. C\u2019est un homme affaibli qui a\u00a0peur de tout. Tout va \u00eatre compliqu\u00e9 pour lui d\u00e9sormais.\u00a0\u00bb<\/p>\n<p>L\u2019avocat g\u00e9n\u00e9ral a requis, comme en premi\u00e8re instance, 36 mois d\u2019emprisonnement.\u00a0La chambre des appels correctionnels va statuer le 16\u00a0d\u00e9cembre et rendra sa d\u00e9cision les jours suivants. La famille esp\u00e8re que la peine en premi\u00e8re instance sera confirm\u00e9e.<\/p>\n","protected":false},"excerpt":{"rendered":"\u00ab Mon p\u00e8re a eu la hanche et le f\u00e9mur cass\u00e9s \u00bb Ayant fait appel de cette condamnation,&hellip;\n","protected":false},"author":2,"featured_media":573737,"comment_status":"","ping_status":"","sticky":false,"template":"","format":"standard","meta":{"footnotes":""},"categories":[1889],"tags":[1111,11,2430,271,272,2757,1777,674,274,107,1011,27,2428,2756,12,25,2429],"class_list":{"0":"post-573736","1":"post","2":"type-post","3":"status-publish","4":"format-standard","5":"has-post-thumbnail","7":"category-lyon","8":"tag-actu","9":"tag-actualites","10":"tag-auvergne-rhone-alpes","11":"tag-crime","12":"tag-delit-et-contravention","13":"tag-edition-lyon-villeurbanne","14":"tag-eu","15":"tag-europe","16":"tag-faits-divers-justice","17":"tag-fil-info","18":"tag-fr","19":"tag-france","20":"tag-lyon","21":"tag-lyon-bassin","22":"tag-news","23":"tag-republique-francaise","24":"tag-rhone"},"share_on_mastodon":{"url":"https:\/\/pubeurope.com\/@fr\/115651502732233423","error":""},"_links":{"self":[{"href":"https:\/\/www.europesays.com\/fr\/wp-json\/wp\/v2\/posts\/573736","targetHints":{"allow":["GET"]}}],"collection":[{"href":"https:\/\/www.europesays.com\/fr\/wp-json\/wp\/v2\/posts"}],"about":[{"href":"https:\/\/www.europesays.com\/fr\/wp-json\/wp\/v2\/types\/post"}],"author":[{"embeddable":true,"href":"https:\/\/www.europesays.com\/fr\/wp-json\/wp\/v2\/users\/2"}],"replies":[{"embeddable":true,"href":"https:\/\/www.europesays.com\/fr\/wp-json\/wp\/v2\/comments?post=573736"}],"version-history":[{"count":0,"href":"https:\/\/www.europesays.com\/fr\/wp-json\/wp\/v2\/posts\/573736\/revisions"}],"wp:featuredmedia":[{"embeddable":true,"href":"https:\/\/www.europesays.com\/fr\/wp-json\/wp\/v2\/media\/573737"}],"wp:attachment":[{"href":"https:\/\/www.europesays.com\/fr\/wp-json\/wp\/v2\/media?parent=573736"}],"wp:term":[{"taxonomy":"category","embeddable":true,"href":"https:\/\/www.europesays.com\/fr\/wp-json\/wp\/v2\/categories?post=573736"},{"taxonomy":"post_tag","embeddable":true,"href":"https:\/\/www.europesays.com\/fr\/wp-json\/wp\/v2\/tags?post=573736"}],"curies":[{"name":"wp","href":"https:\/\/api.w.org\/{rel}","templated":true}]}}