{"id":573740,"date":"2025-12-02T18:59:19","date_gmt":"2025-12-02T18:59:19","guid":{"rendered":"https:\/\/www.europesays.com\/fr\/573740\/"},"modified":"2025-12-02T18:59:19","modified_gmt":"2025-12-02T18:59:19","slug":"valerie-pecresse-presente-un-budget-2026-largement-resserre","status":"publish","type":"post","link":"https:\/\/www.europesays.com\/fr\/573740\/","title":{"rendered":"Val\u00e9rie P\u00e9cresse pr\u00e9sente un budget 2026 largement resserr\u00e9"},"content":{"rendered":"<p>                    Par<br \/>\n        <strong><br \/>\n            <a href=\"https:\/\/actu.fr\/auteur\/dorinegoth\" title=\"Consulter tous les articles de Dorine Goth\" target=\"_blank\" rel=\"noopener\">Dorine Goth<\/a><br \/>\n                    <\/strong><\/p>\n<p>        Publi\u00e9 le<\/p>\n<p>            2 d\u00e9c. 2025 \u00e0 19h30        <\/p>\n<p>L\u2019ennemi, c\u2019est l\u2019\u00c9tat. Mardi 2\u00a0d\u00e9cembre 2025, la pr\u00e9sentation du <strong><a href=\"https:\/\/actu.fr\/ile-de-france\/saint-ouen-sur-seine_93070\/budget-2025-et-decisions-prises-sous-la-contrainte-ce-qui-pend-au-nez-des-habitants-d-ile-de-france_61851125.html\" target=\"_blank\" rel=\"noopener\">budget 2026<\/a> <\/strong>de la r\u00e9gion <strong>\u00cele-de-France<\/strong> s\u2019est transform\u00e9e en charge contre <a href=\"https:\/\/actu.fr\/politique\/budget-2026-gel-du-bareme-de-l-impot-taxe-sur-les-holdings-voici-le-projet-presente-par-sebastien-lecornu_63296409.html\" target=\"_blank\" rel=\"noopener\">le pouvoir central<\/a>. \u00ab\u2009L\u2019\u00c9tat pique l\u2019argent aux r\u00e9gions bien g\u00e9r\u00e9es pour \u00e9ponger sa dette. On fait face \u00e0 un mouvement centralisateur r\u00e9trograde\u2009\u00bb, a d\u00e9nonc\u00e9 Val\u00e9rie P\u00e9cresse en conf\u00e9rence de presse. En r\u00e9ponse, la pr\u00e9sidente de la r\u00e9gion pr\u00e9voit de <strong>resserrer son budget sur ses pr\u00e9rogatives.<\/strong> \u00ab\u2009L\u2019\u00cele-de-France vache \u00e0 traire, \u00e7a suffit\u2009\u00bb, a-t-elle martel\u00e9.<\/p>\n<p>Chute des recettes<\/p>\n<p class=\" wall-content\">En 2026, l\u2019\u00cele-de-France doit encaisser <strong>177\u00a0millions d\u2019euros de recettes en moins<\/strong>, apr\u00e8s d\u00e9j\u00e0 130\u00a0millions perdus en 2025. \u00c0 cela s\u2019ajoute une p\u00e9r\u00e9quation d\u2019un milliard par an, que Val\u00e9rie P\u00e9cresse juge \u201cinjuste\u201d. \u201cOn paye pour tout le monde alors qu\u2019on a des urgences sociales tr\u00e8s fortes\u201d, d\u00e9nonce-t-elle.<\/p>\n<p class=\" wall-content\">Cons\u00e9quence, la r\u00e9gion a du faire face \u00e0 de <strong>nombreux arbitrages,<\/strong> dont le tr\u00e8s pol\u00e9mique <a href=\"https:\/\/actu.fr\/ile-de-france\/saint-ouen-sur-seine_93070\/handicap-l-ile-de-france-supprime-les-subventions-aux-mdph-inacceptable-et-incomprehensible_63198062.html\" target=\"_blank\" rel=\"noopener\">arr\u00eat de sa participation financi\u00e8re<\/a> aux Maisons d\u00e9partementales des personnes handicap\u00e9es (MDPH). \u00ab\u2009On a fait cette d\u00e9pense que nous \u00e9tions les seuls \u00e0 faire en France lorsque nous avions beaucoup d\u2019argent. Et la subvention \u00e9tait mal d\u00e9pens\u00e9e voire pas d\u00e9pens\u00e9e\u2009\u00bb, justifie-t-elle.<\/p>\n<p class=\" wall-content\">Du c\u00f4t\u00e9 du si\u00e8ge, <strong>50 postes seront supprim\u00e9s<\/strong> sur 2\u2009000 et les organismes associ\u00e9s (Airparif, Choose\u00a0etc\u2026) verront le gel de leur budget. Au total, elle pr\u00e9voit une baisse de <strong>3\u2009% de ses d\u00e9penses de fonctionnement.<\/strong><\/p>\n<p class=\" wall-content\">\u00c0 l\u2019inverse, l\u2019\u00e9ducation devient le premier budget r\u00e9gional avec 1,9\u00a0milliard d\u2019euros vot\u00e9s (+ 10 % par rapport \u00e0 2025). \u00ab\u2009On se recentre sur nos pr\u00e9rogatives\u2009\u00bb, plaide-t-elle. Une grande partie sera consacr\u00e9e au financement du plan lyc\u00e9e. Le projet doit \u00eatre examin\u00e9 en s\u00e9ance les 16 et 17\u00a0d\u00e9cembre 2025.<\/p>\n<p class=\" wall-content\">Personnalisez votre actualit\u00e9 en ajoutant vos villes et m\u00e9dias en favori avec <a href=\"https:\/\/moncompte.actu.fr\" title=\"D\u00e9couvez Mon Actu\" rel=\"nofollow noopener\" data-trk=\"{&quot;cta&quot;:{&quot;action&quot;:&quot;https:\\\/\\\/moncompte.actu.fr&quot;,&quot;category&quot;:&quot;mon compte&quot;,&quot;from&quot;:&quot;article footer&quot;,&quot;name&quot;:&quot;Mon actu&quot;,&quot;type&quot;:&quot;cta&quot;}}\" target=\"_blank\">Mon Actu<\/a>.<\/p>\n","protected":false},"excerpt":{"rendered":"Par Dorine Goth Publi\u00e9 le 2 d\u00e9c. 2025 \u00e0 19h30 L\u2019ennemi, c\u2019est l\u2019\u00c9tat. Mardi 2\u00a0d\u00e9cembre 2025, la pr\u00e9sentation&hellip;\n","protected":false},"author":2,"featured_media":573741,"comment_status":"","ping_status":"","sticky":false,"template":"","format":"standard","meta":{"footnotes":""},"categories":[1592],"tags":[1111,11,1003,33,1777,674,1011,27,662,12,626,25,2328],"class_list":{"0":"post-573740","1":"post","2":"type-post","3":"status-publish","4":"format-standard","5":"has-post-thumbnail","7":"category-ile-de-france","8":"tag-actu","9":"tag-actualites","10":"tag-budget","11":"tag-economie","12":"tag-eu","13":"tag-europe","14":"tag-fr","15":"tag-france","16":"tag-ile-de-france","17":"tag-news","18":"tag-paris","19":"tag-republique-francaise","20":"tag-valerie-pecresse"},"share_on_mastodon":{"url":"","error":""},"_links":{"self":[{"href":"https:\/\/www.europesays.com\/fr\/wp-json\/wp\/v2\/posts\/573740","targetHints":{"allow":["GET"]}}],"collection":[{"href":"https:\/\/www.europesays.com\/fr\/wp-json\/wp\/v2\/posts"}],"about":[{"href":"https:\/\/www.europesays.com\/fr\/wp-json\/wp\/v2\/types\/post"}],"author":[{"embeddable":true,"href":"https:\/\/www.europesays.com\/fr\/wp-json\/wp\/v2\/users\/2"}],"replies":[{"embeddable":true,"href":"https:\/\/www.europesays.com\/fr\/wp-json\/wp\/v2\/comments?post=573740"}],"version-history":[{"count":0,"href":"https:\/\/www.europesays.com\/fr\/wp-json\/wp\/v2\/posts\/573740\/revisions"}],"wp:featuredmedia":[{"embeddable":true,"href":"https:\/\/www.europesays.com\/fr\/wp-json\/wp\/v2\/media\/573741"}],"wp:attachment":[{"href":"https:\/\/www.europesays.com\/fr\/wp-json\/wp\/v2\/media?parent=573740"}],"wp:term":[{"taxonomy":"category","embeddable":true,"href":"https:\/\/www.europesays.com\/fr\/wp-json\/wp\/v2\/categories?post=573740"},{"taxonomy":"post_tag","embeddable":true,"href":"https:\/\/www.europesays.com\/fr\/wp-json\/wp\/v2\/tags?post=573740"}],"curies":[{"name":"wp","href":"https:\/\/api.w.org\/{rel}","templated":true}]}}