{"id":573742,"date":"2025-12-02T19:00:30","date_gmt":"2025-12-02T19:00:30","guid":{"rendered":"https:\/\/www.europesays.com\/fr\/573742\/"},"modified":"2025-12-02T19:00:30","modified_gmt":"2025-12-02T19:00:30","slug":"a-paris-jade-a-liste-3-000-adresses-accessibles-aux-fauteuils-roulants","status":"publish","type":"post","link":"https:\/\/www.europesays.com\/fr\/573742\/","title":{"rendered":"\u00e0 Paris, Jade a list\u00e9 3 000 adresses accessibles aux fauteuils roulants"},"content":{"rendered":"<p>                    Par<br \/>\n        <strong><br \/>\n            <a href=\"https:\/\/actu.fr\/auteur\/ines-cussac-actu-fr\" title=\"Consulter tous les articles de In\u00e8s Cussac\" target=\"_blank\" rel=\"noopener\">In\u00e8s Cussac<\/a><br \/>\n                    <\/strong><\/p>\n<p>        Publi\u00e9 le<\/p>\n<p>            2 d\u00e9c. 2025 \u00e0 19h24        <\/p>\n<p>C\u2019est un soulagement pour Jade. \u00ab\u2009Une bonne nouvelle, une tr\u00e8s grande avanc\u00e9e\u2009\u00bb, qualifie-t-elle aussi. Atteinte de myopathie, cela fait presque dix ans qu\u2019elle se d\u00e9place en fauteuil roulant. Depuis lundi 1er\u00a0d\u00e9cembre 2025 et l\u2019entr\u00e9e en vigueur de <a href=\"https:\/\/actu.fr\/societe\/pour-qui-comment-ce-qu-il-faut-savoir-sur-le-remboursement-integral-des-fauteuils-roulants-des-ce-lundi_63508572.html\" target=\"_blank\" rel=\"noopener\">la r\u00e9forme du financement des fauteuils roulants<\/a>, l\u2019Assurance maladie prend d\u00e9sormais int\u00e9gralement en charge tous les dispositifs de mobilit\u00e9. Un s\u00e9rieux soutien pour Jade qui fait partie des 1,1\u00a0million de Fran\u00e7ais concern\u00e9s par cette mesure. \u00ab\u2009Dans notre pays, on a beaucoup de chance mais par rapport au handicap c\u2019est tellement al\u00e9atoire. Il n\u2019est pas du tout pris en consid\u00e9ration, c\u2019est la jungle et il faut se battre. Donc si, d\u00e9j\u00e0, <strong>on arr\u00eate de se battre pour avoir un fauteuil<\/strong>, c\u2019est pas mal.\u2009\u00bb<\/p>\n<p class=\" wall-content\">Car, <a href=\"https:\/\/actu.fr\/ile-de-france\/paris_75056\/handicap-desormais-tous-les-arrondissements-de-paris-possedent-un-quartier-entierement-accessible_61312662.html\" target=\"_blank\" rel=\"noopener\">\u00e0 Paris<\/a> comme partout en France, malgr\u00e9 la loi de 2005 pour une accessibilit\u00e9 g\u00e9n\u00e9ralis\u00e9e des espaces, des transports ou des services, la vie est encore compliqu\u00e9e pour les personnes \u00e0 mobilit\u00e9 r\u00e9duite (PMR). Il y a tout juste deux mois, Jade a officiellement lanc\u00e9 son application <a href=\"https:\/\/handyutopie.fr\/\" target=\"_blank\" rel=\"noopener\">Handy Utopie<\/a> qui recense plusieurs les lieux accessibles d\u00e8s lors que l\u2019on se d\u00e9place en fauteuil roulant. Caf\u00e9, cin\u00e9ma, coiffeur\u2026 Pr\u00e8s de <strong>3\u2009000 adresses<\/strong> ont \u00e9t\u00e9 list\u00e9es dans la capitale par la sexag\u00e9naire qui compte \u00e9tendre son concept \u00e0 d\u2019autres villes dans l\u2019Hexagone et m\u00eame en Europe.<\/p>\n<p>\u00ab\u2009Un travail de longue haleine\u2009\u00bb<\/p>\n<p class=\" wall-content\">\u00ab\u2009J\u2019en avais marre de ne plus voir mes cousines, mes copines, ma famille parce qu\u2019aller au restaurant ou aux anniversaires, <strong>\u00e7a demande un temps fou<\/strong> pour trouver un endroit accessible. Et quand on l\u2019a trouv\u00e9, on ne peut finalement pas circuler \u00e0 l\u2019int\u00e9rieur ou alors il faut pousser des tables et tout le monde nous regarde\u2026 Parfois, je disais que j\u2019avais la flemme de sortir alors que non. En r\u00e9alit\u00e9, je n\u2019avais pas la flemme mais \u00e7a me faisait de la peine de voir mes amies passer autant de temps \u00e0 chercher\u2009\u00bb, raconte Jade qui a donc commenc\u00e9 \u00e0 noter les lieux o\u00f9 son fauteuil n\u2019est pas de trop. Entre les boutiques d\u00e9pourvues de cabines d\u2019essayage, les salons de coiffure qui ne sont pas adapt\u00e9s ou encore les cabinets de kin\u00e9sith\u00e9rapeutes qui ne sont pas accessibles, l\u2019application vise \u00e0 faire gagner du temps aux PMR.<\/p>\n<p class=\" wall-content\">\u00ab\u2009C\u2019est un travail de longue haleine\u2009\u00bb, remet cette femme blonde au sourire pouvant presque toucher les oreilles. Depuis deux ans et demi, elle tente de mobiliser les \u00e9lus et citoyens aux probl\u00e8mes li\u00e9s \u00e0 l\u2019accessibilit\u00e9 des espaces pour les fauteuils roulants.<\/p>\n<p>\u00ab\u2009Passer de bons moments\u2009\u00bb<\/p>\n<p class=\" wall-content\">\u00ab\u2009Dans le bus, les gens ne peuvent pas laisser de place parce qu\u2019ils n\u2019en ont pas donc il faut encore attendre. Les m\u00e9tros sont inaccessibles, les v\u00e9los sur les trottoirs, les poubelles\u2026 Si on peut trouver des endroits accessibles pour passer de bons moments,<strong> ce n\u2019est pas du luxe.<\/strong> C\u2019est juste un droit pour un monde meilleur\u2009\u00bb, liste Jade avant d\u2019expliquer l\u2019int\u00e9r\u00eat de son application pour d\u2019autres types de handicap, comme celui visuel.<\/p>\n<p class=\" wall-content\">\u00ab\u2009La vieillesse aussi, t\u00f4t ou tard, elle rejoint le handicap. On n\u2019a plus envie de monter les escaliers en colima\u00e7on pour aller faire pipi ou on aimerait aller au parc avec nos petits enfants mais c\u2019est toujours compliqu\u00e9\u2009\u00bb, illustre la militante aid\u00e9e par une \u00e9quipe de webmasters et d\u00e9veloppeurs, d\u2019un vice-pr\u00e9sident, Jonathan Journo, et proche de l\u2019ancien d\u00e9put\u00e9 europ\u00e9en Jean-Lin Lacapelle (RN) et du d\u00e9put\u00e9 de l\u2019Aisne Jos\u00e9 Beaurain (RN).<\/p>\n<p>Votre r\u00e9gion, votre actu !<\/p>\n<p>Recevez chaque jour les infos qui comptent pour vous.<\/p>\n<p>\t<a href=\"https:\/\/actu.fr\/newsletter\" class=\"ac-btn ac-btn--corner ac-btn--medium ac-btn--blue800\" target=\"_blank\" rel=\"noopener\">S&rsquo;incrire<\/a><\/p>\n<p class=\" wall-content\"><a href=\"https:\/\/www.instagram.com\/p\/DP5ph_kCPBS\/embed\" title=\"Ouvrir le lien sur Instagram\" target=\"_blank\" rel=\"noopener\">Visualiser le contenu sur Instagram<\/a><\/p>\n<p>Marseille, Lyon\u2026<\/p>\n<p class=\" wall-content\">\u00ab\u2009Bien s\u00fbr, on est mieux loti que dans certains pays mais en France, les endroits qui devraient \u00eatre accessibles ne le sont qu\u2019en demi-mesure\u2009\u00bb, s\u2019agace Jade d\u00e9sireuse de sensibiliser les personnes valides pour <strong>rendre la soci\u00e9t\u00e9 plus inclusive.<\/strong><\/p>\n<p class=\" wall-content\">Apr\u00e8s un passage en Dordogne, pr\u00e9vu la semaine prochaine pour noter de nouvelles adresses dans son application, Jade se rendra \u00e0 Marseille, Saintes-Maries-de-la-Mer ou encore Lyon. \u00ab\u2009Toutes les villes s\u2019encha\u00eenent\u2009\u00bb, se r\u00e9jouit-elle, soucieuse d\u2019\u00e9largir son \u00ab\u2009Waze pour handicap\u00e9s\u2009\u00bb au-del\u00e0 des fronti\u00e8res parisiennes.<\/p>\n<p class=\" wall-content\">Personnalisez votre actualit\u00e9 en ajoutant vos villes et m\u00e9dias en favori avec <a href=\"https:\/\/moncompte.actu.fr\" title=\"D\u00e9couvez Mon Actu\" rel=\"nofollow noopener\" data-trk=\"{&quot;cta&quot;:{&quot;action&quot;:&quot;https:\\\/\\\/moncompte.actu.fr&quot;,&quot;category&quot;:&quot;mon compte&quot;,&quot;from&quot;:&quot;article footer&quot;,&quot;name&quot;:&quot;Mon actu&quot;,&quot;type&quot;:&quot;cta&quot;}}\" target=\"_blank\">Mon Actu<\/a>.<\/p>\n<p>                    <script async src=\"\/\/www.instagram.com\/embed.js\"><\/script><\/p>\n","protected":false},"excerpt":{"rendered":"Par In\u00e8s Cussac Publi\u00e9 le 2 d\u00e9c. 2025 \u00e0 19h24 C\u2019est un soulagement pour Jade. \u00ab\u2009Une bonne nouvelle,&hellip;\n","protected":false},"author":2,"featured_media":573743,"comment_status":"","ping_status":"","sticky":false,"template":"","format":"standard","meta":{"footnotes":""},"categories":[1888],"tags":[1111,1928,11,1927,1777,674,1011,27,1943,12,1926,626,1925,25,104],"class_list":{"0":"post-573742","1":"post","2":"type-post","3":"status-publish","4":"format-standard","5":"has-post-thumbnail","7":"category-paris","8":"tag-actu","9":"tag-actu-paris","10":"tag-actualites","11":"tag-actualites-paris","12":"tag-eu","13":"tag-europe","14":"tag-fr","15":"tag-france","16":"tag-handicap","17":"tag-news","18":"tag-news-paris","19":"tag-paris","20":"tag-paris-news","21":"tag-republique-francaise","22":"tag-societe"},"share_on_mastodon":{"url":"https:\/\/pubeurope.com\/@fr\/115651518385443662","error":""},"_links":{"self":[{"href":"https:\/\/www.europesays.com\/fr\/wp-json\/wp\/v2\/posts\/573742","targetHints":{"allow":["GET"]}}],"collection":[{"href":"https:\/\/www.europesays.com\/fr\/wp-json\/wp\/v2\/posts"}],"about":[{"href":"https:\/\/www.europesays.com\/fr\/wp-json\/wp\/v2\/types\/post"}],"author":[{"embeddable":true,"href":"https:\/\/www.europesays.com\/fr\/wp-json\/wp\/v2\/users\/2"}],"replies":[{"embeddable":true,"href":"https:\/\/www.europesays.com\/fr\/wp-json\/wp\/v2\/comments?post=573742"}],"version-history":[{"count":0,"href":"https:\/\/www.europesays.com\/fr\/wp-json\/wp\/v2\/posts\/573742\/revisions"}],"wp:featuredmedia":[{"embeddable":true,"href":"https:\/\/www.europesays.com\/fr\/wp-json\/wp\/v2\/media\/573743"}],"wp:attachment":[{"href":"https:\/\/www.europesays.com\/fr\/wp-json\/wp\/v2\/media?parent=573742"}],"wp:term":[{"taxonomy":"category","embeddable":true,"href":"https:\/\/www.europesays.com\/fr\/wp-json\/wp\/v2\/categories?post=573742"},{"taxonomy":"post_tag","embeddable":true,"href":"https:\/\/www.europesays.com\/fr\/wp-json\/wp\/v2\/tags?post=573742"}],"curies":[{"name":"wp","href":"https:\/\/api.w.org\/{rel}","templated":true}]}}