{"id":573744,"date":"2025-12-02T19:03:13","date_gmt":"2025-12-02T19:03:13","guid":{"rendered":"https:\/\/www.europesays.com\/fr\/573744\/"},"modified":"2025-12-02T19:03:13","modified_gmt":"2025-12-02T19:03:13","slug":"nouvel-an-a-paris-pas-de-concert-sur-les-champs-elysees-cette-annee","status":"publish","type":"post","link":"https:\/\/www.europesays.com\/fr\/573744\/","title":{"rendered":"Nouvel An \u00e0 Paris\u00a0: pas de concert sur les Champs-\u00c9lys\u00e9es cette ann\u00e9e"},"content":{"rendered":"<p class=\"p1\">C\u2019est une d\u00e9cision qui tranche avec les \u00e9ditions pr\u00e9c\u00e9dentes\u00a0: le <a href=\"https:\/\/www.lebonbon.fr\/paris\/soirees\/feu-artifice-playlist-quoi-va-ressembler-reveillon-nouvel-an-paris\/\" target=\"_blank\" rel=\"noopener\"><strong>concert du r\u00e9veillon sur les Champs-\u00c9lys\u00e9es<\/strong><\/a>, suivi en direct sur France 2 les deux derni\u00e8res ann\u00e9es, <strong>n\u2019aura pas lieu le 31 d\u00e9cembre prochain<\/strong>. Selon plusieurs sources, <strong>la pr\u00e9fecture de police a demand\u00e9 \u00e0 la mairie de Paris d\u2019y renoncer<\/strong>. <\/p>\n<p>&#13;<\/p>\n<p class=\"p1\">En cause\u00a0: le <strong>risque de mouvements de foule<\/strong> sur la plus c\u00e9l\u00e8bre avenue du monde, o\u00f9 <strong>jusqu\u2019\u00e0 un million de personnes<\/strong> d\u00e9ambulent traditionnellement pour c\u00e9l\u00e9brer le passage \u00e0 la nouvelle ann\u00e9e. Selon certains responsables de la s\u00e9curit\u00e9 l\u2019an dernier, les forces de l\u2019ordre ont eu \u00ab\u00a0<strong>plus de frayeurs en deux heures de r\u00e9veillon sur les Champs qu\u2019en trois semaines de Jeux Olympiques<\/strong>\u00a0\u00bb. Un climat d\u2019inqui\u00e9tude suffisant pour reconsid\u00e9rer l\u2019\u00e9v\u00e9nement. <\/p>\n<p>&#13;<\/p>\n<blockquote class=\"instagram-media\" data-instgrm-permalink=\"https:\/\/www.instagram.com\/reel\/DER8exfou8d\/?utm_source=ig_embed&amp;utm_campaign=loading\" data-instgrm-version=\"14\" style=\"background: #FFF; border: 0; border-radius: 3px; box-shadow: 0 0 1px 0 rgba(0,0,0,0.5),0 1px 10px 0 rgba(0,0,0,0.15); margin: 1px; max-width: 540px; min-width: 326px; padding: 0; width: calc(100% - 2px);\"><p>&#13;<br \/>\n&#13;\n<\/p><\/blockquote>\n<p>&#13;<br \/>\n&#13;<br \/>\n<b><br \/>Des \u00ab\u00a0frayeurs\u00a0\u00bb qui ont fait basculer la d\u00e9cision<\/b>&#13;<\/p>\n<p class=\"p1\">Les \u00e9ditions pr\u00e9c\u00e9dentes ont marqu\u00e9 les esprits des \u00e9quipes de s\u00e9curit\u00e9. <strong>L\u2019affluence massive, la densit\u00e9 du public et les d\u00e9placements impr\u00e9visibles<\/strong> ont rendu la <strong>gestion des flux particuli\u00e8rement d\u00e9licate<\/strong>. <\/p>\n<p>&#13;<\/p>\n<p class=\"p1\">Face \u00e0 ces <strong>retours jug\u00e9s pr\u00e9occupants<\/strong>, la pr\u00e9fecture a opt\u00e9 pour la prudence\u00a0: <strong>limiter les rassemblements afin d\u2019\u00e9viter des sc\u00e9narios difficiles \u00e0 ma\u00eetriser<\/strong> dans un contexte festif mais sensible. La <strong>maire de Paris, Anne Hidalgo<\/strong>, a accept\u00e9 la requ\u00eate, actant une <strong>c\u00e9l\u00e9bration du 31 d\u00e9cembre un peu diff\u00e9rente<\/strong> cette ann\u00e9e sur les Champs. <\/p>\n<p>&#13;<\/p>\n<blockquote class=\"instagram-media\" data-instgrm-permalink=\"https:\/\/www.instagram.com\/p\/DEReK32oBdQ\/?utm_source=ig_embed&amp;utm_campaign=loading\" data-instgrm-version=\"14\" style=\"background: #FFF; border: 0; border-radius: 3px; box-shadow: 0 0 1px 0 rgba(0,0,0,0.5),0 1px 10px 0 rgba(0,0,0,0.15); margin: 1px; max-width: 540px; min-width: 326px; padding: 0; width: calc(100% - 2px);\"><p>&#13;<br \/>\n&#13;\n<\/p><\/blockquote>\n<p>&#13;<br \/>\n&#13;<br \/>\n<b><br \/>Feu d\u2019artifice maintenu et concert\u2026 enregistr\u00e9<\/b>&#13;<\/p>\n<p class=\"p1\">Si le concert en plein air dispara\u00eet du programme, <strong>le traditionnel feu d\u2019artifice de minuit, lui, reste bien au rendez-vous<\/strong>. Les Parisiens et touristes pourront toujours lever les yeux vers l\u2019Arc de triomphe pour saluer 2025. <\/p>\n<p>&#13;<\/p>\n<blockquote class=\"instagram-media\" data-instgrm-permalink=\"https:\/\/www.instagram.com\/reel\/DPV94fYjB5E\/?utm_source=ig_embed&amp;utm_campaign=loading\" data-instgrm-version=\"14\" style=\"background: #FFF; border: 0; border-radius: 3px; box-shadow: 0 0 1px 0 rgba(0,0,0,0.5),0 1px 10px 0 rgba(0,0,0,0.15); margin: 1px; max-width: 540px; min-width: 326px; padding: 0; width: calc(100% - 2px);\"><p>&#13;<br \/>\n&#13;\n<\/p><\/blockquote>\n<p>&#13;<br \/>\n&#13;<\/p>\n<p class=\"p1\">France 2 proposera malgr\u00e9 tout un <strong>\u00ab\u00a0concert du r\u00e9veillon\u00a0\u00bb<\/strong>, mais celui-ci ne sera pas en direct. Il a \u00e9t\u00e9 <strong>enregistr\u00e9 fin novembre place de la Concorde<\/strong>, avec des figurants en guise de public. Une mani\u00e8re de <strong>pr\u00e9server l\u2019ambiance musicale<\/strong> sans les risques li\u00e9s \u00e0 la foule.<\/p>\n<p><script async src=\"\/\/www.instagram.com\/embed.js\"><\/script><\/p>\n","protected":false},"excerpt":{"rendered":"C\u2019est une d\u00e9cision qui tranche avec les \u00e9ditions pr\u00e9c\u00e9dentes\u00a0: le concert du r\u00e9veillon sur les Champs-\u00c9lys\u00e9es, suivi en&hellip;\n","protected":false},"author":2,"featured_media":573745,"comment_status":"","ping_status":"","sticky":false,"template":"","format":"standard","meta":{"footnotes":""},"categories":[1888],"tags":[1111,1928,11,1927,1777,674,1011,27,12,1926,626,1925,25],"class_list":{"0":"post-573744","1":"post","2":"type-post","3":"status-publish","4":"format-standard","5":"has-post-thumbnail","7":"category-paris","8":"tag-actu","9":"tag-actu-paris","10":"tag-actualites","11":"tag-actualites-paris","12":"tag-eu","13":"tag-europe","14":"tag-fr","15":"tag-france","16":"tag-news","17":"tag-news-paris","18":"tag-paris","19":"tag-paris-news","20":"tag-republique-francaise"},"share_on_mastodon":{"url":"https:\/\/pubeurope.com\/@fr\/115651530300705581","error":""},"_links":{"self":[{"href":"https:\/\/www.europesays.com\/fr\/wp-json\/wp\/v2\/posts\/573744","targetHints":{"allow":["GET"]}}],"collection":[{"href":"https:\/\/www.europesays.com\/fr\/wp-json\/wp\/v2\/posts"}],"about":[{"href":"https:\/\/www.europesays.com\/fr\/wp-json\/wp\/v2\/types\/post"}],"author":[{"embeddable":true,"href":"https:\/\/www.europesays.com\/fr\/wp-json\/wp\/v2\/users\/2"}],"replies":[{"embeddable":true,"href":"https:\/\/www.europesays.com\/fr\/wp-json\/wp\/v2\/comments?post=573744"}],"version-history":[{"count":0,"href":"https:\/\/www.europesays.com\/fr\/wp-json\/wp\/v2\/posts\/573744\/revisions"}],"wp:featuredmedia":[{"embeddable":true,"href":"https:\/\/www.europesays.com\/fr\/wp-json\/wp\/v2\/media\/573745"}],"wp:attachment":[{"href":"https:\/\/www.europesays.com\/fr\/wp-json\/wp\/v2\/media?parent=573744"}],"wp:term":[{"taxonomy":"category","embeddable":true,"href":"https:\/\/www.europesays.com\/fr\/wp-json\/wp\/v2\/categories?post=573744"},{"taxonomy":"post_tag","embeddable":true,"href":"https:\/\/www.europesays.com\/fr\/wp-json\/wp\/v2\/tags?post=573744"}],"curies":[{"name":"wp","href":"https:\/\/api.w.org\/{rel}","templated":true}]}}