{"id":573748,"date":"2025-12-02T19:05:17","date_gmt":"2025-12-02T19:05:17","guid":{"rendered":"https:\/\/www.europesays.com\/fr\/573748\/"},"modified":"2025-12-02T19:05:17","modified_gmt":"2025-12-02T19:05:17","slug":"journee-de-greve-du-2-decembre-mobilisation-en-baisse-17-000-manifestants-annonces-a-paris-quelques-centaines-dans-nos-departements","status":"publish","type":"post","link":"https:\/\/www.europesays.com\/fr\/573748\/","title":{"rendered":"Journ\u00e9e de gr\u00e8ve du 2\u00a0d\u00e9cembre\u00a0: mobilisation en baisse, 17\u00a0000 manifestants annonc\u00e9s \u00e0 Paris, quelques centaines dans nos d\u00e9partements"},"content":{"rendered":"<p>\n                                                                \u00c0 l\u2019appel de la CGT, de la FSU et de Solidaires, quelque 150 rassemblements ont lieu ce mardi 2\u00a0d\u00e9cembre 2025 partout en France. Les manifestants ont d\u00e9fil\u00e9 \u00ab\u00a0contre l\u2019aust\u00e9rit\u00e9 et pour les salaires\u00a0\u00bb comme le r\u00e9clamaient les syndicats.\n                            <\/p>\n<p><a href=\"https:\/\/www.midilibre.fr\/2025\/12\/01\/journee-de-greve-du-2-decembre-quelles-mobilisations-ce-mardi-dans-nos-departements-13084718.php\" target=\"_blank\" rel=\"noopener\">Au global, la mobilisation du 2\u00a0d\u00e9cembre<\/a> a rassembl\u00e9 peu de personnes dans la rue. En fin d\u2019apr\u00e8s-midi, la CGT a d\u00e9compt\u00e9 17\u00a0000 participants \u00e0 Paris, alors que\u00a055\u00a0000 manifestants avaient rejoint <a href=\"https:\/\/www.midilibre.fr\/actu\/societe\/greve-du-18-septembre\/\" target=\"_blank\" rel=\"noopener\">le mouvement le 18\u00a0septembre,<\/a> puis 24\u00a0000 le 2\u00a0octobre.<\/p>\n<p>\u00c0 Nantes, les syndicats ont annonc\u00e9 au moins\u00a01\u00a0500 marcheurs, la moiti\u00e9 selon la pr\u00e9fecture. Seules quelques centaines ont \u00e9t\u00e9 d\u00e9compt\u00e9es \u00e0 Rennes, d\u2019apr\u00e8s une journaliste de l\u2019AFP.<\/p>\n<p>    Les mobilisations dans nos d\u00e9partements<\/p>\n<ul>\n<li>400 manifestants \u00e0 <a href=\"https:\/\/www.midilibre.fr\/2025\/12\/02\/redonner-la-parole-a-la-rue-400-manifestants-a-montpellier-contre-le-projet-de-budget-13085904.php\" target=\"_blank\" rel=\"noopener\">Montpellier <\/a>contre le projet de budget.<\/li>\n<li>Pr\u00e8s de 300 personnes \u00e0 <a href=\"https:\/\/www.midilibre.fr\/2025\/12\/02\/pres-de-300-personnes-rassemblees-devant-carre-dart-a-nimes-pour-protester-contre-la-politique-dausterite-13086245.php\" target=\"_blank\" rel=\"noopener\">N\u00eemes<\/a>.<\/li>\n<li>Une bonne centaine \u00e0 <a href=\"https:\/\/www.midilibre.fr\/2025\/12\/02\/une-bonne-centaine-de-manifestants-reunis-a-sete-dans-le-cadre-de-la-journee-daction-sociale-13086078.php\" target=\"_blank\" rel=\"noopener\">S\u00e8te<\/a>\u00a0et <a href=\"https:\/\/www.midilibre.fr\/2025\/12\/02\/service-public-salaires-retraites-budget-ils-ont-ete-une-centaine-a-manifester-leur-desaccord-envers-le-gouvernement-a-beziers-13086299.php\" target=\"_blank\" rel=\"noopener\">B\u00e9ziers<\/a>.<\/li>\n<li>Deux cents manifestants\u00a0recens\u00e9s \u00e0 <a href=\"https:\/\/www.midilibre.fr\/2025\/12\/02\/nous-en-avons-assez-a-lappel-dune-intersyndicale-ils-battent-le-pave-dales-pour-sopposer-a-un-budget-dausterite-13085875.php\" target=\"_blank\" rel=\"noopener\">Al\u00e8s<\/a>.<\/li>\n<\/ul>\n<p>Peu de perturbations dans les transports et les \u00e9tablissements scolaires<\/p>\n<p>Avec un trafic ferroviaire quasi normal et peu d\u2019enseignants gr\u00e9vistes, le mouvement est rest\u00e9 peu visible.<\/p>\n<p>Le minist\u00e8re de l\u2019\u00c9ducation nationale a annonc\u00e9 un taux de gr\u00e9vistes de 5,2 7\u00a0% chez les enseignants, celui de la fonction publique a recens\u00e9 3,43\u00a0% de gr\u00e9vistes dans l\u2019ensemble de la fonction publique d\u2019\u00c9tat et 1,84\u00a0% dans la fonction publique territoriale.<\/p>\n<p>Dans la matin\u00e9e, le trafic ferroviaire \u00e9tait quasi normal, avec des perturbations concentr\u00e9es sur les r\u00e9gions Centre-Val de Loire et Occitanie, selon la SNCF. En Ile-de-France, seul le RER C est l\u00e9g\u00e8rement perturb\u00e9, avec 9 trains sur 10 en circulation.<\/p>\n<p>\u00ab\u00a0Il faut un budget, mais pas \u00e0 n\u2019importe quel prix\u00a0\u00bb<\/p>\n<p>\u00c0 Paris, un cort\u00e8ge de quelques milliers de personnes s\u2019est \u00e9lanc\u00e9 vers 14\u00a0h\u00a000 de la place de la Bourse vers la place de la R\u00e9publique, a constat\u00e9 l\u2019AFP. \u00ab\u00a0On d\u00e9graisse, ils engraissent, changeons de r\u00e9gime\u00a0\u00bb, \u00ab\u00a0pour un <a href=\"https:\/\/www.midilibre.fr\/actu\/politique\/budget-2026\/\" target=\"_blank\" rel=\"noopener\">budget <\/a>de progr\u00e8s social\u00a0\u00bb, pouvait-on lire sur des pancartes. Mais d\u00e8s 15\u00a0h\u00a045, la majorit\u00e9 des manifestants s\u2019\u00e9tait dispers\u00e9e.<\/p>\n<p>\u00ab\u00a0Il faut un budget, mais pas \u00e0 n\u2019importe quel prix\u00a0\u00bb, a insist\u00e9 mardi matin la cheffe de file de la CGT <a href=\"http:\/\/midilibre.fr\/2025\/07\/03\/nous-avons-trouve-une-piste-de-repreneur-pour-sophie-binet-patronne-de-la-cgt-le-sauvetage-de-la-verrerie-de-vergeze-est-encore-possible-12803587.php\" target=\"_blank\" rel=\"noopener\">Sophie Binet<\/a>, sur France Inter.<\/p>\n<p>\u00ab\u00a0\u00c0 partir d\u2019aujourd\u2019hui, le projet de loi de financement de la S\u00e9curit\u00e9 Sociale est dans sa derni\u00e8re lecture \u00e0 l\u2019Assembl\u00e9e nationale, ce qui signifie que tous les votes vont \u00eatre d\u00e9cisifs pendant les 15 prochains jours\u00a0\u00bb, a \u2013 t-elle ajout\u00e9e.<\/p>\n<p>\u00ab\u00a0On est aussi tout \u00e0 fait responsables et conscients qu\u2019il est n\u00e9cessaire de r\u00e9duire le d\u00e9ficit\u00a0\u00bb, a assur\u00e9 la secr\u00e9taire g\u00e9n\u00e9rale de la FSU, Caroline Chev\u00e9, dans le cort\u00e8ge parisien. Mais \u00ab\u00a0r\u00e9duire le d\u00e9ficit, \u00e7a ne peut pas se faire sur le dos des services publics, [\u2026] de l\u2019h\u00f4pital, de l\u2019\u00e9cole ou de celles et ceux, dans les collectivit\u00e9s territoriales, qui sont en charge des politiques sociales\u00a0\u00bb.<\/p>\n","protected":false},"excerpt":{"rendered":"\u00c0 l\u2019appel de la CGT, de la FSU et de Solidaires, quelque 150 rassemblements ont lieu ce mardi&hellip;\n","protected":false},"author":2,"featured_media":573749,"comment_status":"","ping_status":"","sticky":false,"template":"","format":"standard","meta":{"footnotes":""},"categories":[1888],"tags":[1111,11,1777,674,1011,27,7089,2208,12,626,25,1857],"class_list":{"0":"post-573748","1":"post","2":"type-post","3":"status-publish","4":"format-standard","5":"has-post-thumbnail","7":"category-paris","8":"tag-actu","9":"tag-actualites","10":"tag-eu","11":"tag-europe","12":"tag-fr","13":"tag-france","14":"tag-herault","15":"tag-montpellier","16":"tag-news","17":"tag-paris","18":"tag-republique-francaise","19":"tag-sociu00e9tu00e9"},"share_on_mastodon":{"url":"https:\/\/pubeurope.com\/@fr\/115651538042232360","error":""},"_links":{"self":[{"href":"https:\/\/www.europesays.com\/fr\/wp-json\/wp\/v2\/posts\/573748","targetHints":{"allow":["GET"]}}],"collection":[{"href":"https:\/\/www.europesays.com\/fr\/wp-json\/wp\/v2\/posts"}],"about":[{"href":"https:\/\/www.europesays.com\/fr\/wp-json\/wp\/v2\/types\/post"}],"author":[{"embeddable":true,"href":"https:\/\/www.europesays.com\/fr\/wp-json\/wp\/v2\/users\/2"}],"replies":[{"embeddable":true,"href":"https:\/\/www.europesays.com\/fr\/wp-json\/wp\/v2\/comments?post=573748"}],"version-history":[{"count":0,"href":"https:\/\/www.europesays.com\/fr\/wp-json\/wp\/v2\/posts\/573748\/revisions"}],"wp:featuredmedia":[{"embeddable":true,"href":"https:\/\/www.europesays.com\/fr\/wp-json\/wp\/v2\/media\/573749"}],"wp:attachment":[{"href":"https:\/\/www.europesays.com\/fr\/wp-json\/wp\/v2\/media?parent=573748"}],"wp:term":[{"taxonomy":"category","embeddable":true,"href":"https:\/\/www.europesays.com\/fr\/wp-json\/wp\/v2\/categories?post=573748"},{"taxonomy":"post_tag","embeddable":true,"href":"https:\/\/www.europesays.com\/fr\/wp-json\/wp\/v2\/tags?post=573748"}],"curies":[{"name":"wp","href":"https:\/\/api.w.org\/{rel}","templated":true}]}}