{"id":573758,"date":"2025-12-02T19:10:19","date_gmt":"2025-12-02T19:10:19","guid":{"rendered":"https:\/\/www.europesays.com\/fr\/573758\/"},"modified":"2025-12-02T19:10:19","modified_gmt":"2025-12-02T19:10:19","slug":"un-important-stock-de-munitions-militaires-derobe-en-allemagne","status":"publish","type":"post","link":"https:\/\/www.europesays.com\/fr\/573758\/","title":{"rendered":"Un important stock de munitions militaires d\u00e9rob\u00e9 en Allemagne"},"content":{"rendered":"<p><strong>Un camion transportant des milliers de cartouches et de grenades a \u00e9t\u00e9 pill\u00e9 sur un parking non s\u00e9curis\u00e9, alors que son chauffeur \u00e9tait absent. Les autorit\u00e9s allemandes ont ouvert une enqu\u00eate pour ce qui constitue une faille de s\u00e9curit\u00e9 majeure.<\/strong><\/p>\n<p>L\u2019arm\u00e9e allemande a fait \u00e9tat d\u2019un vol cons\u00e9quent de mat\u00e9riel militaire. Plusieurs milliers de munitions et de grenades ont \u00e9t\u00e9 soustraites d\u2019un v\u00e9hicule de transport stationn\u00e9 dans la r\u00e9gion de Magdebourg, en Saxe-Anhalt. Les faits se sont produits alors que le conducteur, un prestataire civil, avait quitt\u00e9 son camion pour la nuit.<\/p>\n<p>Le v\u00e9hicule, affr\u00e9t\u00e9 par une entreprise sous contrat avec la Bundeswehr, \u00e9tait gar\u00e9 sur une aire industrielle d\u00e9pourvue de surveillance. Des individus ont forc\u00e9 la soute durant la nuit et se sont empar\u00e9s d\u2019un important lot de munitions. La disparition n\u2019a \u00e9t\u00e9 constat\u00e9e qu\u2019au moment de la livraison pr\u00e9vue dans une caserne.<\/p>\n<p>Les autorit\u00e9s militaires ont confirm\u00e9 la disparition d\u2019environ vingt mille unit\u00e9s, comprenant des cartouches de pistolet, des munitions \u00e0 blanc pour fusil d\u2019assaut et des grenades fumig\u00e8nes. Un porte-parole du minist\u00e8re de la D\u00e9fense a soulign\u00e9 la gravit\u00e9 de l\u2019incident, indiquant que ces \u00e9quipements ne devaient en aucun cas \u00eatre d\u00e9tourn\u00e9s.<\/p>\n<p>L\u2019enqu\u00eate, toujours en cours, n\u2019a pour l\u2019instant pas permis d\u2019identifier les auteurs. Selon certaines informations, il pourrait s\u2019agir d\u2019un acte de hasard, bien que la possibilit\u00e9 d\u2019une filature pr\u00e9alable du convoi ne soit pas exclue. Cet \u00e9v\u00e9nement met en lumi\u00e8re une n\u00e9gligence dans l\u2019application des protocoles de s\u00e9curit\u00e9, lesquels stipulent normalement la pr\u00e9sence de deux convoyeurs pour ce type de transport sensible.<\/p>\n","protected":false},"excerpt":{"rendered":"Un camion transportant des milliers de cartouches et de grenades a \u00e9t\u00e9 pill\u00e9 sur un parking non s\u00e9curis\u00e9,&hellip;\n","protected":false},"author":2,"featured_media":573759,"comment_status":"","ping_status":"","sticky":false,"template":"","format":"standard","meta":{"footnotes":""},"categories":[1587],"tags":[11,672,1804,1805,1803,1777,674,1801,12,1802],"class_list":{"0":"post-573758","1":"post","2":"type-post","3":"status-publish","4":"format-standard","5":"has-post-thumbnail","7":"category-allemagne","8":"tag-actualites","9":"tag-allemagne","10":"tag-bundesrepublik-deutschland","11":"tag-de","12":"tag-deutschland","13":"tag-eu","14":"tag-europe","15":"tag-germany","16":"tag-news","17":"tag-republique-federale-dallemagne"},"share_on_mastodon":{"url":"https:\/\/pubeurope.com\/@fr\/115651557850460992","error":""},"_links":{"self":[{"href":"https:\/\/www.europesays.com\/fr\/wp-json\/wp\/v2\/posts\/573758","targetHints":{"allow":["GET"]}}],"collection":[{"href":"https:\/\/www.europesays.com\/fr\/wp-json\/wp\/v2\/posts"}],"about":[{"href":"https:\/\/www.europesays.com\/fr\/wp-json\/wp\/v2\/types\/post"}],"author":[{"embeddable":true,"href":"https:\/\/www.europesays.com\/fr\/wp-json\/wp\/v2\/users\/2"}],"replies":[{"embeddable":true,"href":"https:\/\/www.europesays.com\/fr\/wp-json\/wp\/v2\/comments?post=573758"}],"version-history":[{"count":0,"href":"https:\/\/www.europesays.com\/fr\/wp-json\/wp\/v2\/posts\/573758\/revisions"}],"wp:featuredmedia":[{"embeddable":true,"href":"https:\/\/www.europesays.com\/fr\/wp-json\/wp\/v2\/media\/573759"}],"wp:attachment":[{"href":"https:\/\/www.europesays.com\/fr\/wp-json\/wp\/v2\/media?parent=573758"}],"wp:term":[{"taxonomy":"category","embeddable":true,"href":"https:\/\/www.europesays.com\/fr\/wp-json\/wp\/v2\/categories?post=573758"},{"taxonomy":"post_tag","embeddable":true,"href":"https:\/\/www.europesays.com\/fr\/wp-json\/wp\/v2\/tags?post=573758"}],"curies":[{"name":"wp","href":"https:\/\/api.w.org\/{rel}","templated":true}]}}