{"id":573760,"date":"2025-12-02T19:11:20","date_gmt":"2025-12-02T19:11:20","guid":{"rendered":"https:\/\/www.europesays.com\/fr\/573760\/"},"modified":"2025-12-02T19:11:20","modified_gmt":"2025-12-02T19:11:20","slug":"poutine-menace-leurope-et-deroule-le-tapis-rouge-aux-emissaires-americains","status":"publish","type":"post","link":"https:\/\/www.europesays.com\/fr\/573760\/","title":{"rendered":"Poutine menace l\u2019Europe et d\u00e9roule le tapis rouge aux \u00e9missaires am\u00e9ricains"},"content":{"rendered":"<p>Vous avez rat\u00e9 les derniers \u00e9v\u00e9nements sur la <a href=\"https:\/\/www.20minutes.fr\/monde\/ukraine\/\" class=\"c-link c-link--is-underlined\" target=\"_blank\" rel=\"noopener\">guerre en Ukraine<\/a>\u00a0? 20 Minutes fait le point pour vous tous les soirs. Voici l\u2019essentiel de ce mardi 2\u00a0d\u00e9cembre, au 1.377e jour du conflit.<\/p>\n<p>Le fait du jour<\/p>\n<p>M\u00eame les march\u00e9s financiers retiennent leur souffle dans l\u2019attente de nouvelles des n\u00e9gociations qui se d\u00e9roulent ce mardi soir au <a href=\"https:\/\/www.20minutes.fr\/dossier\/kremlin\" class=\"c-link c-link--is-underlined\" target=\"_blank\" rel=\"noopener\">Kremlin<\/a>. Selon les photos, le pr\u00e9sident russe <a href=\"https:\/\/www.20minutes.fr\/monde\/vladimir_poutine\/\" class=\"c-link c-link--is-underlined\" target=\"_blank\" rel=\"noopener\">Vladimir Poutine<\/a> a accueilli l\u2019\u00e9missaire am\u00e9ricain Steve Witkoff en compagnie son conseiller diplomatique Iouri Ouchakov et de son \u00e9missaire pour les questions \u00e9conomiques internationales, Kirill Dmitriev. C\u00f4t\u00e9 am\u00e9ricain, Jared Kushner, le gendre de <a href=\"https:\/\/www.20minutes.fr\/dossier\/donald_trump\" class=\"c-link c-link--is-underlined\" target=\"_blank\" rel=\"noopener\">Donald Trump<\/a>, est l\u2019invit\u00e9 surprise de la d\u00e9l\u00e9gation, donnant une dimension tr\u00e8s \u00ab\u00a0business\u00a0\u00bb \u00e0 l\u2019entrevue.<\/p>\n<p>Elle n\u2019est pas encore termin\u00e9e \u00e0 l\u2019heure o\u00f9 nous \u00e9crivons ces lignes mais c\u00f4t\u00e9 ukrainien, on \u00e9voque une possible rencontre ce mercredi \u00e0 Bruxelles avec les \u00e9missaires am\u00e9ricains.<\/p>\n<\/p>\n<p>Dans son dernier message sur X, le pr\u00e9sident ukrainien <a href=\"https:\/\/www.20minutes.fr\/monde\/volodymyr-zelensky\/\" class=\"c-link c-link--is-underlined\" target=\"_blank\" rel=\"noopener\">Zelensky <\/a>oscille entre la r\u00e9signation et la combativit\u00e9\u00a0: \u00ab\u00a0Il n\u2019y aura pas de solution facile pour mettre fin \u00e0 la guerre. [\u2026] Le probl\u00e8me n\u2019est pas la complexit\u00e9 des d\u00e9cisions \u00e0 prendre. Je suis capable de les prendre. L\u2019important est que tout soit juste et transparent. Qu\u2019aucune man\u0153uvre ne soit faite dans le dos de l\u2019Ukraine. Que rien ne soit d\u00e9cid\u00e9 sans l\u2019Ukraine, concernant notre avenir\u00a0\u00bb, \u00e9crit-il.<\/p>\n<p>La d\u00e9claration du jour<\/p>\n<blockquote class=\"mx-m@xs mx-xxl@md color-ultramarine c-citation\">\n<p class=\"font-weight-regular@xs text-italic font-source-serif-pro text-l@xs c-citation__content\">\u00ab\u00a0Nous n\u2019avons pas l\u2019intention de faire la guerre \u00e0 l\u2019Europe, mais si l\u2019Europe le souhaite et commence, nous sommes pr\u00eats d\u00e8s maintenant.\u00a0\u00bb<\/p>\n<\/blockquote>\n<p>Cette menace, pas du tout voil\u00e9e, a \u00e9t\u00e9 lanc\u00e9e par Vladimir Poutine juste avant sa rencontre avec la d\u00e9l\u00e9gation am\u00e9ricaine. Le ma\u00eetre du Kremlin a accus\u00e9 les Europ\u00e9ens de vouloir \u00ab\u00a0emp\u00eacher\u00a0\u00bb les efforts d\u00e9ploy\u00e9s par l\u2019\u00e9quipe de Donald Trump. \u00ab\u00a0Ils n\u2019ont pas de programme de paix, ils sont du c\u00f4t\u00e9 de la guerre\u00a0\u00bb, a-t-il ajout\u00e9, laissant entendre que les Europ\u00e9ens \u00e9taient \u00ab\u00a0vex\u00e9s\u00a0\u00bb de ne pas participer directement aux n\u00e9gociations.<\/p>\n<p>Le chiffre du jour<\/p>\n<p>5.660. Le nombre de missiles et drones que la Russie a tir\u00e9 sur l\u2019Ukraine au cours de ses attaques nocturnes du mois de novembre. C\u2019est 2\u00a0% de plus qu\u2019au mois d\u2019octobre.<\/p>\n<p>La tendance<\/p>\n<p>Qui des Russes ou des troupes de Kiev tient la ville de Pokrovsk, cit\u00e9 strat\u00e9gique \u00e0 la crois\u00e9e des routes et chemins de fer menant aux derni\u00e8res places fortes des Ukrainiens dans l\u2019est du pays\u00a0? Moscou a revendiqu\u00e9 sa conqu\u00eate lundi alors que Kiev a indiqu\u00e9 ce mardi que les combats s\u2019y poursuivaient. \u00ab\u00a0Les envahisseurs ont tent\u00e9 une nouvelle fois de planter leur drapeau dans l\u2019un des quartiers de la ville, afin que les propagandistes puissent l\u2019utiliser comme preuve\u00a0\u00bb de la prise de la ville, a d\u00e9clar\u00e9 le groupement de l\u2019arm\u00e9e ukrainienne Est. \u00ab\u00a0Apr\u00e8s cela, ils se sont enfuis pr\u00e9cipitamment\u00a0\u00bb.<\/p>\n<p>Vladimir Poutine a donn\u00e9 une tout autre version\u00a0: Pokrovsk \u00ab\u00a0est enti\u00e8rement entre les mains des forces arm\u00e9es russes\u00a0\u00bb, a-t-il lanc\u00e9, invitant les journalistes qui en douteraient \u00e0 s\u2019y rendre \u00ab\u00a0afin d\u2019y constater par eux-m\u00eames ce qui s\u2019y passe\u00a0\u00bb.<\/p>\n<p><a href=\"http:\/\/www.20minutes.fr\/monde\/ukraine\" class=\"c-link c-btn c-btn--primary\" target=\"_blank\" rel=\"noopener\">Notre dossier sur la guerre en Ukraine<\/a><\/p>\n<p>La prise de la ville compliquerait le ravitaillement des militaires ukrainiens bas\u00e9s ailleurs sur le front et offrirait aux soldats russes un tremplin pour avancer vers l\u2019Ouest, o\u00f9 les d\u00e9fenses ukrainiennes sont plus \u00e9parses, et vers le Nord, o\u00f9 se trouvent les grandes villes de Kramatorsk et de Sloviansk.<\/p>\n<p>Sa prise menacerait aussi d\u2019encerclement la garnison ukrainienne dans la ville voisine de Myrnograd.<\/p>\n","protected":false},"excerpt":{"rendered":"Vous avez rat\u00e9 les derniers \u00e9v\u00e9nements sur la guerre en Ukraine\u00a0? 20 Minutes fait le point pour vous&hellip;\n","protected":false},"author":2,"featured_media":573761,"comment_status":"","ping_status":"","sticky":false,"template":"","format":"standard","meta":{"footnotes":""},"categories":[1586],"tags":[47,11,75,1073,73,1777,674,1011,27,131,22276,4998,74,1916,12,25,132,135,134],"class_list":{"0":"post-573760","1":"post","2":"type-post","3":"status-publish","4":"format-standard","5":"has-post-thumbnail","7":"category-europe","8":"tag-actualite","9":"tag-actualites","10":"tag-donald-trump","11":"tag-emmanuel-macron","12":"tag-etats-unis","13":"tag-eu","14":"tag-europe","15":"tag-fr","16":"tag-france","17":"tag-guerre-en-ukraine","18":"tag-jared-kushner","19":"tag-kremlin","20":"tag-monde","21":"tag-moscou","22":"tag-news","23":"tag-republique-francaise","24":"tag-russie","25":"tag-vladimir-poutine","26":"tag-volodymyr-zelensky"},"share_on_mastodon":{"url":"https:\/\/pubeurope.com\/@fr\/115651561754136543","error":""},"_links":{"self":[{"href":"https:\/\/www.europesays.com\/fr\/wp-json\/wp\/v2\/posts\/573760","targetHints":{"allow":["GET"]}}],"collection":[{"href":"https:\/\/www.europesays.com\/fr\/wp-json\/wp\/v2\/posts"}],"about":[{"href":"https:\/\/www.europesays.com\/fr\/wp-json\/wp\/v2\/types\/post"}],"author":[{"embeddable":true,"href":"https:\/\/www.europesays.com\/fr\/wp-json\/wp\/v2\/users\/2"}],"replies":[{"embeddable":true,"href":"https:\/\/www.europesays.com\/fr\/wp-json\/wp\/v2\/comments?post=573760"}],"version-history":[{"count":0,"href":"https:\/\/www.europesays.com\/fr\/wp-json\/wp\/v2\/posts\/573760\/revisions"}],"wp:featuredmedia":[{"embeddable":true,"href":"https:\/\/www.europesays.com\/fr\/wp-json\/wp\/v2\/media\/573761"}],"wp:attachment":[{"href":"https:\/\/www.europesays.com\/fr\/wp-json\/wp\/v2\/media?parent=573760"}],"wp:term":[{"taxonomy":"category","embeddable":true,"href":"https:\/\/www.europesays.com\/fr\/wp-json\/wp\/v2\/categories?post=573760"},{"taxonomy":"post_tag","embeddable":true,"href":"https:\/\/www.europesays.com\/fr\/wp-json\/wp\/v2\/tags?post=573760"}],"curies":[{"name":"wp","href":"https:\/\/api.w.org\/{rel}","templated":true}]}}