{"id":573777,"date":"2025-12-02T19:25:16","date_gmt":"2025-12-02T19:25:16","guid":{"rendered":"https:\/\/www.europesays.com\/fr\/573777\/"},"modified":"2025-12-02T19:25:16","modified_gmt":"2025-12-02T19:25:16","slug":"ayman-kari-a-mis-en-parenthese-sa-carriere-de-footballeur","status":"publish","type":"post","link":"https:\/\/www.europesays.com\/fr\/573777\/","title":{"rendered":"Ayman Kari a mis en parenth\u00e8se sa carri\u00e8re de footballeur"},"content":{"rendered":"<p>Per\u00e7u comme l\u2019un des talents les plus prometteurs des derni\u00e8res g\u00e9n\u00e9rations parisiennes avec Warren Za\u00efre-Emery, Ayman Kari a disparu des \u00e9crans radars depuis son retour de pr\u00eat de Lorient, l&rsquo;\u00e9t\u00e9 dernier. Le milieu de terrain semblerait m\u00eame avoir mis un terme \u00e0 sa carri\u00e8re&#8230; \u00e0 21 ans seulement.<\/p>\n<p>Mais o\u00f9 est pass\u00e9 Ayman Kari? <a href=\"https:\/\/rmcsport.bfmtv.com\/football\/transferts\/mercato-le-psg-offre-un-premier-contrat-pro-a-ayman-kari-l-un-de-ses-grands-espoirs_AP-202207040412.html\" title=\"Mercato: le PSG offre un premier contrat pro \u00e0 Ayman Kari, l&#039;un de ses grands espoirs\" class=\"internal_link\" target=\"_blank\" rel=\"noopener\">Pr\u00e9destin\u00e9 \u00e0 un grand avenir<\/a>, tant au Paris Saint-Germain qu&rsquo;en s\u00e9lection, le milieu de terrain a totalement disparu des radars depuis plusieurs mois.<\/p>\n<p>L&rsquo;histoire retiendra que le dernier match officiel du \u00ab\u00a0Titi\u00a0\u00bb parisien remonte au 24 avril 2024 avec <a href=\"https:\/\/rmcsport.bfmtv.com\/football\/transferts\/mercato-le-psg-prete-le-jeune-ayman-kari-a-lorient_AV-202301310592.html\" title=\"Mercato: le PSG pr\u00eate le jeune Ayman Kari \u00e0 Lorient\" class=\"internal_link\" target=\"_blank\" rel=\"noopener\">Lorient, o\u00f9 le PSG l&rsquo;avait pr\u00eat\u00e9 la saison derni\u00e8re<\/a> (14 matchs de Ligue 1, pour 1 but et 1 passe d\u00e9cisive). Un basculement dans l&rsquo;anonymat voulu, semble-t-il. De la part d&rsquo;un jeune homme de 21 ans qui aurait souhait\u00e9 mettre sa carri\u00e8re en pause. D\u00e9finitivement?<\/p>\n<p>Dans <a href=\"https:\/\/www.lequipe.fr\/Football\/Article\/Qu-est-il-arrive-a-ayman-kari-le-grand-espoir-du-psg-qui-etait-meilleur-que-joao-neves-et-zaire-emery-mais-qui-a-mis-sa-carriere-en-pause\/1613887\" target=\"_blank\" class=\"external_link\" rel=\"noopener\">L&rsquo;Equipe<\/a>, les proches de l&rsquo;ancien crack ne le confirme pas, ni ne l&rsquo;infirme. Parlant d'\u00a0\u00bbune d\u00e9cision personnelle d&rsquo;un jeune homme qui estime qu&rsquo;il n&rsquo;est pas fait pour ce monde professsionnel l\u00e0\u00a0\u00bb. Arriv\u00e9 en fin de contrat l\u2019\u00e9t\u00e9 dernier, Kari a quitt\u00e9 le PSG. Sans donner signe de vie publique depuis.<\/p>\n<p>\u00ab\u00a0Il \u00e9tait meilleur intrins\u00e8quement que les Joao Neves ou Warren Za\u00efre-Emery\u00a0\u00bb<\/p>\n<p>Une \u00e9volution de carri\u00e8re qui a de quoi surprendre. Pass\u00e9 par les \u00e9quipes de jeunes de l&rsquo;\u00e9quipe de France &#8211; des U18 au U20 -, le joueur avait les capacit\u00e9s d&rsquo;aller tr\u00e8s haut. \u00ab\u00a0Il avait tout, Ayman. Il \u00e9tait meilleur intrins\u00e8quement que les Joao ou Warren (Za\u00efre-Emery)\u00a0\u00bb, assure un scout d&rsquo;un tr\u00e8s grand club europ\u00e9en, qui avait observ\u00e9 les jeunes joueurs lors d&rsquo;un match entre le PSG et Benfica en Youth League, en octobre 2022. \u00ab\u00a0Le football se joue aussi dans la t\u00eate. J&rsquo;avais entendu parler d&rsquo;une envie d&rsquo;arr\u00eater le foot d\u00e9j\u00e0 tr\u00e8s jeune chez lui&#8230;\u00a0\u00bb<\/p>\n<p><a href=\"https:\/\/rmcsport.bfmtv.com\/football\/ligue-1\/psg-pourquoi-ayman-kari-a-un-vrai-coup-a-jouer_AV-202406140911.html\" title=\"PSG: pourquoi Ayman Kari a un vrai coup \u00e0 jouer\" class=\"internal_link\" target=\"_blank\" rel=\"noopener\">Malgr\u00e9 des qualit\u00e9s bien au-dessus de la moyenne<\/a> &#8211; technique, abattage, capacit\u00e9 \u00e0 se projeter et aptitudes athl\u00e9tiques -, Ayman Kari ne semblait pas fait pour le foot pro. Son hygi\u00e8ne de vie et une certaine nonchalance ayant \u00e9t\u00e9 point\u00e9s du doigt \u00e0 quelques reprises. A son retour de pr\u00eat, cet \u00e9t\u00e9, il sera \u00e9cart\u00e9 par l&rsquo;intransigeant Luis Enrique. La raison?<\/p>\n<p>Le joueur s\u2019\u00e9tait pr\u00e9sent\u00e9 avec huit \u00e0 dix kilos en trop sur la balance. R\u00e9dhibitoire pour le coach espagnol. Le probl\u00e8me de poids de Kari est \u00e9galement la raison qui a pouss\u00e9 l\u2019ASSE, un temps int\u00e9ress\u00e9, \u00e0 se r\u00e9tracter. La possibilit\u00e9 de rebondir au Moyen-Orient aurait \u00e9galement \u00e9t\u00e9 \u00e9cart\u00e9e. Un encha\u00eenement d&rsquo;\u00e9v\u00e9nements qui a pr\u00e9cipit\u00e9 la mise en pause de la carri\u00e8re du joueur. \u00ab\u00a0A partir de l\u00e0, tout le monde a fait son deuil au club. On a compris que c\u2019\u00e9tait fini\u00a0\u00bb, a regrett\u00e9 un membre du PSG au quotidien.<\/p>\n<p>Romain Daveau Journaliste RMC Sport<\/p>\n","protected":false},"excerpt":{"rendered":"Per\u00e7u comme l\u2019un des talents les plus prometteurs des derni\u00e8res g\u00e9n\u00e9rations parisiennes avec Warren Za\u00efre-Emery, Ayman Kari a&hellip;\n","protected":false},"author":2,"featured_media":573778,"comment_status":"","ping_status":"","sticky":false,"template":"","format":"standard","meta":{"footnotes":""},"categories":[1410],"tags":[63,1011,27,60],"class_list":{"0":"post-573777","1":"post","2":"type-post","3":"status-publish","4":"format-standard","5":"has-post-thumbnail","7":"category-football","8":"tag-football","9":"tag-fr","10":"tag-france","11":"tag-sports"},"share_on_mastodon":{"url":"https:\/\/pubeurope.com\/@fr\/115651616763199083","error":""},"_links":{"self":[{"href":"https:\/\/www.europesays.com\/fr\/wp-json\/wp\/v2\/posts\/573777","targetHints":{"allow":["GET"]}}],"collection":[{"href":"https:\/\/www.europesays.com\/fr\/wp-json\/wp\/v2\/posts"}],"about":[{"href":"https:\/\/www.europesays.com\/fr\/wp-json\/wp\/v2\/types\/post"}],"author":[{"embeddable":true,"href":"https:\/\/www.europesays.com\/fr\/wp-json\/wp\/v2\/users\/2"}],"replies":[{"embeddable":true,"href":"https:\/\/www.europesays.com\/fr\/wp-json\/wp\/v2\/comments?post=573777"}],"version-history":[{"count":0,"href":"https:\/\/www.europesays.com\/fr\/wp-json\/wp\/v2\/posts\/573777\/revisions"}],"wp:featuredmedia":[{"embeddable":true,"href":"https:\/\/www.europesays.com\/fr\/wp-json\/wp\/v2\/media\/573778"}],"wp:attachment":[{"href":"https:\/\/www.europesays.com\/fr\/wp-json\/wp\/v2\/media?parent=573777"}],"wp:term":[{"taxonomy":"category","embeddable":true,"href":"https:\/\/www.europesays.com\/fr\/wp-json\/wp\/v2\/categories?post=573777"},{"taxonomy":"post_tag","embeddable":true,"href":"https:\/\/www.europesays.com\/fr\/wp-json\/wp\/v2\/tags?post=573777"}],"curies":[{"name":"wp","href":"https:\/\/api.w.org\/{rel}","templated":true}]}}