{"id":573781,"date":"2025-12-02T19:27:15","date_gmt":"2025-12-02T19:27:15","guid":{"rendered":"https:\/\/www.europesays.com\/fr\/573781\/"},"modified":"2025-12-02T19:27:15","modified_gmt":"2025-12-02T19:27:15","slug":"quartiers-de-demain-les-dix-cabinets-darchitectes-urbanistes-et-paysagistes-laureats-devoiles-franceinfo","status":"publish","type":"post","link":"https:\/\/www.europesays.com\/fr\/573781\/","title":{"rendered":"&quot;Quartiers de demain&quot; : les dix cabinets d&#039;architectes, urbanistes et paysagistes laur\u00e9ats d\u00e9voil\u00e9s &#8211; Franceinfo"},"content":{"rendered":"<ol>\n<li><a href=\"https:\/\/news.google.com\/rss\/articles\/CBMi-AFBVV95cUxQNFNiWk1ISFUxM21iQXdRS0s0bTRDRm5VQU1OMDNTd2FNS1p0M04teXJjNE5NRWxKTUhmb0RtdDFWbmhtWm4tZ2FVX1l1SzBTU2F0RnduaVlVcFhHb3JSemJLeU5vekYyUU5TY2NGX0lyWGlDZEhUVy1vSkdpVnFlakI5YVp4MVdDdHdtU2FrX3ZXMEx6bUJ0MnhrbjlzYWNPdmNSQUFMRWdLUjdTX3RSRkYyYVcxU1A3QWk0RWxmQXFlUkZOSE9OYUJCbTQ3SWxJTFlqYUtoU2NGMUhISExuSnQ1VmlZLTI5eTI2V2VKS2tWeHhodWg1Qw?oc=5\" target=\"_blank\" rel=\"noopener\">\u00ab\u00a0Quartiers de demain\u00a0\u00bb : les dix cabinets d&rsquo;architectes, urbanistes et paysagistes laur\u00e9ats d\u00e9voil\u00e9s<\/a>&nbsp;&nbsp;Franceinfo<\/li>\n<li><a href=\"https:\/\/news.google.com\/rss\/articles\/CBMi1gFBVV95cUxNcjZqWGhwcjZlSUxnbFk4UFdqc3hXdEZzZkZSbWowQWlRdWgwQlMxOEpaVHlVNFBMVFZrSmZldHR6UDFDYkdEWURDNEU3aHZLQ2owbTZjcnNUcHhubUt2VEhwVUdrV19kc3RTcUpqUGhORlVjR2JUSjd6RmFLMC1DYlFHejZ5X3hJMkp3c1ZUQ0pBRGcxS0UyeXdGWmJCZHRJUjVxaHhQX2xRWjE5aDJGU2hGOFJxYXp3TV9tMTMtZExOR0d2Zm11QzFoY0d2WEtTVDdrMXRB?oc=5\" target=\"_blank\" rel=\"noopener\">A Pessac, les tours de Jean Dubuisson \u00e0 l\u2019\u00e9preuve de \u00ab Quartiers de demain \u00bb<\/a>&nbsp;&nbsp;Le Monde.fr<\/li>\n<li><a href=\"https:\/\/news.google.com\/rss\/articles\/CBMiowJBVV95cUxOUGxpeHEzcFZwR2M0VHZoVWJ3a2pxMnNwQlp4TWFpVXBOd05ONXBHaHBqUkpRellFQWdJS1EzdkNXbHNhdDl1VnRYTXFBLTF4RTU5OTBvNm14TENQVUl4ektCVWt3S3J3dUpQamc4b2l6cXFfZG90MjZDcUIxR1c2bnR6RWh0OTJGM0xzem1aeUpQbTlRSGRNc3lPd3FSUlFCVzI1TU43WWM4SG5JSzYyVS10dUNWZHVMUF9HeDFhR0tqN240dENQbF94OXhESm15aXE1bDZEUG9KaXh6YlZ3SWR2NEdDNkpQQzN2T2xyUlZiQjgtYjBRaTdfM0JvT2kyMVlZQTE0eXFPbkFreGZWYU8zWGlWZ1VyaE04SEY4S0dqV2s?oc=5\" target=\"_blank\" rel=\"noopener\">R\u00e9habilitation de l\u2019immeuble Langevin \u00e0 Caen : le laur\u00e9at s\u00e9lectionn\u00e9 dans le cadre de l\u2019op\u00e9ration Quartiers de demain<\/a>&nbsp;&nbsp;Ouest-France<\/li>\n<li><a href=\"https:\/\/news.google.com\/rss\/articles\/CBMikAJBVV95cUxPS1Z2Vnh5dnd4WW9SUGhTa09JSDQteENzLU5wa0lTd0llUGNqSkRnVXhYaHEtTnVlcjQybnExY3BHN2dqVTNnZy0wUzR5QU50bHZvQUQzaXRLZGxlRjdSOWpmTnFrUDdsTXl3MjBRVUFvU0tMRVY1a3FQMnZRU3NCdk5YdkJ1ZGs3WTBxMEZqYlBfTWQxU2tIU3JPOW9JZm1taEh5ZndnTEtMdVNjMVNocW5ndGVLWW5SS1dwZ0ROTmI2MXBfYk1XeXNnanMwZy1CVlpMaC1USTJtWVNhanNMUURIUVFiMC04Y3Zpc05ZRDY2Um5NSXpuYmxqX3RlNTBRNzJnTnJYaXBRV3R3aktZTw?oc=5\" target=\"_blank\" rel=\"noopener\">\u00ab Saige peut se r\u00e9g\u00e9n\u00e9rer sur lui-m\u00eame \u00bb : \u00e0 Pessac, l\u2019architecte Dominique Perrault choisi pour r\u00e9inventer une tour de quartier populaire<\/a>&nbsp;&nbsp;Sud Ouest<\/li>\n<li><a href=\"https:\/\/news.google.com\/rss\/articles\/CBMiugFBVV95cUxQWm5zRzltRHB1V25HOGJSeXNUT2tleW44THJFeFJNdDEzd2tQZGpvLUdhaEROZjg1bFl0U05oaVIwSE1mNGx1am5UM2N4Yk5sOFpvN0FTSmdnNXotMVVYYmwyNk9BQUJYRm5LTTdMeEpSUTBZcm0wOVdTMVRIeXdZeVpjb1NMV1JKa2dCbzdUZlFfMHNQZkNCWkJydnZtQVVuT3BXS0F6ZGhNNElhRjhlc1BIRXJWbldfVkE?oc=5\" target=\"_blank\" rel=\"noopener\">A Marseille, le Petit S\u00e9minaire se la coule verte<\/a>&nbsp;&nbsp;Lib\u00e9ration<\/li>\n<\/ol>\n","protected":false},"excerpt":{"rendered":"\u00ab\u00a0Quartiers de demain\u00a0\u00bb : les dix cabinets d&rsquo;architectes, urbanistes et paysagistes laur\u00e9ats d\u00e9voil\u00e9s&nbsp;&nbsp;Franceinfo A Pessac, les tours de&hellip;\n","protected":false},"author":2,"featured_media":395849,"comment_status":"","ping_status":"","sticky":false,"template":"","format":"standard","meta":{"footnotes":""},"categories":[1358],"tags":[1348,1384,1385,1386,58,59,1011,27],"class_list":{"0":"post-573781","1":"post","2":"type-post","3":"status-publish","4":"format-standard","5":"has-post-thumbnail","7":"category-arts-et-design","8":"tag-arts","9":"tag-arts-and-design","10":"tag-arts-et-design","11":"tag-design","12":"tag-divertissement","13":"tag-entertainment","14":"tag-fr","15":"tag-france"},"share_on_mastodon":{"url":"https:\/\/pubeurope.com\/@fr\/115651624470290501","error":""},"_links":{"self":[{"href":"https:\/\/www.europesays.com\/fr\/wp-json\/wp\/v2\/posts\/573781","targetHints":{"allow":["GET"]}}],"collection":[{"href":"https:\/\/www.europesays.com\/fr\/wp-json\/wp\/v2\/posts"}],"about":[{"href":"https:\/\/www.europesays.com\/fr\/wp-json\/wp\/v2\/types\/post"}],"author":[{"embeddable":true,"href":"https:\/\/www.europesays.com\/fr\/wp-json\/wp\/v2\/users\/2"}],"replies":[{"embeddable":true,"href":"https:\/\/www.europesays.com\/fr\/wp-json\/wp\/v2\/comments?post=573781"}],"version-history":[{"count":0,"href":"https:\/\/www.europesays.com\/fr\/wp-json\/wp\/v2\/posts\/573781\/revisions"}],"wp:featuredmedia":[{"embeddable":true,"href":"https:\/\/www.europesays.com\/fr\/wp-json\/wp\/v2\/media\/395849"}],"wp:attachment":[{"href":"https:\/\/www.europesays.com\/fr\/wp-json\/wp\/v2\/media?parent=573781"}],"wp:term":[{"taxonomy":"category","embeddable":true,"href":"https:\/\/www.europesays.com\/fr\/wp-json\/wp\/v2\/categories?post=573781"},{"taxonomy":"post_tag","embeddable":true,"href":"https:\/\/www.europesays.com\/fr\/wp-json\/wp\/v2\/tags?post=573781"}],"curies":[{"name":"wp","href":"https:\/\/api.w.org\/{rel}","templated":true}]}}