{"id":573782,"date":"2025-12-02T19:29:09","date_gmt":"2025-12-02T19:29:09","guid":{"rendered":"https:\/\/www.europesays.com\/fr\/573782\/"},"modified":"2025-12-02T19:29:09","modified_gmt":"2025-12-02T19:29:09","slug":"cnews-contre-france-televisions-sequence-coupee-pravda-macron-sen-mele-5-questions-pour-comprendre-la-montee-de-tension-ladepeche-fr","status":"publish","type":"post","link":"https:\/\/www.europesays.com\/fr\/573782\/","title":{"rendered":"CNews contre France T\u00e9l\u00e9visions : s\u00e9quence coup\u00e9e, &quot;Pravda&quot;, Macron s&#039;en m\u00eale\u2026 5 questions pour comprendre la mont\u00e9e de tension &#8211; ladepeche.fr"},"content":{"rendered":"<ol>\n<li><a href=\"https:\/\/news.google.com\/rss\/articles\/CBMi_AFBVV95cUxPMG1kSmJfbHRCN3g1UWtWT1daQjE2ZXNDeVppMlB6UnhhUHpZNTd2RG1oSDAzMkJYRURqTlBQNExQcGNGTGdoMC05UTN5ME5kazA1UzhhQm5pMUtRTi1mdk5vdldyaGRSYUVCQkhxMWlNSnpXT2l0RmJEeXBDNEttS3ZIZEtaeGZJWUttZzZ1aGtJUFJwTTB1cjVZVzFSNFA1Nl90aVFtbkw2cGx3TzhseFFoUTZwQlJaR21NTTRDbzdqcFFfX2pCeUxYWUNmMGNma1pkRU9NYV9WZklReWR2cjlWbU9sckc1c1ZuNEg0ZjdDV0Nhd0dadUR5Um4?oc=5\" target=\"_blank\" rel=\"noopener\">CNews contre France T\u00e9l\u00e9visions : s\u00e9quence coup\u00e9e, \u00ab\u00a0Pravda\u00a0\u00bb, Macron s&rsquo;en m\u00eale\u2026 5 questions pour comprendre la mont\u00e9e de tension<\/a>&nbsp;&nbsp;ladepeche.fr<\/li>\n<li><a href=\"https:\/\/news.google.com\/rss\/articles\/CBMipAFBVV95cUxQNWdTcmQ3M2doZnhOVjF6cnNrQ0JmclltUHFFS3RDVm9tbnJOR2I4dGcyQjlOR0lsMGwtTkdwY3I5TlZ6VTM4OG9IS01MRlBKX290djZENmlxbHZLOXRWbEFObWpfdzNpeVRGN0hHZFVUQXNDTlhnaGNaYkZBcEVPQUh2S1pDNVZhR3RlM2lOWU1yNEhwLS1wQzhOem9RWVc3SWxpMw?oc=5\" target=\"_blank\" rel=\"noopener\">Des infos ou d\u00e9sinfo ? La m\u00e9thode CNews en replay &#8211; Compl\u00e9ment d&rsquo;enqu\u00eate<\/a>&nbsp;&nbsp;France TV<\/li>\n<li><a href=\"https:\/\/news.google.com\/rss\/articles\/CBMixgFBVV95cUxPdTlpc3Q1QksySFZWUGVacjJqNEY0NWx3UzNhWGhmb3BGNFZQdW9BTVpvbmJTTEFrVFBINUFWMTc5YUowQWdkenBBb3N2cllZSzBiNUNIUU5CRHJCa0dfY3B3d3loQ1kteGdwUWJzZDkta3JCX0lHU2piTzFyNmR4NnFSWUpmQk5naU95T180T0p1NUhoZXNHRUg0emVXeUl0UzZ3cDBjQVZWc2FyX2x4MmlDWlRhSzVISVR0RDMyQmlSSjZsbGc?oc=5\" target=\"_blank\" rel=\"noopener\">Comment le S\u00e9nat a obtenu que l\u2019Arcom adresse une \u00ab mise en garde \u00bb \u00e0 France 2<\/a>&nbsp;&nbsp;Mediapart<\/li>\n<li><a href=\"https:\/\/news.google.com\/rss\/articles\/CBMi9AFBVV95cUxNV05zNW1xR2t4Rm55VHBkdDNmUEJiMndXWXM4YU1zdmMyUHplNnlqNUJud3NQT2doaUZNMFpfaG81WTJka09LdVFJR1dZc1FhZmxRQ0YwY3BSVS1JTzV2RzR2dVhZTl9udW9CVVVnb0FKNnB5am9uQUE2aVd5SUl5clcxbHNKXzVJLXpTZmIwcjlsUEtTT01lcVM1NXgyVXZ5SmNCYlZ0NDYwSXo5Rm5HaXNRSlhKajFuMjIyS05HUEYwX2otUlNUcjRkU0w0VkFKRmZIdm5BaUtsb1ZZczhwazdyMmVrdS10M0RyY0lIUUxmWklO?oc=5\" target=\"_blank\" rel=\"noopener\">L\u2019Arcom inflige deux revers \u00e0 \u201cCompl\u00e9ment d\u2019enqu\u00eate\u201d dans la m\u00eame semaine, la r\u00e9daction de France TV d\u00e9fend l\u2019\u00e9mission<\/a>&nbsp;&nbsp;T\u00e9l\u00e9rama<\/li>\n<li><a href=\"https:\/\/news.google.com\/rss\/articles\/CBMimAFBVV95cUxQRG5GZlp6dnR3UEtXMVBIVmYyc0c1ZmlmWlN1ZXU4LXlKTmp3eU1Qb0hVTjFRQXIwc0FFUUgzalpNV0xpZm5uMEd1cEVKdThSeWl2bHBJYTdkZjFZUVFkUWxYMXNLTUVhd3hXV2NFMms3ZG9uTjVlZWhjaTRRTE9GczBaUFlTM1d4eko5ZHZCNjEzdmsxT2JrWA?oc=5\" target=\"_blank\" rel=\"noopener\">Imp\u00f4ts : le cadeau d&rsquo;adieu de Moscovici<\/a>&nbsp;&nbsp;europe1.fr<\/li>\n<\/ol>\n","protected":false},"excerpt":{"rendered":"CNews contre France T\u00e9l\u00e9visions : s\u00e9quence coup\u00e9e, \u00ab\u00a0Pravda\u00a0\u00bb, Macron s&rsquo;en m\u00eale\u2026 5 questions pour comprendre la mont\u00e9e de&hellip;\n","protected":false},"author":2,"featured_media":395849,"comment_status":"","ping_status":"","sticky":false,"template":"","format":"standard","meta":{"footnotes":""},"categories":[1356],"tags":[58,59,1011,27,252,1364],"class_list":{"0":"post-573782","1":"post","2":"type-post","3":"status-publish","4":"format-standard","5":"has-post-thumbnail","7":"category-television","8":"tag-divertissement","9":"tag-entertainment","10":"tag-fr","11":"tag-france","12":"tag-television","13":"tag-tv"},"share_on_mastodon":{"url":"https:\/\/pubeurope.com\/@fr\/115651632578848374","error":""},"_links":{"self":[{"href":"https:\/\/www.europesays.com\/fr\/wp-json\/wp\/v2\/posts\/573782","targetHints":{"allow":["GET"]}}],"collection":[{"href":"https:\/\/www.europesays.com\/fr\/wp-json\/wp\/v2\/posts"}],"about":[{"href":"https:\/\/www.europesays.com\/fr\/wp-json\/wp\/v2\/types\/post"}],"author":[{"embeddable":true,"href":"https:\/\/www.europesays.com\/fr\/wp-json\/wp\/v2\/users\/2"}],"replies":[{"embeddable":true,"href":"https:\/\/www.europesays.com\/fr\/wp-json\/wp\/v2\/comments?post=573782"}],"version-history":[{"count":0,"href":"https:\/\/www.europesays.com\/fr\/wp-json\/wp\/v2\/posts\/573782\/revisions"}],"wp:featuredmedia":[{"embeddable":true,"href":"https:\/\/www.europesays.com\/fr\/wp-json\/wp\/v2\/media\/395849"}],"wp:attachment":[{"href":"https:\/\/www.europesays.com\/fr\/wp-json\/wp\/v2\/media?parent=573782"}],"wp:term":[{"taxonomy":"category","embeddable":true,"href":"https:\/\/www.europesays.com\/fr\/wp-json\/wp\/v2\/categories?post=573782"},{"taxonomy":"post_tag","embeddable":true,"href":"https:\/\/www.europesays.com\/fr\/wp-json\/wp\/v2\/tags?post=573782"}],"curies":[{"name":"wp","href":"https:\/\/api.w.org\/{rel}","templated":true}]}}