{"id":573791,"date":"2025-12-02T19:35:13","date_gmt":"2025-12-02T19:35:13","guid":{"rendered":"https:\/\/www.europesays.com\/fr\/573791\/"},"modified":"2025-12-02T19:35:13","modified_gmt":"2025-12-02T19:35:13","slug":"cette-veste-decathlon-confortable-et-ultra-tendance-est-la-piece-mode-parfaite-pour-lhiver-2025","status":"publish","type":"post","link":"https:\/\/www.europesays.com\/fr\/573791\/","title":{"rendered":"Cette veste Decathlon confortable et ultra tendance est la pi\u00e8ce mode parfaite pour l&rsquo;hiver 2025"},"content":{"rendered":"<p>Si vous cherchez \u00e0 affirmer votre style, il n\u2019y a pas de secret<br \/>\n: il faut vous faire confiance et miser sur des pi\u00e8ces qui vous<br \/>\nressemblent vraiment.\u00a0<\/p>\n<p>La styliste personnelle <a href=\"https:\/\/www.styliste-personnelle.com\/\" target=\"_blank\" rel=\"nofollow noopener\">Isabelle Thomas<\/a> l\u2019affirme :<br \/>\n\u201cl\u2019essentiel est de s\u2019habiller dans des v\u00eatements qui tombent<br \/>\nbien sur vous et correspondent \u00e0 vos envies actuelles, et pas aux<br \/>\nlooks d\u2019un tableau Pinterest.\u201d Surtout qu\u2019en fonction des<br \/>\nann\u00e9es, la morphologie, le style, les tendances et les go\u00fbts<br \/>\n\u00e9voluent. Bref : rien n\u2019est fig\u00e9 !<\/p>\n<p>Decathlon d\u00e9voile sa veste kimono originale pour l\u2019hiver<\/p>\n<p>Concr\u00e8tement, cela implique potentiellement de troquer son<br \/>\nhabituel manteau long en laine pour une version plus originale, ou<br \/>\nencore de laisser au placard sa veste matelass\u00e9e pour un manteau<br \/>\nkimono, ultra tendance et r\u00e9solument sophistiqu\u00e9. C\u2019est justement<br \/>\nce que propose <a href=\"https:\/\/www.mariefrance.fr\/mode\/shopping-mode\/ce-sweat-de-yoga-en-polaire-dispo-chez-decathlon-devient-notre-nouvel-incontournable-mode-cet-hiver-2025-1214246.html\" target=\"_blank\" rel=\"noopener\"><br \/>\nl\u2019enseigne<\/a> d\u2019\u00e9quipement de sport <a href=\"https:\/\/www.mariefrance.fr\/mode\/decathlon-adieu-les-vetements-de-sport-lenseigne-frappe-fort-avec-sa-nouvelle-collection-lifestyle-1102102.html\" target=\"_blank\" rel=\"noopener\"><br \/>\nDecathlon<\/a>.\u00a0<\/p>\n<p>Depuis quelques mois, la marque s\u2019impose sur le march\u00e9 de la<br \/>\n<a href=\"https:\/\/www.mariefrance.fr\/mode\/shopping-mode\/ce-sweat-de-yoga-en-polaire-dispo-chez-decathlon-devient-notre-nouvel-incontournable-mode-cet-hiver-2025-1214246.html\" target=\"_blank\" rel=\"noopener\"><br \/>\nmode<\/a>, l\u00e0 o\u00f9 on ne l&rsquo;attendait pas, avec des pi\u00e8ces tendances, \u00e0<br \/>\nporter aussi bien pour une s\u00e9ance de sport que pour une balade en<br \/>\nville, mais il faut avouer que cette veste kimono se d\u00e9marque par<br \/>\nson allure citadine. En l\u00e9gende du produit, on peut lire :<br \/>\n\u201cR\u00e9versible et d\u00e9perlante, cette veste kimono offre 2 looks en 1,<br \/>\nalliant praticit\u00e9 et style d\u00e9contract\u00e9. En \u00e9dition limit\u00e9e, cette<br \/>\nveste kimono est id\u00e9ale pour apporter une touche de style \u00e0 vos<br \/>\ntenues.\u201d Disponible du XS au XXL, au prix de <strong>59,99<br \/>\neuros<\/strong>, cette veste est une affaire en or. Not\u00e9e 4,2\/5,<br \/>\nelle r\u00e9colte tous les suffrages. En commentaires, on peut lire :<br \/>\n\u201cParfaite\u201d ou encore \u201cSuper cette nouvelle collection.\u201d<\/p>\n<p><img loading=\"lazy\" decoding=\"async\" aria-describedby=\"caption-attachment-1214529\" itemprop=\"thumbnailUrl\" class=\"size-full wp-image-1214529 img-responsive\" src=\"https:\/\/www.europesays.com\/fr\/wp-content\/uploads\/2025\/12\/2-81.jpg\" alt=\"\" width=\"600\" height=\"900\"\/> \u00a9 Decathlon<\/p>\n<p id=\"caption-attachment-1214529\" class=\"wp-caption-text\">On a<br \/>\ntrouv\u00e9 la veste Decathlon confortable et ultra tendance, parfaite<br \/>\npour l&rsquo;hiver 2025<\/p>\n<p>Comment porter la veste kimono ?<\/p>\n<p>Ce que l\u2019on aime dans cette veste ? Son c\u00f4t\u00e9 unisexe, sa coupe<br \/>\nlarge, mais structur\u00e9e et son coloris bleu marine qui va avec<br \/>\ntout.\u00a0<\/p>\n<p>C\u00f4t\u00e9 style, on l\u2019imagine associ\u00e9e \u00e0 un pull col roul\u00e9, un jean<br \/>\ndroit brut et une paire de souliers d\u00e9contract\u00e9s comme des<br \/>\nsneakers, des bottines plates ou des mocassins, pour une allure<br \/>\nplus chic. Pas de doute : cette veste fa\u00e7on <strong>kimono<br \/>\nUppercute<\/strong> r\u00e9colte d\u00e9j\u00e0 tous les suffrages et on parie<br \/>\nqu\u2019elle se glissera facilement dans votre dressing d\u2019hiver. Alors,<br \/>\nconvaincu.e.s ?<\/p>\n","protected":false},"excerpt":{"rendered":"Si vous cherchez \u00e0 affirmer votre style, il n\u2019y a pas de secret : il faut vous faire&hellip;\n","protected":false},"author":2,"featured_media":573792,"comment_status":"","ping_status":"","sticky":false,"template":"","format":"standard","meta":{"footnotes":""},"categories":[8],"tags":[58,59,1011,27,6055,33089,990],"class_list":{"0":"post-573791","1":"post","2":"type-post","3":"status-publish","4":"format-standard","5":"has-post-thumbnail","7":"category-divertissement","8":"tag-divertissement","9":"tag-entertainment","10":"tag-fr","11":"tag-france","12":"tag-republishing","13":"tag-shopping-mode","14":"tag-tendance-mode"},"share_on_mastodon":{"url":"https:\/\/pubeurope.com\/@fr\/115651657036474011","error":""},"_links":{"self":[{"href":"https:\/\/www.europesays.com\/fr\/wp-json\/wp\/v2\/posts\/573791","targetHints":{"allow":["GET"]}}],"collection":[{"href":"https:\/\/www.europesays.com\/fr\/wp-json\/wp\/v2\/posts"}],"about":[{"href":"https:\/\/www.europesays.com\/fr\/wp-json\/wp\/v2\/types\/post"}],"author":[{"embeddable":true,"href":"https:\/\/www.europesays.com\/fr\/wp-json\/wp\/v2\/users\/2"}],"replies":[{"embeddable":true,"href":"https:\/\/www.europesays.com\/fr\/wp-json\/wp\/v2\/comments?post=573791"}],"version-history":[{"count":0,"href":"https:\/\/www.europesays.com\/fr\/wp-json\/wp\/v2\/posts\/573791\/revisions"}],"wp:featuredmedia":[{"embeddable":true,"href":"https:\/\/www.europesays.com\/fr\/wp-json\/wp\/v2\/media\/573792"}],"wp:attachment":[{"href":"https:\/\/www.europesays.com\/fr\/wp-json\/wp\/v2\/media?parent=573791"}],"wp:term":[{"taxonomy":"category","embeddable":true,"href":"https:\/\/www.europesays.com\/fr\/wp-json\/wp\/v2\/categories?post=573791"},{"taxonomy":"post_tag","embeddable":true,"href":"https:\/\/www.europesays.com\/fr\/wp-json\/wp\/v2\/tags?post=573791"}],"curies":[{"name":"wp","href":"https:\/\/api.w.org\/{rel}","templated":true}]}}