{"id":573795,"date":"2025-12-02T19:37:23","date_gmt":"2025-12-02T19:37:23","guid":{"rendered":"https:\/\/www.europesays.com\/fr\/573795\/"},"modified":"2025-12-02T19:37:23","modified_gmt":"2025-12-02T19:37:23","slug":"voici-la-premiere-station-service-sans-pompe-a-essence-en-france-et-cest-une-petite-revolution-frandroid","status":"publish","type":"post","link":"https:\/\/www.europesays.com\/fr\/573795\/","title":{"rendered":"Voici la premi\u00e8re station-service sans pompe \u00e0 essence en France, et c&rsquo;est une petite r\u00e9volution \u2014 Frandroid"},"content":{"rendered":"<p><strong>En Bretagne, l\u2019entreprise n\u00e9erlandaise Fastned va inaugurer en 2026 une station-service d\u2019un nouveau genre : sans une goutte d\u2019essence<\/strong> et uniquement r\u00e9serv\u00e9e aux voitures \u00e9lectriques avec la pr\u00e9sence de bornes de recharge.<\/p>\n<p><a target=\"_blank\" href=\"https:\/\/images.frandroid.com\/wp-content\/uploads\/2025\/09\/fastnedgentbrugge4small.jpg\" class=\"article-content__figure\" rel=\"noopener\"><img loading=\"lazy\" decoding=\"async\" width=\"1200\" height=\"900\" src=\"https:\/\/www.europesays.com\/fr\/wp-content\/uploads\/2025\/12\/fastnedgentbrugge4small-1200x900.jpg\" alt=\"\" class=\"wp-image-2799423 wp-image\"  \/><\/a>Cr\u00e9dit : Fastned<\/p>\n<p>Jusqu\u2019\u00e0 pr\u00e9sent, en France, voitures \u00e9lectriques et voitures thermiques partageaient les m\u00eames stations pour faire le plein d\u2019\u00e9lectrons ou le plein d\u2019essence, notamment parce que la plupart des bornes, notamment sur autoroutes, ont \u00e9t\u00e9 implant\u00e9es au sein des grandes aires, pour permettre de profiter, entre autres, des services pr\u00e9sents d\u00e9j\u00e0 sur place.<\/p>\n<p>Mais si les stations-services (et non pas les aires d\u2019autoroute) restent pour la plupart r\u00e9serv\u00e9es aux voitures thermiques, avec parfois une ou deux bornes d\u2019un autre \u00e2ge qui tra\u00eenent au fond d\u2019un parking, <strong>il n\u2019existait pas encore de vraies stations-services pour les voitures \u00e9lectriques<\/strong>.<\/p>\n<p>Et quand on dit stations-services, on ne fait pas r\u00e9f\u00e9rence aux stations de recharge, parfois perdues au milieu de nulle part.<\/p>\n<p>Une premi\u00e8re sur le r\u00e9seau routier fran\u00e7ais<\/p>\n<p>C\u2019est \u00e0 St Yvi, en Bretagne, que la France franchira ce petit cap symbolique. <a href=\"https:\/\/www.frandroid.com\/survoltes\/voitures-electriques\/1350559_fastned-votre-voiture-electrique-va-pouvoir-gouter-a-la-charge-rapide-en-ville\" data-type=\"post\" data-id=\"1350559\" target=\"_blank\" rel=\"noopener\">Fastned<\/a>, sp\u00e9cialiste europ\u00e9en de la recharge \u00e9lectrique, a remport\u00e9 l\u2019appel d\u2019offres lanc\u00e9 par la Direction interd\u00e9partementale des routes Ouest pour concevoir et exploiter <strong>la premi\u00e8re aire de service exclusivement d\u00e9di\u00e9e aux v\u00e9hicules \u00e9lectriques sur les routes nationales fran\u00e7aises<\/strong>.<\/p>\n<p><a href=\"https:\/\/images.frandroid.com\/wp-content\/uploads\/2025\/12\/fastnedrenderstyvi1.jpg\" target=\"_blank\" class=\"article-content__figure\" rel=\"noopener\"><img loading=\"lazy\" decoding=\"async\" width=\"1200\" height=\"614\" src=\"https:\/\/www.europesays.com\/fr\/wp-content\/uploads\/2025\/12\/fastnedrenderstyvi1-1200x614.jpg\" alt=\"\" class=\"wp-image-2895873 wp-image\"  \/><\/a><\/p>\n<p>Le projet, pr\u00e9vu pour 2026 <strong>le long de la Route Nationale 165<\/strong> (un axe emprunt\u00e9 quotidiennement par plus de 28 000 v\u00e9hicules selon <a href=\"https:\/\/www.frandroid.com\/survoltes\/voitures-electriques\/2528575_la-recharge-des-voitures-electriques-en-15-minutes-se-rapproche-enfin-de-france\" target=\"_blank\" rel=\"noopener\">le communiqu\u00e9 de presse publi\u00e9 par Fastned<\/a>) promet <strong>six bornes ultra-rapides de 400 kW<\/strong>, dont une adapt\u00e9e aux <a href=\"https:\/\/www.frandroid.com\/survoltes\/voitures-electriques\/2828991_leurope-prend-une-excellente-decision-pour-les-camions-electriques\" data-type=\"link\" data-id=\"https:\/\/www.frandroid.com\/survoltes\/voitures-electriques\/2828991_leurope-prend-une-excellente-decision-pour-les-camions-electriques\" target=\"_blank\" rel=\"noopener\">poids lourds \u00e9lectriques<\/a>. L\u2019enjeu est de taille : transformer une simple halte routi\u00e8re en v\u00e9ritable exp\u00e9rience utilisateur, avec boutique, sanitaires et jardin paysager sous le fameux auvent solaire de la marque.<\/p>\n<p>Un nombre de bornes d\u00e9j\u00e0 trop juste ?<\/p>\n<p>Fastned vend un r\u00eave : \u00ab\u00a0l\u2019aire de service du futur\u00a0\u00bb, aliment\u00e9e \u00e0 100 % par des \u00e9nergies renouvelables. Apr\u00e8s la Belgique en septembre 2025, la France devient le deuxi\u00e8me pays \u00e0 adopter cette vision radicale d\u2019espaces \u00ab\u00a0con\u00e7us pour les gens, pas pour les voitures\u00a0\u00bb. Le discours est s\u00e9duisant, mais quelques questions demeurent, notamment <strong>la pr\u00e9sence de seulement six points de charge<\/strong>. <\/p>\n<p><a href=\"https:\/\/images.frandroid.com\/wp-content\/uploads\/2025\/12\/fastnerrenderstyvistation.jpg\" target=\"_blank\" class=\"article-content__figure\" rel=\"noopener\"><img fetchpriority=\"high\" decoding=\"async\" loading=\"eager\" width=\"1042\" height=\"546\" src=\"https:\/\/www.europesays.com\/fr\/wp-content\/uploads\/2025\/12\/fastnerrenderstyvistation.jpg\" alt=\"\" class=\"wp-image-2895829 wp-image wp-image\"  \/><\/a><\/p>\n<p>L\u2019infrastructure sera-t-elle suffisante lors des grands d\u00e9parts en vacances, d\u2019autant plus que la Bretagne, malgr\u00e9 l\u2019absence d\u2019autoroute, est un lieu pl\u00e9biscit\u00e9 chaque \u00e9t\u00e9 par les touristes ?<\/p>\n<p>Toujours est-il que Fastned, qui exploite d\u00e9j\u00e0 plus de 380 stations \u00e0 travers l\u2019Europe, dont <strong>une cinquantaine en France depuis 2021<\/strong>, continue son petit bonhomme de chemin et ses stations sont de plus en plus r\u00e9pandues en France et en Europe.<\/p>\n<p>Le saviez-vous ? Google News vous permet de choisir vos m\u00e9dias. Ne passez pas \u00e0 c\u00f4t\u00e9 de <a href=\"https:\/\/news.google.com\/publications\/CAAqBggKMICKMDCuyQU?oc=3\" target=\"_blank\" rel=\"noopener\">Frandroid<\/a> et <a href=\"https:\/\/news.google.com\/publications\/CAAqBwgKMNO2ogkwmIaYAg?oc=3\" target=\"_blank\" rel=\"noopener\">Numerama<\/a>.<\/p>\n","protected":false},"excerpt":{"rendered":"En Bretagne, l\u2019entreprise n\u00e9erlandaise Fastned va inaugurer en 2026 une station-service d\u2019un nouveau genre : sans une goutte&hellip;\n","protected":false},"author":2,"featured_media":573796,"comment_status":"","ping_status":"","sticky":false,"template":"","format":"standard","meta":{"footnotes":""},"categories":[6],"tags":[35,33,34,68810,1011,27],"class_list":{"0":"post-573795","1":"post","2":"type-post","3":"status-publish","4":"format-standard","5":"has-post-thumbnail","7":"category-economie","8":"tag-business","9":"tag-economie","10":"tag-economy","11":"tag-fastned","12":"tag-fr","13":"tag-france"},"share_on_mastodon":{"url":"https:\/\/pubeurope.com\/@fr\/115651664737760067","error":""},"_links":{"self":[{"href":"https:\/\/www.europesays.com\/fr\/wp-json\/wp\/v2\/posts\/573795","targetHints":{"allow":["GET"]}}],"collection":[{"href":"https:\/\/www.europesays.com\/fr\/wp-json\/wp\/v2\/posts"}],"about":[{"href":"https:\/\/www.europesays.com\/fr\/wp-json\/wp\/v2\/types\/post"}],"author":[{"embeddable":true,"href":"https:\/\/www.europesays.com\/fr\/wp-json\/wp\/v2\/users\/2"}],"replies":[{"embeddable":true,"href":"https:\/\/www.europesays.com\/fr\/wp-json\/wp\/v2\/comments?post=573795"}],"version-history":[{"count":0,"href":"https:\/\/www.europesays.com\/fr\/wp-json\/wp\/v2\/posts\/573795\/revisions"}],"wp:featuredmedia":[{"embeddable":true,"href":"https:\/\/www.europesays.com\/fr\/wp-json\/wp\/v2\/media\/573796"}],"wp:attachment":[{"href":"https:\/\/www.europesays.com\/fr\/wp-json\/wp\/v2\/media?parent=573795"}],"wp:term":[{"taxonomy":"category","embeddable":true,"href":"https:\/\/www.europesays.com\/fr\/wp-json\/wp\/v2\/categories?post=573795"},{"taxonomy":"post_tag","embeddable":true,"href":"https:\/\/www.europesays.com\/fr\/wp-json\/wp\/v2\/tags?post=573795"}],"curies":[{"name":"wp","href":"https:\/\/api.w.org\/{rel}","templated":true}]}}