{"id":57380,"date":"2025-04-27T18:04:10","date_gmt":"2025-04-27T18:04:10","guid":{"rendered":"https:\/\/www.europesays.com\/fr\/57380\/"},"modified":"2025-04-27T18:04:10","modified_gmt":"2025-04-27T18:04:10","slug":"ca-nenjolive-pas-le-coin-quand-toulon-se-debarrasse-des-epaves-de-bateaux-qui-polluent-sa-rade","status":"publish","type":"post","link":"https:\/\/www.europesays.com\/fr\/57380\/","title":{"rendered":"\u00ab\u00a0\u00c7a n&rsquo;enjolive pas le coin\u00a0\u00bb : quand Toulon se d\u00e9barrasse des \u00e9paves de bateaux qui polluent sa rade"},"content":{"rendered":"<p>Dans la rade de Toulon, les services de l&rsquo;\u00c9tat ont lanc\u00e9 une vaste op\u00e9ration de nettoyage un peu particuli\u00e8re.Il s&rsquo;agit d&rsquo;enlever les \u00e9paves de bateaux dangereuses et polluantes.Elles sont pour la plupart abandonn\u00e9es en fin de vie par leurs propri\u00e9taires.<a href=\"https:\/\/www.tf1info.fr\/actualite\/initiatives-environnementales-12929\/\" rel=\"noopener\" class=\"jsx-3118104007 Link jsx-1428418400 jsx-1797245342\" target=\"_blank\"><\/p>\n<p style=\"font-weight:400\" class=\"jsx-1837267516\">Suivez la couverture compl\u00e8te<\/p>\n<p style=\"font-weight:800\" class=\"jsx-1837267516\">Initiatives environnementales<\/p>\n<p><\/a><\/p>\n<p data-module=\"article-paragraph\" class=\"jsx-362436225 Paragraph Paragraph__End\">Depuis le mois de f\u00e9vrier, les services de l&rsquo;\u00c9tat m\u00e8nent une op\u00e9ration p\u00e9rilleuse dans la rade de Toulon : il s&rsquo;agit de r\u00e9cup\u00e9rer les \u00e9paves, qui pour certaines gisent par cinq m\u00e8tres de fond depuis des ann\u00e9es. \u00ab\u00a0Il y a le poids des bateaux qui peut varier, la fragilit\u00e9 des bateaux, il y a aussi l&rsquo;environnement \u00e0 prendre en compte\u00a0\u00bb, d\u00e9taille Guillaume Sepeau, coordinateur d&rsquo;exploitation de l&rsquo;entreprise Birukoff, dans le reportage de TF1 ci-dessus.<\/p>\n<blockquote class=\"jsx-2786790838 Quote__Text\"><p>La majorit\u00e9 des \u00e9paves qui ont \u00e9t\u00e9 renflou\u00e9es dans le cadre de cette op\u00e9ration mesurent entre 5 et 10 m\u00e8tres maximum.<\/p><\/blockquote>\n<p>Laurelyne Van Iseghem, responsable de l&rsquo;op\u00e9ration nettoyage de la rade de Toulon<\/p>\n<p data-module=\"article-paragraph\" class=\"jsx-362436225 Paragraph Paragraph__End\">Ces \u00e9paves sont dangereuses et polluantes. Alors, pour les habitants, les enlever est une n\u00e9cessit\u00e9. \u00ab\u00a0C&rsquo;est une \u00e9pave qui ne sert \u00e0 rien maintenant. \u00c7a n&rsquo;enjolive pas le coin\u00a0\u00bb, estime un retrait\u00e9. La petite rade n&rsquo;est pas la seule concern\u00e9e. En 2024, la pr\u00e9fecture maritime a recens\u00e9 110 \u00e9paves en mer M\u00e9diterran\u00e9e. \u00a0<\/p>\n<p><img decoding=\"async\" src=\"https:\/\/www.europesays.com\/fr\/wp-content\/uploads\/2025\/04\/capjta-epaves-mediterranee-e398f1-0@1x.jpeg\" alt=\"\" loading=\"lazy\" importance=\"low\" fetchpriority=\"low\" class=\"\"\/>TF1<\/p>\n<p data-module=\"article-paragraph\" class=\"jsx-362436225 Paragraph Paragraph__End\">Certaines sont compliqu\u00e9es \u00e0 rep\u00e9rer, d&rsquo;autres tr\u00f4nent au milieu des ports. Comme \u00e0 Toulon o\u00f9 un voilier de 14 m\u00e8tres a \u00e9t\u00e9 r\u00e9cup\u00e9r\u00e9, parmi les 53 \u00e9paves ramen\u00e9es en surface. \u00ab\u00a0C&rsquo;est une \u00e9pave relativement importante. Pour vous donner un ordre d&rsquo;id\u00e9e, la majorit\u00e9 des \u00e9paves qui ont \u00e9t\u00e9 renflou\u00e9es dans le cadre de cette op\u00e9ration mesurent entre 5 et 10 m\u00e8tres maximum\u00a0\u00bb, explique Laurelyne Van Iseghem, responsable de l&rsquo;op\u00e9ration nettoyage de la rade.<\/p>\n<ul class=\"jsx-658110588 ReadMoreArticle__List flex flex-column\">\n<li class=\"jsx-658110588\"><a href=\"https:\/\/www.tf1info.fr\/traditions-et-patrimoine\/video-reportage-jt-tf1-charente-des-vestiges-rares-et-en-danger-l-enigme-des-epaves-de-saintes-sera-t-elle-un-jour-resolue-2339986.html\" rel=\"noopener\" class=\"jsx-4233824444 Link flex\" target=\"_blank\"><img decoding=\"async\" src=\"https:\/\/www.europesays.com\/fr\/wp-content\/uploads\/2025\/04\/beateux-charentes-2-1709da-0@1x.jpeg\" alt=\"Lire aussi\" loading=\"lazy\" importance=\"low\" fetchpriority=\"low\" class=\"\" copyright=\"TF1\"\/>\n<p class=\"jsx-658110588 ReadMoreArticle__Title\">Lire aussi<\/p>\n<p class=\"jsx-658110588\">Des vestiges rares et en danger : l&rsquo;\u00e9nigme des \u00e9paves de Saintes sera-t-elle un jour r\u00e9solue ?<\/p>\n<p><\/a><\/li>\n<\/ul>\n<p data-module=\"article-paragraph\" class=\"jsx-362436225 Paragraph Paragraph__End\">Souvent mal amarr\u00e9es, les bateaux s&rsquo;ab\u00eement pendant les temp\u00eates. R\u00e9sultat, les propri\u00e9taires pr\u00e9f\u00e8rent les abandonner plut\u00f4t que de payer l&rsquo;enl\u00e8vement, laissant cette charge \u00e0 l&rsquo;\u00c9tat. Le co\u00fbt est estim\u00e9 \u00e0 640.000 euros au total. \u00ab\u00a0Malgr\u00e9 l&rsquo;immatriculation, parfois, il est tr\u00e8s difficile d&rsquo;identifier le propri\u00e9taire r\u00e9el. Si on l&rsquo;identifie, on essaye de r\u00e9aliser le renflouement de l&rsquo;\u00e9pave, mais par contre de faire supporter les frais engag\u00e9s sur le propri\u00e9taire d\u00e9clar\u00e9 dans nos fichiers\u00a0\u00bb, pr\u00e9cise la responsable.\u00a0Une fois extraits, ces bateaux sont transf\u00e9r\u00e9s vers des centres de d\u00e9construction. L&rsquo;op\u00e9ration devrait durer encore une dizaine de jours.<\/p>\n<p>La r\u00e9daction de TF1info | Reportage : Charlotte GERBELOT et Maroine JIT<\/p>\n","protected":false},"excerpt":{"rendered":"Dans la rade de Toulon, les services de l&rsquo;\u00c9tat ont lanc\u00e9 une vaste op\u00e9ration de nettoyage un peu&hellip;\n","protected":false},"author":2,"featured_media":57381,"comment_status":"","ping_status":"","sticky":false,"template":"","format":"standard","meta":{"footnotes":""},"categories":[9619],"tags":[1111,11,1921,1777,674,1011,27,1922,8472,2948,12,1800,882,25,2310,2803,133,5737],"class_list":{"0":"post-57380","1":"post","2":"type-post","3":"status-publish","4":"format-standard","5":"has-post-thumbnail","7":"category-toulon","8":"tag-actu","9":"tag-actualites","10":"tag-article-video","11":"tag-eu","12":"tag-europe","13":"tag-fr","14":"tag-france","15":"tag-info","16":"tag-initiatives-environnementales","17":"tag-le-we-20h","18":"tag-news","19":"tag-pollution","20":"tag-provence-alpes-cote-dazur","21":"tag-republique-francaise","22":"tag-toulon","23":"tag-transport","24":"tag-video","25":"tag-video-environnement"},"share_on_mastodon":{"url":"https:\/\/pubeurope.com\/@fr\/114411252501047529","error":""},"_links":{"self":[{"href":"https:\/\/www.europesays.com\/fr\/wp-json\/wp\/v2\/posts\/57380","targetHints":{"allow":["GET"]}}],"collection":[{"href":"https:\/\/www.europesays.com\/fr\/wp-json\/wp\/v2\/posts"}],"about":[{"href":"https:\/\/www.europesays.com\/fr\/wp-json\/wp\/v2\/types\/post"}],"author":[{"embeddable":true,"href":"https:\/\/www.europesays.com\/fr\/wp-json\/wp\/v2\/users\/2"}],"replies":[{"embeddable":true,"href":"https:\/\/www.europesays.com\/fr\/wp-json\/wp\/v2\/comments?post=57380"}],"version-history":[{"count":0,"href":"https:\/\/www.europesays.com\/fr\/wp-json\/wp\/v2\/posts\/57380\/revisions"}],"wp:featuredmedia":[{"embeddable":true,"href":"https:\/\/www.europesays.com\/fr\/wp-json\/wp\/v2\/media\/57381"}],"wp:attachment":[{"href":"https:\/\/www.europesays.com\/fr\/wp-json\/wp\/v2\/media?parent=57380"}],"wp:term":[{"taxonomy":"category","embeddable":true,"href":"https:\/\/www.europesays.com\/fr\/wp-json\/wp\/v2\/categories?post=57380"},{"taxonomy":"post_tag","embeddable":true,"href":"https:\/\/www.europesays.com\/fr\/wp-json\/wp\/v2\/tags?post=57380"}],"curies":[{"name":"wp","href":"https:\/\/api.w.org\/{rel}","templated":true}]}}