{"id":573806,"date":"2025-12-02T19:43:14","date_gmt":"2025-12-02T19:43:14","guid":{"rendered":"https:\/\/www.europesays.com\/fr\/573806\/"},"modified":"2025-12-02T19:43:14","modified_gmt":"2025-12-02T19:43:14","slug":"boris-bobz-fait-don-de-2-400-e-a-linstitut-de-cancerologie-de-lorraine","status":"publish","type":"post","link":"https:\/\/www.europesays.com\/fr\/573806\/","title":{"rendered":"Boris Bobz fait don de 2 400 \u20ac \u00e0 l\u2019Institut de canc\u00e9rologie de Lorraine"},"content":{"rendered":"<p>Apr\u00e8s un mois pass\u00e9 \u00e0 collecter des fonds gr\u00e2ce \u00e0 la vente de ses badges, l\u2019artiste Boris Bobz a pu remettre un ch\u00e8que d\u2019un montant de 2 400 \u20ac \u00e0 l\u2019Institut de canc\u00e9rologie de Lorraine (ICL).<\/p>\n<p>Ce contenu est bloqu\u00e9 car vous n&rsquo;avez pas accept\u00e9 les cookies et autres traceurs.<\/p>\n<p>En cliquant sur \u00ab J\u2019accepte \u00bb, les cookies et autres traceurs seront d\u00e9pos\u00e9s et vous pourrez visualiser les contenus  (<a href=\"\" class=\"consentModule_policy\" target=\"_blank\" title=\"Consulter la politique de protection des donn\u00e9es du fournisseur\">plus d&rsquo;informations<\/a>).<\/p>\n<p>En cliquant sur \u00ab J\u2019accepte tous les cookies \u00bb, vous autorisez des d\u00e9p\u00f4ts de cookies et autres traceurs pour le stockage de vos donn\u00e9es sur nos sites et applications \u00e0 des fins de personnalisation et de ciblage publicitaire.<\/p>\n<p class=\"consentModule_secondaryText\">Vous gardez la possibilit\u00e9 de retirer votre consentement \u00e0 tout moment en consultant notre <a href=\"https:\/\/www.republicain-lorrain.fr\/protection-des-donnees\" target=\"_blank\" title=\"Consulter notre politique de protection des donn\u00e9es\" rel=\"noopener\">politique de protection des donn\u00e9es<\/a>. <br \/>&#13;<br \/>\n            <a href=\"https:\/\/www.republicain-lorrain.fr\/sante\/2025\/12\/03\/javascript:Didomi.notice.show()\" class=\"consentModule_cmp\" target=\"_blank\" rel=\"noopener\">G\u00e9rer mes choix<\/a>&#13;\n        <\/p>\n<p>&#13;<br \/>\n                        J&rsquo;accepte&#13;<br \/>\n            J&rsquo;accepte tous les cookies&#13;\n        <\/p>\n<p>D\u2019apr\u00e8s sa compagne, Audrey Vidili, tous les dons r\u00e9unis cette ann\u00e9e serviront \u00e0 financer un tout nouveau type de mammographe, qui sera par la suite d\u00e9velopp\u00e9 \u00e0 l\u2019international. \u00ab Pour cet appareil, c\u2019est la femme qui pourra g\u00e9rer elle-m\u00eame la compression au niveau de son sein \u00bb, explique-t-elle. Selon cette ancienne malade, les sp\u00e9cialistes auraient des images beaucoup plus nettes du sein de la patiente, \u00ab puisqu\u2019elle angoisse moins et ressent moins la douleur, donc elle bouge moins \u00bb.<\/p>\n<p>  Merci les followers<\/p>\n<p>Le couple a r\u00e9uni cette somme surtout gr\u00e2ce \u00e0 la communaut\u00e9 de Boris sur les r\u00e9seaux sociaux. \u00ab Il y en a beaucoup qui se sont rendus dans les points de vente de leur commune. \u00bb N\u00e9anmoins, l\u2019ann\u00e9e derni\u00e8re, Boris avait r\u00e9uni 3 500 \u20ac en vendant des petits morceaux de puzzle. \u00ab On a surtout vendu le badge rose. Il \u00e9tait en rupture de stock et on avait encore de la demande derri\u00e8re. \u00bb La couleur parlait peut-\u00eatre plus aux particuliers engag\u00e9s pour la cause ? \u00ab Tant pis, on aura eu notre petite le\u00e7on de marketing pour <a href=\"https:\/\/www.republicain-lorrain.fr\/culture-loisirs\/2025\/10\/05\/a-peine-assis-sur-le-canape-du-salon-boris-bobz-et-audrey-vidili-doivent-se-relever-pour-aller\" target=\"_blank\" rel=\"noopener\">l\u2019ann\u00e9e prochaine<\/a> ! \u00bb<\/p>\n","protected":false},"excerpt":{"rendered":"Apr\u00e8s un mois pass\u00e9 \u00e0 collecter des fonds gr\u00e2ce \u00e0 la vente de ses badges, l\u2019artiste Boris Bobz&hellip;\n","protected":false},"author":2,"featured_media":573807,"comment_status":"","ping_status":"","sticky":false,"template":"","format":"standard","meta":{"footnotes":""},"categories":[9635],"tags":[1111,11,60255,23617,15834,1777,674,1011,27,775,1702,12,25,71,104,1631],"class_list":{"0":"post-573806","1":"post","2":"type-post","3":"status-publish","4":"format-standard","5":"has-post-thumbnail","7":"category-nancy","8":"tag-actu","9":"tag-actualites","10":"tag-auboue","11":"tag-cc-orne-lorraine-confluences-54e1","12":"tag-edition-briey","13":"tag-eu","14":"tag-europe","15":"tag-fr","16":"tag-france","17":"tag-grand-est","18":"tag-nancy","19":"tag-news","20":"tag-republique-francaise","21":"tag-sante","22":"tag-societe","23":"tag-vie-associative"},"share_on_mastodon":{"url":"https:\/\/pubeurope.com\/@fr\/115651687505666500","error":""},"_links":{"self":[{"href":"https:\/\/www.europesays.com\/fr\/wp-json\/wp\/v2\/posts\/573806","targetHints":{"allow":["GET"]}}],"collection":[{"href":"https:\/\/www.europesays.com\/fr\/wp-json\/wp\/v2\/posts"}],"about":[{"href":"https:\/\/www.europesays.com\/fr\/wp-json\/wp\/v2\/types\/post"}],"author":[{"embeddable":true,"href":"https:\/\/www.europesays.com\/fr\/wp-json\/wp\/v2\/users\/2"}],"replies":[{"embeddable":true,"href":"https:\/\/www.europesays.com\/fr\/wp-json\/wp\/v2\/comments?post=573806"}],"version-history":[{"count":0,"href":"https:\/\/www.europesays.com\/fr\/wp-json\/wp\/v2\/posts\/573806\/revisions"}],"wp:featuredmedia":[{"embeddable":true,"href":"https:\/\/www.europesays.com\/fr\/wp-json\/wp\/v2\/media\/573807"}],"wp:attachment":[{"href":"https:\/\/www.europesays.com\/fr\/wp-json\/wp\/v2\/media?parent=573806"}],"wp:term":[{"taxonomy":"category","embeddable":true,"href":"https:\/\/www.europesays.com\/fr\/wp-json\/wp\/v2\/categories?post=573806"},{"taxonomy":"post_tag","embeddable":true,"href":"https:\/\/www.europesays.com\/fr\/wp-json\/wp\/v2\/tags?post=573806"}],"curies":[{"name":"wp","href":"https:\/\/api.w.org\/{rel}","templated":true}]}}