{"id":573810,"date":"2025-12-02T19:45:16","date_gmt":"2025-12-02T19:45:16","guid":{"rendered":"https:\/\/www.europesays.com\/fr\/573810\/"},"modified":"2025-12-02T19:45:16","modified_gmt":"2025-12-02T19:45:16","slug":"ghyslaine-est-sans-toit-et-cherche-durgence-un-lieu-ou-poser-ses-affaires","status":"publish","type":"post","link":"https:\/\/www.europesays.com\/fr\/573810\/","title":{"rendered":"Ghyslaine est sans toit et cherche d\u2019urgence un lieu o\u00f9 poser ses affaires"},"content":{"rendered":"<p class=\"fs-5 \">Ghyslaine a tout perdu dans l\u2019incendie de l\u2019appartement qu\u2019elle louait au 3, rue Michel-de-Bourges, au Pont-du-Las. \u00ab Cela faisait seulement cinq jours que je l\u2019avais ! Un matin, j\u2019ai voulu brancher mon t\u00e9l\u00e9phone \u00e0 la prise murale. Je suis partie quelques minutes dans la cuisine et, en revenant, j\u2019ai vu des flammes. J\u2019ai essay\u00e9 de tout \u00e9teindre et j\u2019ai \u00e9t\u00e9 br\u00fbl\u00e9e \u00e0 la main. Tout prenait feu. Impossible de faire quoi que ce soit. J\u2019ai couru \u00e0 la fen\u00eatre pour crier \u00e0 l\u2019aide. Heureusement, il y avait des jeunes en bas qui m\u2019ont aid\u00e9 \u00e0 fuir \u00bb, explique-t-elle, encore sous le coup de l\u2019\u00e9motion.<\/p>\n<p class=\"fs-5 \">S\u00e9rieusement touch\u00e9e \u00e0 la main, Ghyslaine, 76 ans, a \u00e9t\u00e9 hospitalis\u00e9e d\u2019urgence et suit toujours des soins importants. L\u2019appartement, lui, a \u00e9t\u00e9 ravag\u00e9 par les flammes.<\/p>\n<p class=\"fs-5 \">\u00ab Avec Alain, un ami, on avait tout install\u00e9 avec mes meubles, mes objets, mes souvenirs\u2026 On venait de finir. Tout est parti en fum\u00e9e. Je n\u2019ai plus rien \u00bb, ajoute-t-elle. Une enqu\u00eate a \u00e9t\u00e9 ouverte pour d\u00e9terminer les causes de l\u2019accident.<\/p>\n<p>                                                                                Une amie l\u2019a recueillie<\/p>\n<p class=\"fs-5 \">Depuis le 9 novembre, jour du sinistre, Ghyslaine n\u2019a donc plus de toit. Elle vit chez Claire, une amie qui l\u2019a recueillie, mais toutes les portes se ferment quand Ghyslaine demande un logement d\u2019urgence. \u00ab J\u2019ai pens\u00e9 dormir dans ma voiture. J\u2019ai m\u00eame song\u00e9 au pire\u2026 \u00bb<\/p>\n<p class=\"fs-5 \">L\u2019agence Century 21 du Pont-du-Las qui a lou\u00e9 l\u2019appartement \u00e0 Ghyslaine doit g\u00e9rer le sinistre. \u00ab Pas simple car le logement, situ\u00e9 au-dessus, a \u00e9galement subi des d\u00e9g\u00e2ts importants. Il n\u2019y a plus d\u2019eau ni d\u2019\u00e9lectricit\u00e9 dedans. Le propri\u00e9taire est tr\u00e8s emb\u00eat\u00e9 aussi. Tout \u00e7a est triste pour tout le monde, d\u00e9plore le g\u00e9rant de l\u2019agence. D\u2019autant que l\u2019appartement avait \u00e9t\u00e9 enti\u00e8rement refait r\u00e9cemment. \u00bb<\/p>\n<p class=\"fs-5 \">Pour Ghyslaine, l\u2019urgence est maintenant de trouver rapidement un appartement d\u00e9cent. \u00ab J\u2019ai tout perdu dans ce feu. Je me suis tourn\u00e9e vers les institutions locales mais&#8230; rien. \u00bb<\/p>\n<p>                                                                                Une cagnotte se cr\u00e9e<\/p>\n<p class=\"fs-5 \">\u00ab Pour l\u2019aider, une cagnotte se cr\u00e9e. Si des Toulonnais sont touch\u00e9s et veulent aider, ils pourront participer \u00bb, ajoute Claire, son amie.<\/p>\n<p class=\"fs-5 \">\u00c0 pr\u00e9sent, Ghyslaine et ses proches vont s\u2019adresser \u00e0 Toulon Habitat M\u00e9diterran\u00e9e et au CCAS pour tenter d\u2019obtenir de l\u2019aide. La mairie aussi. Ils esp\u00e8rent une r\u00e9ponse rapide. Ghyslaine le m\u00e9rite.<\/p>\n","protected":false},"excerpt":{"rendered":"Ghyslaine a tout perdu dans l\u2019incendie de l\u2019appartement qu\u2019elle louait au 3, rue Michel-de-Bourges, au Pont-du-Las. \u00ab Cela&hellip;\n","protected":false},"author":2,"featured_media":573811,"comment_status":"","ping_status":"","sticky":false,"template":"","format":"standard","meta":{"footnotes":""},"categories":[9619],"tags":[1111,11,1777,674,1011,27,12,882,25,2310],"class_list":{"0":"post-573810","1":"post","2":"type-post","3":"status-publish","4":"format-standard","5":"has-post-thumbnail","7":"category-toulon","8":"tag-actu","9":"tag-actualites","10":"tag-eu","11":"tag-europe","12":"tag-fr","13":"tag-france","14":"tag-news","15":"tag-provence-alpes-cote-dazur","16":"tag-republique-francaise","17":"tag-toulon"},"share_on_mastodon":{"url":"https:\/\/pubeurope.com\/@fr\/115651695311788527","error":""},"_links":{"self":[{"href":"https:\/\/www.europesays.com\/fr\/wp-json\/wp\/v2\/posts\/573810","targetHints":{"allow":["GET"]}}],"collection":[{"href":"https:\/\/www.europesays.com\/fr\/wp-json\/wp\/v2\/posts"}],"about":[{"href":"https:\/\/www.europesays.com\/fr\/wp-json\/wp\/v2\/types\/post"}],"author":[{"embeddable":true,"href":"https:\/\/www.europesays.com\/fr\/wp-json\/wp\/v2\/users\/2"}],"replies":[{"embeddable":true,"href":"https:\/\/www.europesays.com\/fr\/wp-json\/wp\/v2\/comments?post=573810"}],"version-history":[{"count":0,"href":"https:\/\/www.europesays.com\/fr\/wp-json\/wp\/v2\/posts\/573810\/revisions"}],"wp:featuredmedia":[{"embeddable":true,"href":"https:\/\/www.europesays.com\/fr\/wp-json\/wp\/v2\/media\/573811"}],"wp:attachment":[{"href":"https:\/\/www.europesays.com\/fr\/wp-json\/wp\/v2\/media?parent=573810"}],"wp:term":[{"taxonomy":"category","embeddable":true,"href":"https:\/\/www.europesays.com\/fr\/wp-json\/wp\/v2\/categories?post=573810"},{"taxonomy":"post_tag","embeddable":true,"href":"https:\/\/www.europesays.com\/fr\/wp-json\/wp\/v2\/tags?post=573810"}],"curies":[{"name":"wp","href":"https:\/\/api.w.org\/{rel}","templated":true}]}}