{"id":573816,"date":"2025-12-02T19:48:16","date_gmt":"2025-12-02T19:48:16","guid":{"rendered":"https:\/\/www.europesays.com\/fr\/573816\/"},"modified":"2025-12-02T19:48:16","modified_gmt":"2025-12-02T19:48:16","slug":"narcobanditisme-la-dz-mafia-est-en-train-de-reprendre-le-territoire-montpellierain-affirme-un-magistrat","status":"publish","type":"post","link":"https:\/\/www.europesays.com\/fr\/573816\/","title":{"rendered":"Narcobanditisme\u00a0: \u00ab\u00a0La DZ Mafia est en train de reprendre le territoire montpelli\u00e9rain\u00a0\u00bb, affirme un magistrat"},"content":{"rendered":"<p>\n                                                                Alors que les tensions sont \u00e0 vif entre trafiquants de drogue, l\u2019enqu\u00eate sur l\u2019incendie criminel d\u2019un appartement en 2024 dans le quartier Malbosc \u00e0 Montpellier confirme l\u2019implication du narcobanditisme marseillais.\n                            <\/p>\n<p>\u00ab\u00a0Ce n\u2019est rien d\u2019autre qu\u2019un message envoy\u00e9 par la DZ Mafia marseillaise \u00e0 toute la mafia montpelli\u00e9raine. On ne va pas se cacher derri\u00e8re son petit doigt. La DZ Mafia est en train de reprendre le territoire montpelli\u00e9rain.\u00a0\u00bb<\/p>\n<p>Ce mardi matin \u00e0 la cour d\u2019appel de Montpellier, l\u2019avocat g\u00e9n\u00e9ral a livr\u00e9 une analyse lourde de sens, lors d\u2019une audience de la chambre de l\u2019instruction consacr\u00e9e \u00e0 de graves affaires criminelles li\u00e9es au trafic de drogue. Les juges devaient entre autres examiner l\u2019\u00e9ventuelle lib\u00e9ration d\u2019un homme impliqu\u00e9 dans une fusillade mortelle le 8\u00a0avril 2025 \u00e0 Baillargues (H\u00e9rault), celle d\u2019un suspect impliqu\u00e9 dans un \u00e9change de tirs dans le quartier de la Dev\u00e8ze \u00e0 B\u00e9ziers, le 29\u00a0mai 2024, o\u00f9 un malfaiteur est mort, \u00e9cras\u00e9 par une voiture vol\u00e9e, un pistolet-mitrailleur Scorpio \u00e0 ses c\u00f4t\u00e9s.<\/p>\n<p>La signature du gang criminel qui terrorise Marseille<\/p>\n<p>Mais le dossier le plus frappant \u00e9tait celui de l\u2019incendie d\u2019un appartement du quartier Malbosc, \u00e0 Montpellier, le\u00a011\u00a0ao\u00fbt 2024, qui porte clairement la signature du gang criminel qui terrorise Marseille, et dont l\u2019influence ne cesse de s\u2019\u00e9tendre.<\/p>\n<p>Ce jour-l\u00e0, un commando cagoul\u00e9, arm\u00e9 d\u2019une kalachnikov et d\u2019un bidon d\u2019essence d\u00e9boule \u00e0 Montpellier dans une r\u00e9sidence o\u00f9 vit un ancien trafiquant marseillais, venu se mettre au vert \u00e0 sa sortie de prison.<\/p>\n<p>Seule sa s\u0153ur s\u2019y trouve\u00a0: \u00ab\u00a0Ils la mettent au sol, et br\u00fblent son appartement, toute sa vie. Depuis, elle est terrifi\u00e9e, alors qu\u2019elle n\u2019est li\u00e9e ni de pr\u00e8s ni de lien avec ce monde de narco criminels marseillais, elle a pour seul tort d\u2019\u00eatre la s\u0153ur de son fr\u00e8re\u00a0\u00bb\u00a0rappelle Me Florent de Saint-Julien, son avocat.<\/p>\n<p>Kamel, 26 ans, d\u00e9j\u00e0 condamn\u00e9 pour trafic de drogue \u00e0 N\u00eemes et qui demande sa lib\u00e9ration, est l\u2019un des membres de ce commando d\u00e9vastateur. Au moment des faits, il disait gagner 15\u00a0000\u00a0\u20ac par mois en trafiquant, et tout claquer au casino. Avec sa petite amie, une Arl\u00e9sienne, il a fait des rep\u00e9rages, puis l\u2019aller-retour depuis Marseille, pour accomplir la mission qu\u2019on lui avait donn\u00e9e.<\/p>\n<p>\u00ab\u00a0L\u2019enqu\u00eate a \u00e9tabli un lien avec un trafic de stup\u00e9fiants sur Marseille et la DZ Mafia et des personnes r\u00e9mun\u00e9r\u00e9es pour ex\u00e9cuter des violences dans ce cadre-l\u00e0\u00a0\u00bb\u00a0rappelle la pr\u00e9sidente de l\u2019audience.<\/p>\n<p>125 enqu\u00eates polici\u00e8res visant des crimes qui lui sont imput\u00e9s<\/p>\n<p>\u00ab\u00a0Il est ici question d\u2019un commando qui se transporte \u00e0 Montpellier, non pas pour s\u2019approprier un nouveau point de deal, mais pour impressionner, avec une kalachnikov et surtout une autre arme, un bidon d\u2019essence. Tout ceci a \u00e9t\u00e9 fait au nom et pour le compte de la DZ Mafia\u00a0\u00bb\u00a0mart\u00e8le encore l\u2019avocat g\u00e9n\u00e9ral, hostile \u00e0 toute remise en libert\u00e9 de Kamel.<\/p>\n<p>N\u00e9e en 2023 \u00e0 Marseille, la DZ Mafia, dont le nom fait r\u00e9f\u00e9rence aux origines alg\u00e9riennes de ses membres, s\u2019est fait remarquer par son ultraviolence et ses principaux dirigeants sont aujourd\u2019hui incarc\u00e9r\u00e9s \u00e0 la prison ultra-s\u00e9curis\u00e9e de Vendin-le-Vieil (Pas-de-Calais). Elle se distingue\u00a0par l\u2019utilisation de malfaiteurs tr\u00e8s jeunes, pay\u00e9s pour ex\u00e9cuter des contrats, assassinats ou actes d\u2019intimidation, notamment des incendies criminels.<\/p>\n<p>Son nom est aussi utilis\u00e9 comme un slogan, sans que tous ceux qui s\u2019en revendiquent n\u2019en soient forc\u00e9ment membres. Elle est ainsi\u00a0soup\u00e7onn\u00e9e d\u2019avoir ex\u00e9cut\u00e9 Medhi, le fr\u00e8re du militant antidrogue marseillais Amine Kessaci. Reste que son influence est r\u00e9elle dans notre r\u00e9gion, sur les points de deal de N\u00eemes, <a href=\"https:\/\/www.midilibre.fr\/2025\/11\/20\/video-la-dz-mafia-revendique-un-passage-a-tabac-et-des-menaces-avec-arme-sur-fond-de-guerre-pour-le-controle-du-narcotrafic-a-sete-13063747.php\" target=\"_blank\" rel=\"noopener\">de S\u00e8te,<\/a> de Perpignan et certainement de Montpellier. Selon le Parisien 125 enqu\u00eates polici\u00e8res sont en cours visant des crimes qui lui sont imput\u00e9s.<\/p>\n","protected":false},"excerpt":{"rendered":"Alors que les tensions sont \u00e0 vif entre trafiquants de drogue, l\u2019enqu\u00eate sur l\u2019incendie criminel d\u2019un appartement en&hellip;\n","protected":false},"author":2,"featured_media":573817,"comment_status":"","ping_status":"","sticky":false,"template":"","format":"standard","meta":{"footnotes":""},"categories":[9599],"tags":[1111,11,1777,674,118,1011,27,7089,2208,12,2680,25],"class_list":{"0":"post-573816","1":"post","2":"type-post","3":"status-publish","4":"format-standard","5":"has-post-thumbnail","7":"category-montpellier","8":"tag-actu","9":"tag-actualites","10":"tag-eu","11":"tag-europe","12":"tag-faits-divers","13":"tag-fr","14":"tag-france","15":"tag-herault","16":"tag-montpellier","17":"tag-news","18":"tag-occitanie","19":"tag-republique-francaise"},"share_on_mastodon":{"url":"https:\/\/pubeurope.com\/@fr\/115651707263952680","error":""},"_links":{"self":[{"href":"https:\/\/www.europesays.com\/fr\/wp-json\/wp\/v2\/posts\/573816","targetHints":{"allow":["GET"]}}],"collection":[{"href":"https:\/\/www.europesays.com\/fr\/wp-json\/wp\/v2\/posts"}],"about":[{"href":"https:\/\/www.europesays.com\/fr\/wp-json\/wp\/v2\/types\/post"}],"author":[{"embeddable":true,"href":"https:\/\/www.europesays.com\/fr\/wp-json\/wp\/v2\/users\/2"}],"replies":[{"embeddable":true,"href":"https:\/\/www.europesays.com\/fr\/wp-json\/wp\/v2\/comments?post=573816"}],"version-history":[{"count":0,"href":"https:\/\/www.europesays.com\/fr\/wp-json\/wp\/v2\/posts\/573816\/revisions"}],"wp:featuredmedia":[{"embeddable":true,"href":"https:\/\/www.europesays.com\/fr\/wp-json\/wp\/v2\/media\/573817"}],"wp:attachment":[{"href":"https:\/\/www.europesays.com\/fr\/wp-json\/wp\/v2\/media?parent=573816"}],"wp:term":[{"taxonomy":"category","embeddable":true,"href":"https:\/\/www.europesays.com\/fr\/wp-json\/wp\/v2\/categories?post=573816"},{"taxonomy":"post_tag","embeddable":true,"href":"https:\/\/www.europesays.com\/fr\/wp-json\/wp\/v2\/tags?post=573816"}],"curies":[{"name":"wp","href":"https:\/\/api.w.org\/{rel}","templated":true}]}}