{"id":573824,"date":"2025-12-02T19:53:36","date_gmt":"2025-12-02T19:53:36","guid":{"rendered":"https:\/\/www.europesays.com\/fr\/573824\/"},"modified":"2025-12-02T19:53:36","modified_gmt":"2025-12-02T19:53:36","slug":"un-appel-a-la-greve-ce-vendredi-5-decembre","status":"publish","type":"post","link":"https:\/\/www.europesays.com\/fr\/573824\/","title":{"rendered":"un appel \u00e0 la gr\u00e8ve\u00a0ce vendredi 5 d\u00e9cembre"},"content":{"rendered":"<p class=\"xsm-p emxed-markup\">Le Syndicat national du transport a\u00e9rien (SNTA) \u2013 CFDT vient de d\u00e9poser un pr\u00e9avis de gr\u00e8ve \u00e0 l\u2019a\u00e9roport de Grenoble Alpes Is\u00e8re\u00a0pour la journ\u00e9e de ce vendredi 5\u00a0d\u00e9cembre. \u00ab\u00a0Les salari\u00e9s s\u2019inqui\u00e8tent fortement pour leur avenir\u00a0\u00bb, justifie l\u2019organisation syndicale repr\u00e9sentative du personnel,\u00a0<a class=\"emxed-markup\" href=\"https:\/\/www.ledauphine.com\/economie\/2025\/11\/30\/isere-changement-annonce-de-delegataire-a-l-aeroport-grenoble-alpes-isere-les-salaries-inquiets\" target=\"_blank\" rel=\"noopener\">apr\u00e8s l\u2019annonce du changement de d\u00e9l\u00e9gataire de l\u2019a\u00e9roport<\/a> qui doit intervenir \u00e0 partir du 1er\u00a0\u00a0juillet 2026. Les repr\u00e9sentants du personnel qui ont rencontr\u00e9 le pr\u00e9sident du D\u00e9partement de l\u2019Is\u00e8re, Jean-Pierre Barbier, ce mardi \u00e0 la mi-journ\u00e9e, ont eu confirmation que le groupe Edeis avait \u00e9t\u00e9 retenu par la commission d\u2019appel d\u2019offres pour la gestion de l\u2019a\u00e9roport dans le cadre d\u2019une d\u00e9l\u00e9gation de service public, au d\u00e9triment du gestionnaire actuel, Vinci Airport, qui est en place depuis 2004. Un choix qui doit encore \u00eatre valid\u00e9 par le vote des \u00e9lus d\u00e9partementaux, ce jeudi 4\u00a0d\u00e9cembre, le D\u00e9partement \u00e9tant propri\u00e9taire de l\u2019\u00e9quipement. Une d\u00e9l\u00e9gation de salari\u00e9s a pr\u00e9vu de se rendre \u00e0 cette session du conseil d\u00e9partemental.<\/p>\n<p class=\"xsm-p emxed-markup\">Si le groupe Edeis est tenu de reprendre le personnel employ\u00e9 aujourd\u2019hui par Vinci Airport (40 salari\u00e9s permanents), \u00ab\u00a0il va nous falloir ren\u00e9gocier nos avantages. Au vu de ce qui se passe \u00e0 l\u2019a\u00e9roport de N\u00eemes (g\u00e9r\u00e9 par Edeis, N.D.L.R.), nous sommes inquiets pour la suite\u00a0\u00bb, explique Franck Menuel, repr\u00e9sentant syndical. Le mouvement de gr\u00e8ve co\u00efncide\u00a0<a class=\"emxed-markup\" href=\"https:\/\/www.ledauphine.com\/economie\/2025\/12\/01\/a-l-aeroport-grenoble-alpes-isere-300-saisonniers-fraichement-formes-pour-la-saison-d-hiver\" target=\"_blank\" rel=\"noopener\">avec le lancement de la saison hivernale<\/a>\u00a0: un premier vol commercial de la compagnie RyanAir, en provenance de Manchester, est annonc\u00e9 vendredi matin.<\/p>\n<p>Jean-Pierre Barbier\u00a0: \u00ab\u00a0On a analys\u00e9 tous les crit\u00e8res\u00a0\u00bb<\/p>\n<p class=\"xsm-p\">Interrog\u00e9 ce mardi, le pr\u00e9sident du D\u00e9partement, Jean-Pierre Barbier (divers droite) a indiqu\u00e9 : \u00ab\u00a0Je ne peux pas donner tous les d\u00e9tails, puisque nous allons voter sur ce dossier, ce jeudi matin en s\u00e9ance publique\u00a0\u00bb, \u00a0juste avant de recevoir les d\u00e9l\u00e9gu\u00e9s syndicaux. Mais il a ajout\u00e9\u00a0: \u00ab\u00a0Le contrat de d\u00e9l\u00e9gation de service public (DSP) de l\u2019a\u00e9roport is\u00e9rois [propri\u00e9t\u00e9 du D\u00e9partement, NDLR] prendra fin en juin\u00a02026. Trois candidats avaient r\u00e9pondu \u00e0 l\u2019appel d\u2019offres, un s\u2019est retir\u00e9, et il restait donc Vinci Airport, l\u2019actuel d\u00e9l\u00e9gataire depuis 2004, ainsi que le groupe Edeis. On a analys\u00e9 tous les crit\u00e8res\u00a0: \u00e0 50\u00a0% les conditions \u00e9conomiques et financi\u00e8res, en gros ce que cela va co\u00fbter \u00e0 notre collectivit\u00e9, \u00e0 20\u00a0% la qualit\u00e9 de l\u2019offre notamment. Et l\u2019un des candidats a rempli toutes nos conditions. Bien s\u00fbr, le changement n\u2019est jamais facile, et je comprends les inqui\u00e9tudes des salari\u00e9s. Je me mets \u00e0 leur place. Ils seront re\u00e7us par le d\u00e9l\u00e9gataire la semaine prochaine. Mais, comme pour chaque changement de DSP, les salari\u00e9s seront tous repris dans les m\u00eames conditions. Et pour ce qui concerne les primes et autres avantages, le dialogue social aura son r\u00f4le \u00e0 jouer.\u00a0\u00bb<\/p>\n","protected":false},"excerpt":{"rendered":"Le Syndicat national du transport a\u00e9rien (SNTA) \u2013 CFDT vient de d\u00e9poser un pr\u00e9avis de gr\u00e8ve \u00e0 l\u2019a\u00e9roport&hellip;\n","protected":false},"author":2,"featured_media":573825,"comment_status":"","ping_status":"","sticky":false,"template":"","format":"standard","meta":{"footnotes":""},"categories":[9566],"tags":[1111,11,2430,9671,112,113,114,341,1777,674,107,1011,27,2731,108,12,2922,25,44850,801],"class_list":{"0":"post-573824","1":"post","2":"type-post","3":"status-publish","4":"format-standard","5":"has-post-thumbnail","7":"category-grenoble","8":"tag-actu","9":"tag-actualites","10":"tag-auvergne-rhone-alpes","11":"tag-conflit-social","12":"tag-edition-grenoble-agglomeration","13":"tag-edition-gresivaudan-oisans","14":"tag-edition-voiron-saint-marcellin","15":"tag-emploi","16":"tag-eu","17":"tag-europe","18":"tag-fil-info","19":"tag-fr","20":"tag-france","21":"tag-grenoble","22":"tag-isere","23":"tag-news","24":"tag-pouvoir-dachat","25":"tag-republique-francaise","26":"tag-saint-etienne-de-saint-geoirs","27":"tag-social"},"share_on_mastodon":{"url":"https:\/\/pubeurope.com\/@fr\/115651726830165298","error":""},"_links":{"self":[{"href":"https:\/\/www.europesays.com\/fr\/wp-json\/wp\/v2\/posts\/573824","targetHints":{"allow":["GET"]}}],"collection":[{"href":"https:\/\/www.europesays.com\/fr\/wp-json\/wp\/v2\/posts"}],"about":[{"href":"https:\/\/www.europesays.com\/fr\/wp-json\/wp\/v2\/types\/post"}],"author":[{"embeddable":true,"href":"https:\/\/www.europesays.com\/fr\/wp-json\/wp\/v2\/users\/2"}],"replies":[{"embeddable":true,"href":"https:\/\/www.europesays.com\/fr\/wp-json\/wp\/v2\/comments?post=573824"}],"version-history":[{"count":0,"href":"https:\/\/www.europesays.com\/fr\/wp-json\/wp\/v2\/posts\/573824\/revisions"}],"wp:featuredmedia":[{"embeddable":true,"href":"https:\/\/www.europesays.com\/fr\/wp-json\/wp\/v2\/media\/573825"}],"wp:attachment":[{"href":"https:\/\/www.europesays.com\/fr\/wp-json\/wp\/v2\/media?parent=573824"}],"wp:term":[{"taxonomy":"category","embeddable":true,"href":"https:\/\/www.europesays.com\/fr\/wp-json\/wp\/v2\/categories?post=573824"},{"taxonomy":"post_tag","embeddable":true,"href":"https:\/\/www.europesays.com\/fr\/wp-json\/wp\/v2\/tags?post=573824"}],"curies":[{"name":"wp","href":"https:\/\/api.w.org\/{rel}","templated":true}]}}