{"id":573830,"date":"2025-12-02T19:56:14","date_gmt":"2025-12-02T19:56:14","guid":{"rendered":"https:\/\/www.europesays.com\/fr\/573830\/"},"modified":"2025-12-02T19:56:14","modified_gmt":"2025-12-02T19:56:14","slug":"illkirch-graffenstaden-lilliade-a-celebre-30-annees-de-creativite-au-coeur-de-la-ville","status":"publish","type":"post","link":"https:\/\/www.europesays.com\/fr\/573830\/","title":{"rendered":"Illkirch-Graffenstaden. L\u2019Illiade a c\u00e9l\u00e9br\u00e9 30 ann\u00e9es de cr\u00e9ativit\u00e9 au c\u0153ur de la ville"},"content":{"rendered":"<p>Pour c\u00e9l\u00e9brer les 30 ans de l\u2019Illiade, Sandrine Cl\u00e9ment, responsable de la communication de la soci\u00e9t\u00e9 publique locale (SPL) Illiade, en poste depuis l\u2019\u00e9t\u00e9 2025, a relev\u00e9 le challenge. Interview d\u2019anciens \u00e9lus illkirchois et du maire actuel, diaporamas, improvisations th\u00e9\u00e2trales cocasses r\u00e9alis\u00e9es par la compagnie Les Improvisateurs, s\u2019encha\u00eenent sur un rythme rapide.<\/p>\n<p>Des musiques lanc\u00e9es par un DJ restituent l\u2019atmosph\u00e8re des diff\u00e9rentes \u00e9poques. R\u00e9gis Boughazra, fondateur des Improvisateurs, fait l\u2019interface entre salle et sc\u00e8ne. Il est un ma\u00eetre du temps implacable\u00a0: discours des officiels r\u00e9duits \u00e0 5 ou 7 minutes. On s\u2019amuse et on s\u2019informe sur&#8230;<\/p>\n","protected":false},"excerpt":{"rendered":"Pour c\u00e9l\u00e9brer les 30 ans de l\u2019Illiade, Sandrine Cl\u00e9ment, responsable de la communication de la soci\u00e9t\u00e9 publique locale&hellip;\n","protected":false},"author":2,"featured_media":573831,"comment_status":"","ping_status":"","sticky":false,"template":"","format":"standard","meta":{"footnotes":""},"categories":[2820],"tags":[1111,11,4749,1984,1687,33,2880,1777,674,107,1011,27,775,3088,873,12,316,25,3140,640,3089],"class_list":{"0":"post-573830","1":"post","2":"type-post","3":"status-publish","4":"format-standard","5":"has-post-thumbnail","7":"category-strasbourg","8":"tag-actu","9":"tag-actualites","10":"tag-btp-et-chantiers","11":"tag-conseil-municipal","12":"tag-culture-loisirs","13":"tag-economie","14":"tag-edition-strasbourg","15":"tag-eu","16":"tag-europe","17":"tag-fil-info","18":"tag-fr","19":"tag-france","20":"tag-grand-est","21":"tag-illkirch-graffenstaden","22":"tag-musique","23":"tag-news","24":"tag-politique","25":"tag-republique-francaise","26":"tag-spectacle","27":"tag-strasbourg","28":"tag-strasbourg-sud"},"share_on_mastodon":{"url":"https:\/\/pubeurope.com\/@fr\/115651738562701009","error":""},"_links":{"self":[{"href":"https:\/\/www.europesays.com\/fr\/wp-json\/wp\/v2\/posts\/573830","targetHints":{"allow":["GET"]}}],"collection":[{"href":"https:\/\/www.europesays.com\/fr\/wp-json\/wp\/v2\/posts"}],"about":[{"href":"https:\/\/www.europesays.com\/fr\/wp-json\/wp\/v2\/types\/post"}],"author":[{"embeddable":true,"href":"https:\/\/www.europesays.com\/fr\/wp-json\/wp\/v2\/users\/2"}],"replies":[{"embeddable":true,"href":"https:\/\/www.europesays.com\/fr\/wp-json\/wp\/v2\/comments?post=573830"}],"version-history":[{"count":0,"href":"https:\/\/www.europesays.com\/fr\/wp-json\/wp\/v2\/posts\/573830\/revisions"}],"wp:featuredmedia":[{"embeddable":true,"href":"https:\/\/www.europesays.com\/fr\/wp-json\/wp\/v2\/media\/573831"}],"wp:attachment":[{"href":"https:\/\/www.europesays.com\/fr\/wp-json\/wp\/v2\/media?parent=573830"}],"wp:term":[{"taxonomy":"category","embeddable":true,"href":"https:\/\/www.europesays.com\/fr\/wp-json\/wp\/v2\/categories?post=573830"},{"taxonomy":"post_tag","embeddable":true,"href":"https:\/\/www.europesays.com\/fr\/wp-json\/wp\/v2\/tags?post=573830"}],"curies":[{"name":"wp","href":"https:\/\/api.w.org\/{rel}","templated":true}]}}