{"id":573832,"date":"2025-12-02T19:57:16","date_gmt":"2025-12-02T19:57:16","guid":{"rendered":"https:\/\/www.europesays.com\/fr\/573832\/"},"modified":"2025-12-02T19:57:16","modified_gmt":"2025-12-02T19:57:16","slug":"un-candidat-lfi-aux-municipales-de-strasbourg-veut-rendre-payant-lacces-au-marche-de-noel","status":"publish","type":"post","link":"https:\/\/www.europesays.com\/fr\/573832\/","title":{"rendered":"un candidat LFI aux municipales de Strasbourg veut rendre payant l&rsquo;acc\u00e8s au march\u00e9 de No\u00ebl"},"content":{"rendered":"<p class=\"article-p mdl\">Et si l&rsquo;entr\u00e9e du march\u00e9 de No\u00ebl de Strasbourg devenait payant ? C&rsquo;est l&rsquo;id\u00e9e avanc\u00e9e par Florian Kobryn, candidat insoumis aux municipales, qui souhaite \u00e0 travers cette mesure afin de lutter contre le surtourime et financer des places d&rsquo;h\u00e9bergement d&rsquo;urgence.<\/p>\n<p class=\"article-p mdl\">Il propose que les personnes ext\u00e9rieures \u00e0 la m\u00e9tropole de Strasbourg payent 10 euros pour acc\u00e9der au march\u00e9 de No\u00ebl les jours de week-end, les plus fr\u00e9quent\u00e9s du march\u00e9. \u00c0 noter qu&rsquo;il a attir\u00e9 qui a attir\u00e9 3,4 millions de visiteurs l&rsquo;an dernier.\u00a0<\/p>\n<p class=\"article-p mdl\">\u00ab\u00a0Le surtourisme est d\u00e9j\u00e0 une r\u00e9alit\u00e9 et il nous faut agir\u00a0\u00bb, a-t-il indiqu\u00e9 aupr\u00e8s de l&rsquo;AFP, citant un \u00ab\u00a0centre-ville impraticable pendant quatre semaines, surtout les week-ends\u00a0\u00bb. Selon lui, la population du centre-ville \u00ab\u00a0diminue chaque ann\u00e9e\u00a0\u00bb et des centaines d&rsquo;appartements \u00ab\u00a0passent du march\u00e9 locatif classique au march\u00e9 locatif touristique, notamment via les plateformes Airbnb\u00a0\u00bb.\u00a0<\/p>\n<p>            Une v\u00e9rification des billets aux points d&rsquo;acc\u00e8s au c\u0153ur historique<\/p>\n<p class=\"article-p mdl\">\u00ab\u00a0Il y a un enjeu \u00e0 faire en sorte que notre ville ne devienne pas une ville-mus\u00e9e qui est vid\u00e9e de ses habitants\u00a0\u00bb, a soulign\u00e9 la t\u00eate de liste de La France insoumise (LFI) aux municipales de Strasbourg. Il a cit\u00e9 l&rsquo;exemple <strong>des F\u00eates de Bayonne<\/strong>, dont l&rsquo;acc\u00e8s du vendredi \u00e0 10 heures au dimanche \u00e0 minuit est devenu payant depuis 2018.\u00a0<\/p>\n<p class=\"article-p mdl\">\u00c0 Strasbourg, la v\u00e9rification des billets pourrait se faire aux points d&rsquo;acc\u00e8s au c\u0153ur historique de la ville qui sont d\u00e9j\u00e0 contr\u00f4l\u00e9s par des agents de s\u00e9curit\u00e9 aux heures d&rsquo;ouverture (11h30-21h00). L&rsquo;argent r\u00e9colt\u00e9 servirait \u00e0 financer des places d&rsquo;h\u00e9bergement d&rsquo;urgence.\u00a0<\/p>\n<p class=\"article-p mdl\">\u00ab\u00a0On est en mesure d&rsquo;accueillir le monde entier, mais on ne donne pas un toit \u00e0 des enfants et des familles qui dorment \u00e0 la rue\u00a0\u00bb, d\u00e9plore le candidat de La France insoumise aux municipales de mars prochain, soulignant qu&rsquo;il y a \u00ab\u00a0des enfants qui dorment dehors \u00e0 quelques rues du Grand Sapin\u00a0\u00bb.\u00a0<\/p>\n<p class=\"article-p mdl\">Le march\u00e9 de No\u00ebl de Strasbourg a ouvert le 26 novembre et fermera le 24 d\u00e9cembre \u00e0 18 heures.\u00a0<\/p>\n<p>    La r\u00e9daction vous recommande<\/p>\n<p class=\"s-newsletter__title\">\n                L\u2019actualit\u00e9 par la r\u00e9daction de RTL dans votre bo\u00eete mail.\n            <\/p>\n<p class=\"s-newsletter__subtitle\">\n                Gr\u00e2ce \u00e0 votre compte RTL abonnez-vous \u00e0 la newsletter RTL info pour suivre toute l&rsquo;actualit\u00e9 au quotidien\n            <\/p>\n<p>\n                                    Lire la suite\n                                <\/p>\n","protected":false},"excerpt":{"rendered":"Et si l&rsquo;entr\u00e9e du march\u00e9 de No\u00ebl de Strasbourg devenait payant ? C&rsquo;est l&rsquo;id\u00e9e avanc\u00e9e par Florian Kobryn,&hellip;\n","protected":false},"author":2,"featured_media":573833,"comment_status":"","ping_status":"","sticky":false,"template":"","format":"standard","meta":{"footnotes":""},"categories":[2820],"tags":[1111,11,4188,68811,1777,674,107,1011,27,775,2338,12,25,640],"class_list":{"0":"post-573832","1":"post","2":"type-post","3":"status-publish","4":"format-standard","5":"has-post-thumbnail","7":"category-strasbourg","8":"tag-actu","9":"tag-actualites","10":"tag-elections-municipales","11":"tag-elections-municipales-a-strasbourg","12":"tag-eu","13":"tag-europe","14":"tag-fil-info","15":"tag-fr","16":"tag-france","17":"tag-grand-est","18":"tag-la-france-insoumise","19":"tag-news","20":"tag-republique-francaise","21":"tag-strasbourg"},"share_on_mastodon":{"url":"https:\/\/pubeurope.com\/@fr\/115651742575689589","error":""},"_links":{"self":[{"href":"https:\/\/www.europesays.com\/fr\/wp-json\/wp\/v2\/posts\/573832","targetHints":{"allow":["GET"]}}],"collection":[{"href":"https:\/\/www.europesays.com\/fr\/wp-json\/wp\/v2\/posts"}],"about":[{"href":"https:\/\/www.europesays.com\/fr\/wp-json\/wp\/v2\/types\/post"}],"author":[{"embeddable":true,"href":"https:\/\/www.europesays.com\/fr\/wp-json\/wp\/v2\/users\/2"}],"replies":[{"embeddable":true,"href":"https:\/\/www.europesays.com\/fr\/wp-json\/wp\/v2\/comments?post=573832"}],"version-history":[{"count":0,"href":"https:\/\/www.europesays.com\/fr\/wp-json\/wp\/v2\/posts\/573832\/revisions"}],"wp:featuredmedia":[{"embeddable":true,"href":"https:\/\/www.europesays.com\/fr\/wp-json\/wp\/v2\/media\/573833"}],"wp:attachment":[{"href":"https:\/\/www.europesays.com\/fr\/wp-json\/wp\/v2\/media?parent=573832"}],"wp:term":[{"taxonomy":"category","embeddable":true,"href":"https:\/\/www.europesays.com\/fr\/wp-json\/wp\/v2\/categories?post=573832"},{"taxonomy":"post_tag","embeddable":true,"href":"https:\/\/www.europesays.com\/fr\/wp-json\/wp\/v2\/tags?post=573832"}],"curies":[{"name":"wp","href":"https:\/\/api.w.org\/{rel}","templated":true}]}}