{"id":573849,"date":"2025-12-02T20:07:14","date_gmt":"2025-12-02T20:07:14","guid":{"rendered":"https:\/\/www.europesays.com\/fr\/573849\/"},"modified":"2025-12-02T20:07:14","modified_gmt":"2025-12-02T20:07:14","slug":"jeudi-11-decembre-2025-nocturne-gourmande-sur-le-parvis-des-halles-de-wazemmes","status":"publish","type":"post","link":"https:\/\/www.europesays.com\/fr\/573849\/","title":{"rendered":"Jeudi 11 d\u00e9cembre 2025, Nocturne Gourmande sur le parvis des Halles de Wazemmes"},"content":{"rendered":"<p style=\"text-align: justify;\">Apr\u00e8s <strong>trois \u00e9ditions particuli\u00e8rement r\u00e9ussies<\/strong> de sa <strong>Nocturne gourmande au mois de juin,<\/strong> <strong>l\u2019association Waz\u2019en bouche<\/strong> organise sa premi\u00e8re <strong>Nocturne gourmande de No\u00ebl le jeudi 11 d\u00e9cembre 2025 de 18h \u00e0 23h, sur le <\/strong><strong>parvis des halles de Wazemmes<\/strong>.<\/p>\n<p style=\"text-align: justify;\"><strong>Le temps d\u2019une soir\u00e9e, une quinzaine de commerces de bouche de la rue Gambetta<\/strong> et <strong>des halles<\/strong> vous proposent de <strong>d\u00e9guster leurs sp\u00e9cialit\u00e9s pour les f\u00eates de fin d\u2019ann\u00e9e.<\/strong> Parfait pour <strong>pr\u00e9parer votre menu du r\u00e9veillon<\/strong> ou <strong>trouver des cadeaux gourmands pour vos proches.<\/strong><\/p>\n<p style=\"text-align: justify;\">Au programme, de quoi <strong>manger<\/strong>, de quoi <strong>boire<\/strong>, de la <strong>musique<\/strong> avec la <strong>fanfare<\/strong> <strong>Jukepop,<\/strong> un <strong>karaok\u00e9<\/strong> <strong>de No\u00ebl <\/strong>anim\u00e9 par <strong>Bertrand Fashion<\/strong> et surtout, la<strong> pr\u00e9sence exceptionnelle<\/strong> du <strong>p\u00e8re No\u00ebl<\/strong> !<\/p>\n<p style=\"text-align: justify;\">Bref,<strong> un concentr\u00e9 <\/strong>de ce qui fait <strong>Wazemmes <\/strong>pour <strong>une soir\u00e9e conviviale<\/strong> et <strong>haute en couleur.<\/strong><\/p>\n<p><strong><img loading=\"lazy\" decoding=\"async\" class=\"tie-appear\" src=\"https:\/\/www.europesays.com\/fr\/wp-content\/uploads\/2025\/04\/arrow.png\" alt=\"\" width=\"9\" height=\"9\"\/> <\/strong><a href=\"https:\/\/www.zoomsurlille.fr\/tag\/noel-2025\" target=\"_blank\" rel=\"noopener\">D\u00e9couvrez nos articles No\u00ebl 2025<\/a><\/p>\n<p class=\"has-text-align-right\">Source &amp; image : DR \u2013 \u00a9 Ville de Lille<\/p>\n","protected":false},"excerpt":{"rendered":"Apr\u00e8s trois \u00e9ditions particuli\u00e8rement r\u00e9ussies de sa Nocturne gourmande au mois de juin, l\u2019association Waz\u2019en bouche organise sa&hellip;\n","protected":false},"author":2,"featured_media":573850,"comment_status":"","ping_status":"","sticky":false,"template":"","format":"standard","meta":{"footnotes":""},"categories":[2815],"tags":[1111,11,1777,674,1011,27,68815,811,1307,12,68816,65896,25],"class_list":{"0":"post-573849","1":"post","2":"type-post","3":"status-publish","4":"format-standard","5":"has-post-thumbnail","7":"category-lille","8":"tag-actu","9":"tag-actualites","10":"tag-eu","11":"tag-europe","12":"tag-fr","13":"tag-france","14":"tag-halles-de-wazemmes","15":"tag-hauts-de-france","16":"tag-lille","17":"tag-news","18":"tag-nocturne-gourmande","19":"tag-noel-2025","20":"tag-republique-francaise"},"share_on_mastodon":{"url":"https:\/\/pubeurope.com\/@fr\/115651782752118637","error":""},"_links":{"self":[{"href":"https:\/\/www.europesays.com\/fr\/wp-json\/wp\/v2\/posts\/573849","targetHints":{"allow":["GET"]}}],"collection":[{"href":"https:\/\/www.europesays.com\/fr\/wp-json\/wp\/v2\/posts"}],"about":[{"href":"https:\/\/www.europesays.com\/fr\/wp-json\/wp\/v2\/types\/post"}],"author":[{"embeddable":true,"href":"https:\/\/www.europesays.com\/fr\/wp-json\/wp\/v2\/users\/2"}],"replies":[{"embeddable":true,"href":"https:\/\/www.europesays.com\/fr\/wp-json\/wp\/v2\/comments?post=573849"}],"version-history":[{"count":0,"href":"https:\/\/www.europesays.com\/fr\/wp-json\/wp\/v2\/posts\/573849\/revisions"}],"wp:featuredmedia":[{"embeddable":true,"href":"https:\/\/www.europesays.com\/fr\/wp-json\/wp\/v2\/media\/573850"}],"wp:attachment":[{"href":"https:\/\/www.europesays.com\/fr\/wp-json\/wp\/v2\/media?parent=573849"}],"wp:term":[{"taxonomy":"category","embeddable":true,"href":"https:\/\/www.europesays.com\/fr\/wp-json\/wp\/v2\/categories?post=573849"},{"taxonomy":"post_tag","embeddable":true,"href":"https:\/\/www.europesays.com\/fr\/wp-json\/wp\/v2\/tags?post=573849"}],"curies":[{"name":"wp","href":"https:\/\/api.w.org\/{rel}","templated":true}]}}