{"id":573851,"date":"2025-12-02T20:08:17","date_gmt":"2025-12-02T20:08:17","guid":{"rendered":"https:\/\/www.europesays.com\/fr\/573851\/"},"modified":"2025-12-02T20:08:17","modified_gmt":"2025-12-02T20:08:17","slug":"lille-sur-le-point-detre-interpelle-un-homme-chute-dun-immeuble-et-se-tue","status":"publish","type":"post","link":"https:\/\/www.europesays.com\/fr\/573851\/","title":{"rendered":"Lille : Sur le point d\u2019\u00eatre interpell\u00e9, un homme chute d\u2019un immeuble et se tue"},"content":{"rendered":"<p class=\"mb-4 text-lg md:leading-8 break-words\">Un homme de 29 ans est mort lundi 1er d\u00e9cembre \u00e0 <a data-i13n=\"cpos:1;pos:1\" href=\"https:\/\/www.20minutes.fr\/lille\/?at_medium=RSS%20feed&amp;at_campaign=ynews&amp;utm_source=yahoo&amp;utm_medium=rss&amp;utm_campaign=news_feed&amp;utm_content=in_article_link\" rel=\"nofollow noopener\" target=\"_blank\" data-ylk=\"slk:Lille;cpos:1;pos:1;elm:context_link;itc:0;sec:content-canvas\" class=\"link \">Lille<\/a> apr\u00e8s avoir <a data-i13n=\"cpos:2;pos:1\" href=\"https:\/\/www.20minutes.fr\/faits_divers\/faits-divers-rennes\/4101741-20240717-rennes-defenestration-couple-requalifiee-homicide-conjoint?at_medium=RSS%20feed&amp;at_campaign=ynews&amp;utm_source=yahoo&amp;utm_medium=rss&amp;utm_campaign=news_feed&amp;utm_content=in_article_link\" rel=\"nofollow noopener\" target=\"_blank\" data-ylk=\"slk:chut\u00e9 du 8e \u00e9tage d\u2019une tour d\u2019habitation;cpos:2;pos:1;elm:context_link;itc:0;sec:content-canvas\" class=\"link \">chut\u00e9 du 8e \u00e9tage d\u2019une tour d\u2019habitation<\/a> alors que des enqu\u00eateurs venaient l\u2019interpeller dans une affaire de s\u00e9questration et de violences intrafamiliales, a indiqu\u00e9 mardi le parquet.<\/p>\n<p class=\"mb-4 text-lg md:leading-8 break-words\">Les policiers intervenaient au domicile parental du suspect, alors que celui-ci se trouvait \u00ab dans sa chambre \u00bb. Selon le parquet de Lille, il \u00ab a enjamb\u00e9 la fen\u00eatre au moment o\u00f9 les enqu\u00eateurs se sont pr\u00e9sent\u00e9s \u00bb dans la pi\u00e8ce.<\/p>\n<p>Violences au sein du cercle familial<\/p>\n<p class=\"mb-4 text-lg md:leading-8 break-words\">Avant d\u2019arriver sur place, les enqu\u00eateurs avaient d\u00e9j\u00e0 proc\u00e9d\u00e9 \u00e0 deux interpellations li\u00e9es \u00e0 la m\u00eame affaire dans une autre commune, dans le cadre de cette enqu\u00eate portant sur des violences au sein du cercle familial.<\/p>\n<p>Publicit\u00e9<\/p>\n<p>Publicit\u00e9<\/p>\n<p>Publicit\u00e9<\/p>\n<p>Publicit\u00e9<\/p>\n<p class=\"mb-4 text-lg md:leading-8 break-words\">Le parquet de Lille a ouvert une enqu\u00eate pour recherche des causes de la mort, destin\u00e9e \u00e0 \u00e9claircir les circonstances exactes de ce drame.<\/p>\n<p class=\"mb-4 text-lg md:leading-8 break-words\"><a data-i13n=\"cpos:3;pos:1\" href=\"https:\/\/www.20minutes.fr\/faits_divers\/4189312-20251202-lille-point-etre-interpelle-homme-chute-immeuble-tue?at_medium=RSS%20feed&amp;at_campaign=ynews&amp;utm_source=yahoo&amp;utm_medium=rss&amp;utm_campaign=news_feed&amp;utm_content=read_more_link%22\" rel=\"nofollow noopener\" target=\"_blank\" data-ylk=\"slk:Lire la suite sur 20minutes;cpos:3;pos:1;elm:context_link;itc:0;sec:content-canvas\" class=\"link \">Lire la suite sur 20minutes<\/a><\/p>\n<p>\u00c0 lire aussi :<br \/><a data-i13n=\"cpos:4;pos:1\" href=\"https:\/\/www.20minutes.fr\/faits_divers\/4172286-20250910-lille-jeune-femme-alcoolisee-tue-sautant-immeuble-apres-braderie?at_medium=RSS%20feed&amp;at_campaign=ynews&amp;utm_source=yahoo&amp;utm_medium=rss&amp;utm_campaign=news_feed&amp;utm_content=related_content_link\" rel=\"nofollow noopener\" target=\"_blank\" data-ylk=\"slk:Lille : Une jeune femme alcoolis\u00e9e se tue en sautant d\u2019un immeuble apr\u00e8s la Braderie;cpos:4;pos:1;elm:context_link;itc:0;sec:content-canvas\" class=\"link \">Lille : Une jeune femme alcoolis\u00e9e se tue en sautant d\u2019un immeuble apr\u00e8s la Braderie<\/a><br \/><a data-i13n=\"cpos:5;pos:1\" href=\"https:\/\/www.20minutes.fr\/justice\/4176543-20251001-lille-devant-tribunal-ambulancier-avoue-finalement-avoir-tue-pieton-a25?at_medium=RSS%20feed&amp;at_campaign=ynews&amp;utm_source=yahoo&amp;utm_medium=rss&amp;utm_campaign=news_feed&amp;utm_content=related_content_link\" rel=\"nofollow noopener\" target=\"_blank\" data-ylk=\"slk:Lille : Devant le tribunal, un ambulancier avoue finalement avoir tu\u00e9 un pi\u00e9ton sur l&#039;A25;cpos:5;pos:1;elm:context_link;itc:0;sec:content-canvas\" class=\"link \">Lille : Devant le tribunal, un ambulancier avoue finalement avoir tu\u00e9 un pi\u00e9ton sur l&rsquo;A25<\/a><\/p>\n","protected":false},"excerpt":{"rendered":"Un homme de 29 ans est mort lundi 1er d\u00e9cembre \u00e0 Lille apr\u00e8s avoir chut\u00e9 du 8e \u00e9tage&hellip;\n","protected":false},"author":2,"featured_media":573852,"comment_status":"","ping_status":"","sticky":false,"template":"","format":"standard","meta":{"footnotes":""},"categories":[2815],"tags":[1111,11,68817,1777,674,1011,27,811,1307,12,25],"class_list":{"0":"post-573851","1":"post","2":"type-post","3":"status-publish","4":"format-standard","5":"has-post-thumbnail","7":"category-lille","8":"tag-actu","9":"tag-actualites","10":"tag-cercle-familial","11":"tag-eu","12":"tag-europe","13":"tag-fr","14":"tag-france","15":"tag-hauts-de-france","16":"tag-lille","17":"tag-news","18":"tag-republique-francaise"},"share_on_mastodon":{"url":"https:\/\/pubeurope.com\/@fr\/115651785816435744","error":""},"_links":{"self":[{"href":"https:\/\/www.europesays.com\/fr\/wp-json\/wp\/v2\/posts\/573851","targetHints":{"allow":["GET"]}}],"collection":[{"href":"https:\/\/www.europesays.com\/fr\/wp-json\/wp\/v2\/posts"}],"about":[{"href":"https:\/\/www.europesays.com\/fr\/wp-json\/wp\/v2\/types\/post"}],"author":[{"embeddable":true,"href":"https:\/\/www.europesays.com\/fr\/wp-json\/wp\/v2\/users\/2"}],"replies":[{"embeddable":true,"href":"https:\/\/www.europesays.com\/fr\/wp-json\/wp\/v2\/comments?post=573851"}],"version-history":[{"count":0,"href":"https:\/\/www.europesays.com\/fr\/wp-json\/wp\/v2\/posts\/573851\/revisions"}],"wp:featuredmedia":[{"embeddable":true,"href":"https:\/\/www.europesays.com\/fr\/wp-json\/wp\/v2\/media\/573852"}],"wp:attachment":[{"href":"https:\/\/www.europesays.com\/fr\/wp-json\/wp\/v2\/media?parent=573851"}],"wp:term":[{"taxonomy":"category","embeddable":true,"href":"https:\/\/www.europesays.com\/fr\/wp-json\/wp\/v2\/categories?post=573851"},{"taxonomy":"post_tag","embeddable":true,"href":"https:\/\/www.europesays.com\/fr\/wp-json\/wp\/v2\/tags?post=573851"}],"curies":[{"name":"wp","href":"https:\/\/api.w.org\/{rel}","templated":true}]}}