{"id":573853,"date":"2025-12-02T20:09:12","date_gmt":"2025-12-02T20:09:12","guid":{"rendered":"https:\/\/www.europesays.com\/fr\/573853\/"},"modified":"2025-12-02T20:09:12","modified_gmt":"2025-12-02T20:09:12","slug":"la-statue-de-notre-dame-de-la-garde-restauree-marseille-sapprete-a-celebrer-son-retour","status":"publish","type":"post","link":"https:\/\/www.europesays.com\/fr\/573853\/","title":{"rendered":"La\u00a0 statue de Notre-Dame de la Garde restaur\u00e9e : Marseille s\u2019appr\u00eate \u00e0 c\u00e9l\u00e9brer son retour"},"content":{"rendered":"<p>Perch\u00e9e au-dessus de la ville, battue par les vents, fouett\u00e9e par les embruns, frapp\u00e9e par la foudre, la statue de Notre-Dame de la Garde domine Marseille depuis plus d\u2019un si\u00e8cle et demi. Pour les Marseillais, elle n\u2019est pas qu\u2019un monument : elle est un rep\u00e8re, un refuge, une pr\u00e9sence famili\u00e8re. \u00c0 l\u2019occasion de la fin de la premi\u00e8re grande phase de restauration de la statue et de son pi\u00e9destal, les enjeux du chantier, les fruits d\u2019une campagne de m\u00e9c\u00e9nat populaire in\u00e9dite, et le programme des festivit\u00e9s pr\u00e9vues le dimanche 7 d\u00e9cembre, dont un spectacle son et lumi\u00e8re exceptionnel viennent d\u2019\u00eatre pr\u00e9sent\u00e9s.<br \/>\n<img fetchpriority=\"high\" decoding=\"async\" class=\"size-large wp-image-111217\" src=\"data:image\/svg+xml,%3Csvg%20xmlns=\" http:=\"\" alt=\"Destimed eL2VATION nOTRE DAME DE LA gARDE 2\" width=\"1024\" height=\"539\" data-lazy- data-lazy- data-lazy-src=\"https:\/\/www.europesays.com\/fr\/wp-content\/uploads\/2025\/12\/eL2VATION-nOTRE-DAME-DE-LA-gARDE-2-1024x539.jpg\"\/>\u00ab \u00c9l\u00e9vation \u00bb \u00a9 Monumental Tour<br \/>\n\u00ab Prendre soin de la Bonne M\u00e8re, c\u2019est prendre soin de notre humanit\u00e9 \u00bb<\/p>\n<p data-start=\"931\" data-end=\"1411\">C\u2019est le P\u00e8re Olivier Spinosa, recteur de la basilique Notre-Dame de la Garde, qui a ouvert la rencontre. Il commence par un geste de simplicit\u00e9 : \u00abJe vous accueille ici au nom de la Bonne M\u00e8re. Ici, c\u2019est toujours elle qui accueille. \u00bb Puis il \u00e9largit aussit\u00f4t la perspective : il accueille aussi au nom du cardinal archev\u00eaque de Marseille, Mgr Jean-Marc Aveline, et au nom de tous ceux, \u00e0 Marseille et dans le monde, qui l\u00e8vent les yeux vers cette silhouette famili\u00e8re.<\/p>\n<p data-start=\"1413\" data-end=\"1848\">Pour lui, ce chantier n\u2019est pas seulement une suite d\u2019op\u00e9rations techniques. \u00abIl a quelque chose de profond\u00e9ment spirituel\u00bb. Au fil des travaux, la statue est apparue \u00ab dans tous ses \u00e9tats \u00bb : \u00e9tincelante, puis mise \u00e0 nu, d\u00e9pouill\u00e9e de son or, avant de retrouver progressivement son \u00e9clat. Le recteur y voit le reflet de nos vies : \u00ab des phases d\u2019abondance, des phases de d\u00e9pouillement, des passages \u00e0 d\u00e9couvert o\u00f9 l\u2019essentiel se r\u00e9v\u00e8le\u00bb.<\/p>\n<p data-start=\"1850\" data-end=\"2217\">\u00ab Prendre soin de la Bonne M\u00e8re, c\u2019est prendre soin de chaque Marseillais, et plus largement de notre humanit\u00e9 \u00bb, souligne-t-il. La statue restaur\u00e9e n\u2019est pas qu\u2019un objet brillant : elle rappelle, pour les croyants, une promesse \u2013 \u00abcelle d\u2019une destin\u00e9e \u00e0 la lumi\u00e8re. Et m\u00eame pour ceux qui ne partagent pas la foi, elle symbolise un \u00e9lan, une \u00e9l\u00e9vation, un lien commun\u00bb.<\/p>\n<p data-start=\"2219\" data-end=\"2682\">Le P\u00e8re Spinosa insiste surtout sur ce que l\u2019on ne voit pas : les pierres, les structures, tout ce qui soutient la statue. \u00ab Dans nos vies, ce qui brille tient sur ce qu\u2019on ne voit pas \u00bb, confie-t-il. Les fondations invisibles -les pierres solides comme les gestes discrets- sont ce qui permet \u00e0 ce qui illumine de tenir. \u00abCe chantier, dit-il, nous a appris quelque chose de nous-m\u00eames : ne pas n\u00e9gliger l\u2019invisible, ce qui, silencieusement, porte tout le reste.\u00bb Ce moment, il le voit comme une \u00e9tape qui marquera la m\u00e9moire de la ville pour des d\u00e9cennies : \u00ab Ce que nous vivons aujourd\u2019hui portera Marseille pour les cinquante ann\u00e9es \u00e0 venir, avant qu\u2019une nouvelle restauration ne soit n\u00e9cessaire. \u00bb<\/p>\n<p>Une prouesse de restauration au sommet de Marseille<\/p>\n<p data-start=\"2980\" data-end=\"3533\">Apr\u00e8s cette mise en perspective spirituelle, c\u2019est Xavier Didier, architecte en charge de la restauration, qui prend la parole. En technicien passionn\u00e9, il rappelle d\u2019abord une phrase de Viollet-le-Duc, l\u2019immense architecte du XIX\u1d49 si\u00e8cle : selon lui, la galvanoplastie \u2013 le proc\u00e9d\u00e9 utilis\u00e9 pour r\u00e9aliser la statue de la Bonne M\u00e8re \u2013 ne r\u00e9sisterait pas longtemps aux agressions atmosph\u00e9riques de Marseille. Les ateliers Christophe, qui avaient fabriqu\u00e9 la statue, n\u2019avaient d\u2019ailleurs garanti leur \u0153uvre que quinze ans, n\u00e9goci\u00e9s ensuite \u00e0 cinquante. \u00ab Nous sommes un si\u00e8cle plus tard, et elle est encore l\u00e0 \u00bb, sourit Xavier Didier. Une performance en soi, mais aussi un avertissement : \u00abL\u2019environnement exceptionnel de Notre-Dame de la Garde est aussi d\u2019une grande violence pour les mat\u00e9riaux. En trente ans, on a comptabilis\u00e9 en moyenne cinq impacts de foudre par an. Les embruns arrach\u00e9s \u00e0 la mer par le mistral attaquent la pierre, le fer, le cuivre. La statue, elle, porte aussi les cicatrices de l\u2019histoire : huit impacts de balles, laiss\u00e9s par les combats de la lib\u00e9ration de Marseille, fin ao\u00fbt 1944. \u00bb<\/p>\n<p data-start=\"4093\" data-end=\"4760\">L\u2019architecte d\u00e9crit ensuite la finesse extraordinaire de l\u2019\u0153uvre. \u00abSur les mains de l\u2019Enfant J\u00e9sus, on distingue les m\u00eames petites fossettes que sur celles d\u2019un nouveau-n\u00e9. Le regard de la Vierge se tourne vers le large, \u00e0 l\u2019entr\u00e9e du Vieux-Port, comme pour veiller sur ceux qui partent et ceux qui reviennent. L\u2019Enfant, lui, se penche vers la ville pour la b\u00e9nir, reli\u00e9 \u00e0 sa m\u00e8re par ce geste de tendresse o\u00f9 elle soutient son pied.<br data-start=\"4525\" data-end=\"4528\"\/>Si cette douceur s\u2019exprime avec tant de pr\u00e9cision, c\u2019est gr\u00e2ce \u00e0 la galvanoplastie : un proc\u00e9d\u00e9 \u00e9lectrochimique qui a permis de reproduire en cuivre, sans intervention de la main du modeleur, la finesse m\u00eame de l\u2019original en pl\u00e2tre. \u00bb<\/p>\n<p data-start=\"4762\" data-end=\"5312\">Mais pour pr\u00e9server cette \u0153uvre, il a fallu organiser un v\u00e9ritable chantier de haute couture technique. Un \u00e9chafaudage de 52 tonnes, pos\u00e9 non pas au sol mais sur la \u00ab terrasse des anges \u00bb, a \u00e9t\u00e9 mont\u00e9 en porte-\u00e0-faux pour travailler tout autour de la statue et d\u00e9passer la couronne, \u00e0 plus de 211 m\u00e8tres d\u2019altitude. Sept semaines \u00e9taient pr\u00e9vues pour l\u2019installer ; il en faudra neuf. Quatre semaines pour le d\u00e9monter ; il en faudra six. Jusqu\u2019au dernier camion, parti \u00e0 peine quelques heures avant l\u2019installation du dispositif du Monumental Tour.<\/p>\n<p data-start=\"4762\" data-end=\"5312\">La pierre a \u00e9t\u00e9 soign\u00e9e comme un patient pr\u00e9cieux :<br data-start=\"5365\" data-end=\"5368\"\/>\u2013 la pierre verte, fragilis\u00e9e par une \u00ab maladie \u00bb li\u00e9e \u00e0 sa constitution, a \u00e9t\u00e9 trait\u00e9e pour emp\u00eacher toute reprise du processus ;<br data-start=\"5498\" data-end=\"5501\"\/>\u2013 la pierre blanche de Calissane, notamment celle des anges, a \u00e9t\u00e9 dessal\u00e9e et bioconsolid\u00e9e gr\u00e2ce \u00e0 des bact\u00e9ries qui, en mourant, recr\u00e9ent une fine couche de calcite ;<br data-start=\"5674\" data-end=\"5677\"\/>\u2013 certaines pierres tr\u00e8s alt\u00e9r\u00e9es ont \u00e9t\u00e9 remplac\u00e9es, avec de v\u00e9ritables prouesses de st\u00e9r\u00e9otomie pour ajuster des oculi circulaires sur une fa\u00e7ade tronconique et inclin\u00e9e.<\/p>\n<p data-start=\"5851\" data-end=\"6278\">Le fer, lui, demandait un soin extr\u00eame : cette structure du XIX\u1d49 si\u00e8cle, vuln\u00e9rable \u00e0 la rouille, partait parfois d\u2019une \u00e9paisseur de 1 cm pour en faire 5 une fois corrod\u00e9e. Il a \u00e9t\u00e9 enti\u00e8rement d\u00e9plomb\u00e9, nettoy\u00e9, prot\u00e9g\u00e9, puis repeint avec des syst\u00e8mes anticorrosion.<br data-start=\"6118\" data-end=\"6121\"\/>La statue de cuivre a retrouv\u00e9 son int\u00e9grit\u00e9 par une soixantaine de petites r\u00e9parations \u00e0 l\u2019\u00e9tain et au plomb, dans la droite ligne des techniques de 1870.<\/p>\n<p data-start=\"6280\" data-end=\"6735\">Enfin, l\u2019or a fait son entr\u00e9e. Une \u00e9quipe de doreuses est mont\u00e9e sur le chantier d\u00e9but septembre. Un atelier herm\u00e9tique et climatis\u00e9 a \u00e9t\u00e9 install\u00e9 en haut du sanctuaire, pour maintenir une temp\u00e9rature constante et prot\u00e9ger les produits des variations de chaleur et de l\u2019air salin. Le protocole \u2013 mis au point par les ateliers Goar il y a plus de vingt ans \u2013 compte une dizaine d\u2019op\u00e9rations. L\u2019application de la feuille d\u2019or n\u2019est que la neuvi\u00e8me \u00e9tape.<\/p>\n<p data-start=\"6737\" data-end=\"7099\">Au total, pr\u00e8s de 27 000 feuilles d\u2019or, de quelques microns d\u2019\u00e9paisseur, ont \u00e9t\u00e9 pos\u00e9es. \u00ab Pour obtenir un millim\u00e8tre d\u2019\u00e9paisseur d\u2019or en les empilant, il faudrait environ 10 000 feuilles \u00bb, rappelle Xavier Didier, pour illustrer la d\u00e9licatesse de la mati\u00e8re. Selon le directeur des ateliers, la dorure ainsi prot\u00e9g\u00e9e devrait durer au moins quarante ans.<\/p>\n<p data-start=\"7101\" data-end=\"7689\">Cette premi\u00e8re phase, centr\u00e9e sur la statue et sa structure, sera suivie, \u00e0 partir de 2026, d\u2019une seconde s\u00e9rie de travaux plus orient\u00e9e vers l\u2019accueil du public : nouvel \u00e9clairage de la basilique, r\u00e9novation du br\u00fbloir de la crypte, restauration du pont-levis emprunt\u00e9 quotidiennement par des milliers de personnes, r\u00e9fection de la terrasse des ex-voto, am\u00e9liorations en mati\u00e8re de s\u00e9curit\u00e9 et de vid\u00e9osurveillance. \u00ab Ce n\u2019est pas qu\u2019une affaire de fer, de pierre et d\u2019or, conclut l\u2019architecte. C\u2019est une affaire de vie : celle d\u2019un lieu qui accueille, qui re\u00e7oit, qui respire. \u00bb<\/p>\n<p>Une campagne de m\u00e9c\u00e9nat vraiment populaire<\/p>\n<p data-start=\"7739\" data-end=\"8042\">Le responsable du m\u00e9c\u00e9nat, \u00c9douard de Taille, est venu, lui, raconter l\u2019autre versant du chantier : celui de la mobilisation financi\u00e8re. L\u2019objectif initial de la campagne lanc\u00e9e \u2013 2,8 millions d\u2019euros \u2013 pouvait sembler ambitieux. Aujourd\u2019hui, le r\u00e9sultat est l\u00e0 : 3,3 millions d\u2019euros collect\u00e9s.<\/p>\n<p data-start=\"8044\" data-end=\"8503\">Cette r\u00e9ussite tient d\u2019abord au choix d\u2019une campagne populaire. L\u2019id\u00e9e forte \u00e9tait simple :<br data-start=\"8139\" data-end=\"8142\"\/>50 euros = 1 feuille d\u2019or pour la statue. De quoi permettre \u00e0 chacun de \u00ab voir \u00bb son geste dans l\u2019\u00e9clat retrouv\u00e9 de la Bonne M\u00e8re. Mais le dispositif a \u00e9t\u00e9 pens\u00e9 pour que tout le monde puisse participer, m\u00eame modestement : arrondis en caisse \u00e0 1 \u20ac, dons par SMS, plateforme en ligne, ch\u00e8ques, virements, partenariats avec des boutiques marseillaises, etc.<\/p>\n<p data-start=\"8505\" data-end=\"8926\">Au total, pr\u00e8s de 40 000 donateurs ont r\u00e9pondu \u00e0 l\u2019appel. Un chiffre presque symbolique, puisqu\u2019il correspond au nombre de feuilles d\u2019or n\u00e9cessaires pour la restauration. La grande majorit\u00e9 des dons, souligne \u00c9douard de Taille, se situe entre 1 \u20ac et 50 \u20ac. Marseille, la France enti\u00e8re et bien au-del\u00e0 se sont rassembl\u00e9s autour de la Bonne M\u00e8re, avec plus de 5 000 messages personnels laiss\u00e9s sur la plateforme d\u00e9di\u00e9e.<\/p>\n<p data-start=\"8928\" data-end=\"9315\">Les collectivit\u00e9s territoriales ont pris une part importante (environ 1,3 million d\u2019euros, soit 39 % de la collecte), compl\u00e9t\u00e9e par les particuliers et les entreprises (61 %), dont une quinzaine de grands m\u00e9c\u00e8nes. Il rappelle le r\u00f4le moteur du groupe CMA CGM, ainsi que celui du Cr\u00e9dit Mutuel, particuli\u00e8rement impliqu\u00e9, \u00e0 la fois dans la restauration et dans l\u2019inauguration.<\/p>\n<p data-start=\"9317\" data-end=\"9696\">Pour dire merci, l\u2019\u00e9quipe a voulu que la reconnaissance soit, elle aussi, visible et symbolique. Un ex-voto en forme de Sacr\u00e9-C\u0153ur, en cuivre dor\u00e9, a \u00e9t\u00e9 r\u00e9alis\u00e9 et plac\u00e9 au pied de la statue int\u00e9rieure de Marie et de l\u2019Enfant J\u00e9sus. \u00c0 l\u2019int\u00e9rieur : les pr\u00e9noms de tous les donateurs, ceux des collectivit\u00e9s et des entreprises. Un c\u0153ur offert en retour \u00e0 ceux qui ont offert.<\/p>\n<p data-start=\"9698\" data-end=\"10151\">Autre mani\u00e8re de lier patrimoine, \u00e9conomie locale et m\u00e9c\u00e9nat : la cr\u00e9ation de produits exclusifs, confi\u00e9s \u00e0 des maisons marseillaises ou r\u00e9gionales. Parmi eux, un santon dor\u00e9 \u00e0 la feuille d\u2019or, r\u00e9alis\u00e9 par le santonnier Escoffier en collaboration avec les doreurs, pr\u00e9sent\u00e9 dans un coffret con\u00e7u par une entreprise marseillaise centenaire. Un objet rare, disponible en \u00e9dition limit\u00e9e, d\u00e9clin\u00e9 aussi en versions plus accessibles dor\u00e9es \u201ccouleur or\u201d.<\/p>\n<p>Un spectacle \u00ab \u00c9l\u00e9vation \u00bb pour faire rayonner la Bonne M\u00e8re<\/p>\n<p data-start=\"10217\" data-end=\"10772\">Pour c\u00e9l\u00e9brer la fin de cette premi\u00e8re \u00e9tape, un partenariat artistique d\u2019exception a \u00e9t\u00e9 nou\u00e9 avec le DJ et producteur Michael Canitrot et son projet Monumental Tour, cofond\u00e9 avec Mathieu Gautier. Depuis 2019, Monumental Tour fait dialoguer patrimoine et cr\u00e9ation contemporaine, \u00e0 travers des spectacles m\u00ealant musique \u00e9lectronique, lumi\u00e8res, vid\u00e9o mapping et nouvelles technologies. Mont-Saint-Michel, Palais-Royal, Tour Eiffel, r\u00e9ouverture de Notre-Dame de Paris : la liste des lieux que le projet a d\u00e9j\u00e0 mis en lumi\u00e8re parle d\u2019elle-m\u00eame. Pour Notre-Dame de la Garde, Michael Canitrot a imagin\u00e9 une \u0153uvre originale baptis\u00e9e \u00ab \u00c9l\u00e9vation \u00bb, pens\u00e9e en quatre tableaux visuels et sonores.<\/p>\n<p data-start=\"10925\" data-end=\"11899\">Le premier \u00e9voque le lever du soleil, avec des jeux de lumi\u00e8re inspir\u00e9s de la mer, de ses reflets et de ses teintes. Le deuxi\u00e8me c\u00e9l\u00e8bre le lien unique entre la Bonne M\u00e8re et la M\u00e9diterran\u00e9e, avec des couleurs bleues et turquoises et des projections anim\u00e9es qui \u00e9pousent la musique.<br data-start=\"11215\" data-end=\"11218\"\/>Le troisi\u00e8me tableau s\u2019int\u00e9resse \u00e0 l\u2019\u00e9l\u00e9vation proprement dite : de grands faisceaux verticaux, reliant symboliquement le sol et le ciel, dans des nuances mauves et violettes, comme une pri\u00e8re lumineuse envoy\u00e9e au-dessus de la ville.<br data-start=\"11455\" data-end=\"11458\"\/>Enfin, le quatri\u00e8me tableau, intitul\u00e9 \u00ab Rayonnement \u00bb, plonge la statue restaur\u00e9e dans des teintes dor\u00e9es et cuivr\u00e9es. Il vient magnifier, une derni\u00e8re fois, le travail des artisans, des architectes, des \u00e9quipes et de tous ceux qui ont \u0153uvr\u00e9 pour la restauration. Le spectacle, visible \u00e0 360\u00b0, pourra \u00eatre contempl\u00e9 depuis de nombreux quartiers, et sans doute bien au-del\u00e0 gr\u00e2ce aux images relay\u00e9es par les m\u00e9dias et les r\u00e9seaux sociaux.<\/p>\n<p data-start=\"11901\" data-end=\"12542\">Sur le plan musical, Michael Canitrot a voulu se laisser d\u00e9placer lui aussi, en sortant des chemins tout trac\u00e9s de la simple musique \u00e9lectro de club. Il propose une r\u00e9interpr\u00e9tation d\u2019un Ave Maria, qui commence dans une tonalit\u00e9 classique, presque liturgique, avant de s\u2019\u00e9lever progressivement vers une \u00e9criture plus \u00e9lectronique. Pour l\u2019occasion, il s\u2019est entour\u00e9 de la chanteuse lyrique marseillaise M\u00e9lody Blue Legion, qui interpr\u00e9tera la pi\u00e8ce en direct, accompagn\u00e9e d\u2019une partie des ch\u0153urs de Notre-Dame. Ensemble, ils donneront corps \u00e0 cette rencontre entre tradition et modernit\u00e9, entre pri\u00e8re et cr\u00e9ation contemporaine. Le spectacle principal durera une dizaine de minutes, mais la mise en lumi\u00e8re de la basilique se prolongera ensuite jusque tard dans la soir\u00e9e, afin de permettre au plus grand nombre d\u2019en profiter.<\/p>\n<p>Un dimanche en trois temps<\/p>\n<p data-start=\"12775\" data-end=\"12942\">Pour que cette journ\u00e9e soit \u00e0 la hauteur de l\u2019\u00e9v\u00e9nement, l\u2019organisation a \u00e9t\u00e9 confi\u00e9e \u00e0 une \u00e9quipe coordonn\u00e9e, dont Anne-Sophie Ozel a pr\u00e9sent\u00e9 les grandes lignes.<\/p>\n<p>Les festivit\u00e9s se d\u00e9rouleront en trois temps :<\/p>\n<ul>\n<li data-start=\"12998\" data-end=\"13124\"><strong>15h30 :<\/strong> une messe solennelle sera c\u00e9l\u00e9br\u00e9e \u00e0 l\u2019abbaye Saint-Victor, en pr\u00e9sence du cardinal Jean-Marc Aveline.<\/li>\n<li data-start=\"12998\" data-end=\"13124\"><strong>17 heures :<\/strong> une procession partira de la place Joseph \u00c9tienne pour monter vers la place du Colonel \u00c9don, situ\u00e9e juste en contrebas de la basilique.<\/li>\n<li data-start=\"12998\" data-end=\"13124\"><strong>18 heures :<\/strong> la b\u00e9n\u00e9diction de la statue restaur\u00e9e par le cardinal sera suivie du spectacle son et lumi\u00e8re \u00ab \u00c9l\u00e9vation \u00bb.<\/li>\n<\/ul>\n<p data-start=\"13415\" data-end=\"13877\">Pour des raisons de s\u00e9curit\u00e9, la colline de Notre-Dame de la Garde ne sera pas accessible aux pi\u00e9tons ce soir-l\u00e0 -une diff\u00e9rence notable avec d\u2019autres grandes f\u00eates. Le public sera donc invit\u00e9 \u00e0 se rassembler principalement place du Colonel \u00c9don, point de vue privil\u00e9gi\u00e9 pour la b\u00e9n\u00e9diction et le spectacle. D\u2019autres points de vue, notamment au jardin du Pharo ou sur le front de mer, permettront d\u2019admirer le rayonnement de la Bonne M\u00e8re illumin\u00e9e.<\/p>\n<p data-start=\"13879\" data-end=\"14232\">Des restrictions de circulation et de stationnement seront mises en place autour de l\u2019abbaye, sur le parcours de la procession (certaines rues \u00e9tant temporairement ferm\u00e9es) et aux abords du sanctuaire. Des navettes RTM transporteront les fid\u00e8les qui ne peuvent monter \u00e0 pied, depuis le boulevard de la Corderie jusqu\u2019\u00e0 proximit\u00e9 de la basilique.<\/p>\n<p data-start=\"14548\" data-end=\"14890\">Au-del\u00e0 des chiffres, des prouesses techniques et du dispositif de s\u00e9curit\u00e9, il reste l\u2019essentiel : pour Marseille, cette inauguration est un moment de communion. La Bonne M\u00e8re, restaur\u00e9e, dor\u00e9e, \u00e0 nouveau rayonnante, ne change pas de place. Mais, comme l\u2019a rappel\u00e9 le P\u00e8re Olivier Spinosa, \u00ab ces travaux nous ont peut-\u00eatre chang\u00e9s\u00bb.<\/p>\n<p data-start=\"14892\" data-end=\"14978\" data-is-last-node=\"\" data-is-only-node=\"\">\u00c0 partir du 7 d\u00e9cembre, il suffira de lever les yeux vers la colline pour le v\u00e9rifier.<\/p>\n<p data-start=\"14892\" data-end=\"14978\" data-is-last-node=\"\" data-is-only-node=\"\"><strong>Patricia CAIRE<\/strong><\/p>\n","protected":false},"excerpt":{"rendered":"Perch\u00e9e au-dessus de la ville, battue par les vents, fouett\u00e9e par les embruns, frapp\u00e9e par la foudre, la&hellip;\n","protected":false},"author":2,"featured_media":573854,"comment_status":"","ping_status":"","sticky":false,"template":"","format":"standard","meta":{"footnotes":""},"categories":[2814],"tags":[1111,11,1777,674,1011,27,884,12,882,25],"class_list":{"0":"post-573853","1":"post","2":"type-post","3":"status-publish","4":"format-standard","5":"has-post-thumbnail","7":"category-marseille","8":"tag-actu","9":"tag-actualites","10":"tag-eu","11":"tag-europe","12":"tag-fr","13":"tag-france","14":"tag-marseille","15":"tag-news","16":"tag-provence-alpes-cote-dazur","17":"tag-republique-francaise"},"share_on_mastodon":{"url":"https:\/\/pubeurope.com\/@fr\/115651789857223685","error":""},"_links":{"self":[{"href":"https:\/\/www.europesays.com\/fr\/wp-json\/wp\/v2\/posts\/573853","targetHints":{"allow":["GET"]}}],"collection":[{"href":"https:\/\/www.europesays.com\/fr\/wp-json\/wp\/v2\/posts"}],"about":[{"href":"https:\/\/www.europesays.com\/fr\/wp-json\/wp\/v2\/types\/post"}],"author":[{"embeddable":true,"href":"https:\/\/www.europesays.com\/fr\/wp-json\/wp\/v2\/users\/2"}],"replies":[{"embeddable":true,"href":"https:\/\/www.europesays.com\/fr\/wp-json\/wp\/v2\/comments?post=573853"}],"version-history":[{"count":0,"href":"https:\/\/www.europesays.com\/fr\/wp-json\/wp\/v2\/posts\/573853\/revisions"}],"wp:featuredmedia":[{"embeddable":true,"href":"https:\/\/www.europesays.com\/fr\/wp-json\/wp\/v2\/media\/573854"}],"wp:attachment":[{"href":"https:\/\/www.europesays.com\/fr\/wp-json\/wp\/v2\/media?parent=573853"}],"wp:term":[{"taxonomy":"category","embeddable":true,"href":"https:\/\/www.europesays.com\/fr\/wp-json\/wp\/v2\/categories?post=573853"},{"taxonomy":"post_tag","embeddable":true,"href":"https:\/\/www.europesays.com\/fr\/wp-json\/wp\/v2\/tags?post=573853"}],"curies":[{"name":"wp","href":"https:\/\/api.w.org\/{rel}","templated":true}]}}