{"id":573857,"date":"2025-12-02T20:11:15","date_gmt":"2025-12-02T20:11:15","guid":{"rendered":"https:\/\/www.europesays.com\/fr\/573857\/"},"modified":"2025-12-02T20:11:15","modified_gmt":"2025-12-02T20:11:15","slug":"lyon-le-maire-gregory-doucet-victime-dun-malaise-lelu-pris-en-charge-a-lhopital","status":"publish","type":"post","link":"https:\/\/www.europesays.com\/fr\/573857\/","title":{"rendered":"Lyon. Le maire Gr\u00e9gory Doucet victime d&rsquo;un malaise, l&rsquo;\u00e9lu pris en charge \u00e0 l&rsquo;h\u00f4pital"},"content":{"rendered":"<p>                    Par<br \/>\n        <strong><br \/>\n            <a href=\"https:\/\/actu.fr\/auteur\/julien-damboise\" title=\"Consulter tous les articles de Julien Damboise\" target=\"_blank\" rel=\"noopener\">Julien Damboise<\/a><br \/>\n                    <\/strong><\/p>\n<p>        Publi\u00e9 le<\/p>\n<p>            2 d\u00e9c. 2025 \u00e0 19h35        <\/p>\n<p><strong>INFO ACTU LYON<\/strong>. Des secouristes ont \u00e9t\u00e9 vus ce mardi 2 d\u00e9cembre 2025 au sein de l\u2019H\u00f4tel de Ville de <a href=\"https:\/\/actu.fr\/lyon\/\" target=\"_blank\" rel=\"noopener\">Lyon<\/a>, dans le 1\u1d49\u02b3 arrondissement. Il s\u2019agissait d\u2019un d\u00e9ploiement pour <strong>secourir le maire<\/strong> \u00e9cologiste <a href=\"https:\/\/actu.fr\/tag\/gregory-doucet\" target=\"_blank\" rel=\"noopener\">Gr\u00e9gory Doucet<\/a>. Les nouvelles sont rassurantes, mais l\u2019\u00e9lu aurait \u00e9t\u00e9 <strong>transport\u00e9 \u00e0 l\u2019h\u00f4pital<\/strong>. Ce que l\u2019on sait.<\/p>\n<p>    <a href=\"https:\/\/www.google.com\/maps\/embed?pb=!1m18!1m12!1m3!1d2783.178820769321!2d4.831827175636941!3d45.76760641314469!2m3!1f0!2f0!3f0!3m2!1i1024!2i768!4f13.1!3m3!1m2!1s0x47f4ea473ab70d0b%3A0x712d7fa96d045491!2sH%C3%B4tel%20de%20Ville%20de%20Lyon!5e0!3m2!1sfr!2sfr!4v1764697616829!5m2!1sfr!2sfr\" title=\"Ouvrie le lien\" target=\"_blank\" rel=\"noopener\">Cliquez ici pour visualiser le contenu<\/a><\/p>\n<p>Un malaise lors d\u2019une r\u00e9union<\/p>\n<p class=\" wall-content\">Selon nos informations, l\u2019\u00e9lu a \u00e9t\u00e9 pris d\u2019un malaise dans l\u2019apr\u00e8s-midi lors d\u2019une r\u00e9union au sein de la mairie situ\u00e9e place de la Com\u00e9die. C\u2019est vers 17 h30 que les sapeurs-pompiers et vraisemblablement au moins une \u00e9quipe du <a href=\"https:\/\/actu.fr\/auvergne-rhone-alpes\/lyon_69123\/lyon-urgences-ado-dans-le-coma-reanimation-la-course-contre-la-mort-du-samu_61501637.html\" target=\"_blank\" rel=\"noopener\">Samu 69<\/a> sont intervenus pour prendre en charge Gr\u00e9gory Doucet.<\/p>\n<p class=\" wall-content\">Son \u00e9tat de sant\u00e9 est \u00e9voqu\u00e9 comme <strong>rassurant<\/strong>.<\/p>\n<p>Transport\u00e9 \u00e0 l\u2019h\u00f4pital<\/p>\n<p class=\" wall-content\">L\u2019\u00e9lu \u00e2g\u00e9 de 52 ans a toutefois \u00e9t\u00e9 transport\u00e9 \u00e0 l\u2019h\u00f4pital de la <a href=\"https:\/\/actu.fr\/tag\/croix-rousse\" target=\"_blank\" rel=\"noopener\">Croix-Rousse<\/a> afin de s\u2019assurer que tout allait mieux pour l\u2019\u00e9cologiste candidat \u00e0 sa r\u00e9\u00e9lection en 2026.<\/p>\n<p class=\" wall-content\">\u00ab\u00a0Il va bien\u00a0\u00bb, indique l\u2019entourage du maire \u00e0 actu Lyon en \u00e9voquant un \u00ab\u00a0malaise <strong>sans gravit\u00e9<\/strong> en r\u00e9union\u00a0\u00bb. Gr\u00e9gory Doucet, qui a couru une course de 13 km ce week-end lors de la Saint\u00e9Lyon, devait subir des v\u00e9rifications m\u00e9dicales.<\/p>\n<p class=\" wall-content\">Personnalisez votre actualit\u00e9 en ajoutant vos villes et m\u00e9dias en favori avec <a href=\"https:\/\/moncompte.actu.fr\" title=\"D\u00e9couvez Mon Actu\" rel=\"nofollow noopener\" data-trk=\"{&quot;cta&quot;:{&quot;action&quot;:&quot;https:\\\/\\\/moncompte.actu.fr&quot;,&quot;category&quot;:&quot;mon compte&quot;,&quot;from&quot;:&quot;article footer&quot;,&quot;name&quot;:&quot;Mon actu&quot;,&quot;type&quot;:&quot;cta&quot;}}\" target=\"_blank\">Mon Actu<\/a>.<\/p>\n","protected":false},"excerpt":{"rendered":"Par Julien Damboise Publi\u00e9 le 2 d\u00e9c. 2025 \u00e0 19h35 INFO ACTU LYON. Des secouristes ont \u00e9t\u00e9 vus&hellip;\n","protected":false},"author":2,"featured_media":573858,"comment_status":"","ping_status":"","sticky":false,"template":"","format":"standard","meta":{"footnotes":""},"categories":[1889],"tags":[1111,11,2430,1777,674,118,1011,27,5226,2428,12,25],"class_list":{"0":"post-573857","1":"post","2":"type-post","3":"status-publish","4":"format-standard","5":"has-post-thumbnail","7":"category-lyon","8":"tag-actu","9":"tag-actualites","10":"tag-auvergne-rhone-alpes","11":"tag-eu","12":"tag-europe","13":"tag-faits-divers","14":"tag-fr","15":"tag-france","16":"tag-gregory-doucet","17":"tag-lyon","18":"tag-news","19":"tag-republique-francaise"},"share_on_mastodon":{"url":"https:\/\/pubeurope.com\/@fr\/115651797645394341","error":""},"_links":{"self":[{"href":"https:\/\/www.europesays.com\/fr\/wp-json\/wp\/v2\/posts\/573857","targetHints":{"allow":["GET"]}}],"collection":[{"href":"https:\/\/www.europesays.com\/fr\/wp-json\/wp\/v2\/posts"}],"about":[{"href":"https:\/\/www.europesays.com\/fr\/wp-json\/wp\/v2\/types\/post"}],"author":[{"embeddable":true,"href":"https:\/\/www.europesays.com\/fr\/wp-json\/wp\/v2\/users\/2"}],"replies":[{"embeddable":true,"href":"https:\/\/www.europesays.com\/fr\/wp-json\/wp\/v2\/comments?post=573857"}],"version-history":[{"count":0,"href":"https:\/\/www.europesays.com\/fr\/wp-json\/wp\/v2\/posts\/573857\/revisions"}],"wp:featuredmedia":[{"embeddable":true,"href":"https:\/\/www.europesays.com\/fr\/wp-json\/wp\/v2\/media\/573858"}],"wp:attachment":[{"href":"https:\/\/www.europesays.com\/fr\/wp-json\/wp\/v2\/media?parent=573857"}],"wp:term":[{"taxonomy":"category","embeddable":true,"href":"https:\/\/www.europesays.com\/fr\/wp-json\/wp\/v2\/categories?post=573857"},{"taxonomy":"post_tag","embeddable":true,"href":"https:\/\/www.europesays.com\/fr\/wp-json\/wp\/v2\/tags?post=573857"}],"curies":[{"name":"wp","href":"https:\/\/api.w.org\/{rel}","templated":true}]}}