{"id":573859,"date":"2025-12-02T20:12:12","date_gmt":"2025-12-02T20:12:12","guid":{"rendered":"https:\/\/www.europesays.com\/fr\/573859\/"},"modified":"2025-12-02T20:12:12","modified_gmt":"2025-12-02T20:12:12","slug":"le-maire-de-lyon-gregory-doucet-victime-dun-malaise-et-hospitalise","status":"publish","type":"post","link":"https:\/\/www.europesays.com\/fr\/573859\/","title":{"rendered":"Le maire de Lyon Gr\u00e9gory Doucet victime d&rsquo;un malaise et hospitalis\u00e9"},"content":{"rendered":"<p itemprop=\"description\"><strong>Ce mardi en fin d&rsquo;apr\u00e8s-midi, les pompiers sont intervenus \u00e0 l&rsquo;H\u00f4tel de Ville.<\/strong><\/p>\n<p>Le maire de Lyon <a href=\"https:\/\/www.lyonmag.com\/profil-personnalite-lyonnaise\/504\/gregory-doucet\" target=\"_blank\" rel=\"noopener\">Gr\u00e9gory Doucet<\/a> a \u00e9t\u00e9 victime d&rsquo;un malaise lors d&rsquo;une r\u00e9union de travail vers 17h30. Comme le r\u00e9v\u00e8le\u00a0Actu.fr, l&rsquo;\u00e9dile \u00e9cologiste est revenu \u00e0 lui mais a tout de m\u00eame \u00e9t\u00e9 conduit \u00e0 l&rsquo;h\u00f4pital de la Croix-Rousse pour proc\u00e9der \u00e0 des tests et v\u00e9rifications, pour s&rsquo;assurer qu&rsquo;il puisse retourner chez lui, voire reprendre ses activit\u00e9s d&rsquo;\u00e9lu cette semaine.<\/p>\n<p>Candidat \u00e0 sa r\u00e9\u00e9lection, n\u00e9gociateur d&rsquo;une union de la gauche avec des partenaires gourmands, pilote d&rsquo;une fin de mandat au rythme effr\u00e9n\u00e9 impos\u00e9 par le timing des chantiers \u00e0 inaugurer, Gr\u00e9gory Doucet \u00e9tait aussi ce mardi matin sur le terrain rue de la R\u00e9publique pour une op\u00e9ration de contr\u00f4le des cyclistes avec la police municipale.<\/p>\n<p>Par ailleurs, le maire a couru la Saint\u00e9Lyon ce dimanche &#8211; du moins sa plus courte version, la Saint\u00e9tic de 13 kilom\u00e8tres entre Chaponost et la Halle Tony-Garnier.<\/p>\n<p>\u00ab\u00a0Je souhaite un prompt et complet r\u00e9tablissement \u00e0 Gr\u00e9gory Doucet\u00a0\u00bb, a bri\u00e8vement r\u00e9agi le candidat \u00e0 la mairie de Lyon <a href=\"https:\/\/www.lyonmag.com\/profil-personnalite-lyonnaise\/8\/jean-michel-aulas\" target=\"_blank\" rel=\"noopener\">Jean-Michel Aulas<\/a> sur les r\u00e9seaux sociaux.<\/p>\n","protected":false},"excerpt":{"rendered":"Ce mardi en fin d&rsquo;apr\u00e8s-midi, les pompiers sont intervenus \u00e0 l&rsquo;H\u00f4tel de Ville. Le maire de Lyon Gr\u00e9gory&hellip;\n","protected":false},"author":2,"featured_media":573860,"comment_status":"","ping_status":"","sticky":false,"template":"","format":"standard","meta":{"footnotes":""},"categories":[1889],"tags":[1111,11,2813,2190,2430,1109,251,1112,2811,1777,674,118,1011,27,1922,1110,1114,2428,2810,12,241,316,25,2812,517,800],"class_list":{"0":"post-573859","1":"post","2":"type-post","3":"status-publish","4":"format-standard","5":"has-post-thumbnail","7":"category-lyon","8":"tag-actu","9":"tag-actualites","10":"tag-article","11":"tag-asvel","12":"tag-auvergne-rhone-alpes","13":"tag-breves","14":"tag-culture","15":"tag-depeches","16":"tag-economique","17":"tag-eu","18":"tag-europe","19":"tag-faits-divers","20":"tag-fr","21":"tag-france","22":"tag-info","23":"tag-informations","24":"tag-infos","25":"tag-lyon","26":"tag-lyonmag","27":"tag-news","28":"tag-ol","29":"tag-politique","30":"tag-republique-francaise","31":"tag-sociale","32":"tag-sport","33":"tag-transports"},"share_on_mastodon":{"url":"https:\/\/pubeurope.com\/@fr\/115651801425741243","error":""},"_links":{"self":[{"href":"https:\/\/www.europesays.com\/fr\/wp-json\/wp\/v2\/posts\/573859","targetHints":{"allow":["GET"]}}],"collection":[{"href":"https:\/\/www.europesays.com\/fr\/wp-json\/wp\/v2\/posts"}],"about":[{"href":"https:\/\/www.europesays.com\/fr\/wp-json\/wp\/v2\/types\/post"}],"author":[{"embeddable":true,"href":"https:\/\/www.europesays.com\/fr\/wp-json\/wp\/v2\/users\/2"}],"replies":[{"embeddable":true,"href":"https:\/\/www.europesays.com\/fr\/wp-json\/wp\/v2\/comments?post=573859"}],"version-history":[{"count":0,"href":"https:\/\/www.europesays.com\/fr\/wp-json\/wp\/v2\/posts\/573859\/revisions"}],"wp:featuredmedia":[{"embeddable":true,"href":"https:\/\/www.europesays.com\/fr\/wp-json\/wp\/v2\/media\/573860"}],"wp:attachment":[{"href":"https:\/\/www.europesays.com\/fr\/wp-json\/wp\/v2\/media?parent=573859"}],"wp:term":[{"taxonomy":"category","embeddable":true,"href":"https:\/\/www.europesays.com\/fr\/wp-json\/wp\/v2\/categories?post=573859"},{"taxonomy":"post_tag","embeddable":true,"href":"https:\/\/www.europesays.com\/fr\/wp-json\/wp\/v2\/tags?post=573859"}],"curies":[{"name":"wp","href":"https:\/\/api.w.org\/{rel}","templated":true}]}}