{"id":573863,"date":"2025-12-02T20:15:26","date_gmt":"2025-12-02T20:15:26","guid":{"rendered":"https:\/\/www.europesays.com\/fr\/573863\/"},"modified":"2025-12-02T20:15:26","modified_gmt":"2025-12-02T20:15:26","slug":"le-concert-du-nouvel-an-aux-champs-elysees-naura-pas-lieu-cette-annee-pour-des-raisons-de-securite","status":"publish","type":"post","link":"https:\/\/www.europesays.com\/fr\/573863\/","title":{"rendered":"Le concert du Nouvel an aux Champs-\u00c9lys\u00e9es n&rsquo;aura pas lieu cette ann\u00e9e pour des raisons de s\u00e9curit\u00e9"},"content":{"rendered":"<p>La pr\u00e9fecture de Paris a demand\u00e9 \u00e0 la mairie de Paris de renoncer \u00e0 l&rsquo;organisation du concert en direct pour des raisons de s\u00e9curit\u00e9. Le concert sera donc enregistr\u00e9 en amont et diffus\u00e9 le soir du 31 d\u00e9cembre. Le feu d&rsquo;artifice aura quant \u00e0 lui bien lieu.<\/p>\n<p>La f\u00eate pr\u00e9vue <a href=\"https:\/\/www.bfmtv.com\/paris\/nouvel-an-a-paris-plus-de-800-000-personnes-sur-les-champs-elysees-pour-le-feu-d-artifice_AV-202312310342.html\" title=\"Nouvel An \u00e0 Paris: plus de 800.000 personnes sur les Champs-\u00c9lys\u00e9es pour le feu d&#039;artifice\" class=\"internal_link\" target=\"_blank\" rel=\"noopener\">aux Champs \u00c9lys\u00e9es pour le r\u00e9veillon<\/a> se fera sans concert cette ann\u00e9e. La maire du 8e arrondissement de Paris, Jeanne d\u2019Hauteserre, a confirm\u00e9 aupr\u00e8s de BFMTV qu&rsquo;il n&rsquo;y aura pas de concert dans \u00ab\u00a0la plus belle avenue du monde\u00a0\u00bb le 31 d\u00e9cembre pour des raisons de s\u00e9curit\u00e9.<\/p>\n<blockquote class=\"embed embed_quote\"><p>\u00ab\u00a0On a pu constater des mouvements de foules l\u2019ann\u00e9e derni\u00e8re, qui prouvent que l\u2019avenue n\u2019est pas dimensionn\u00e9e pour accueillir autant de personnes\u00a0\u00bb, a expliqu\u00e9 la maire du 8e arrondissement.<\/p><\/blockquote>\n<p>L&rsquo;ann\u00e9e derni\u00e8re, le concert, diffus\u00e9 sur France 2, avait attir\u00e9 plus d\u2019un million de personnes. Un feu d\u2019artifices et un \u00ab\u00a0concert live\u00a0\u00bb au pied de l\u2019Arc de Triomphe venait cl\u00f4turer l\u2019ann\u00e9e olympique, apr\u00e8s la tenue des <a href=\"https:\/\/rmcsport.bfmtv.com\/jeux-olympiques\/on-regrette-ce-chemin-qu-on-prend-la-desillusion-des-organisateurs-des-jo-de-paris-2024-un-an-apres-leur-enorme-succes_AV-202507250165.html\" title=\"&quot;On regrette ce chemin qu&#039;on prend&quot;, la d\u00e9sillusion des organisateurs des JO de Paris 2024 un an apr\u00e8s leur \u00e9norme succ\u00e8s\" class=\"internal_link\" target=\"_blank\" rel=\"noopener\">Jeux olympiques de Paris 2024<\/a>.<\/p>\n<p>Un concert place de la Concorde enregistr\u00e9<\/p>\n<p>Le nouveau pr\u00e9fet de Police de Paris, Patrice Faure, a donc consid\u00e9r\u00e9, en lien avec la mairie du 8e et la ville de Paris, que pour pr\u00e9server la s\u00e9curit\u00e9 de tous, ce \u00ab\u00a0spectacle en live qui \u00e9tait une exception pour les Jeux\u00a0\u00bb, ne serait pas reconduit, toujours selon la maire du 8e, qui pr\u00e9cise: \u00ab\u00a0On ne peut pas mettre tous les effectifs de police uniquement sur les Champs-\u00c9lys\u00e9es\u00a0\u00bb.<\/p>\n<p>N\u00e9anmoins, que les t\u00e9l\u00e9spectateurs du service public se rassurent: France 2 a bel et bien enregistr\u00e9 il y a une dizaine de jours un concert Place de la Concorde \u00e0 Paris, qui sera donc diffus\u00e9 le soir du 31 d\u00e9cembre, en guise de spectacle, en amont du feu tir\u00e9 sur l\u2019Arc de Triomphe et visible sur les Champs \u00c9lys\u00e9es.<\/p>\n<p>Plusieurs artistes pr\u00e9sents lors des pr\u00e9c\u00e9dents r\u00e9veillons<\/p>\n<p>Cette soir\u00e9e a toujours \u00e9t\u00e9 fabriqu\u00e9e gr\u00e2ce \u00e0 de nombreuses s\u00e9quences musicales enregistr\u00e9es en amont et des s\u00e9quences musicales en live. Plusieurs s\u00e9quences ont donc d\u00e9j\u00e0 \u00e9t\u00e9 enregistr\u00e9es la semaine derni\u00e8re, place de la Concorde notamment.<\/p>\n<p><img decoding=\"async\" src=\"https:\/\/www.europesays.com\/fr\/wp-content\/uploads\/2025\/12\/principale-24_2.jpg\"  alt=\"Est-ce d\u00e9j\u00e0 le bon moment pour acheter son sapin?\" title=\"Est-ce d\u00e9j\u00e0 le bon moment pour acheter son sapin?\"\/>Est-ce d\u00e9j\u00e0 le bon moment pour acheter son sapin?<\/p>\n<p>En 2023, entre deux et trois artistes s\u2019\u00e9taient produits en direct devant le public mass\u00e9 sur cette avenue large d&rsquo;environ deux kilom\u00e8tres. En 2024, dans l\u2019euphorie post-JO et apr\u00e8s la r\u00e9ussite de la premi\u00e8re soir\u00e9e, <a href=\"https:\/\/www.bfmtv.com\/politique\/elections\/municipales\/on-n-a-jamais-eu-autant-de-problemes-sophia-chikirou-affirme-qu-il-ne-faut-pas-qu-un-socialiste-soit-maire-de-paris_AD-202511210957.html\" title=\"&quot;On n&#039;a jamais eu autant de probl\u00e8mes&quot;: Sophia Chikirou affirme qu&#039;&quot;il ne faut pas qu&#039;un socialiste soit maire de Paris&quot;\" class=\"internal_link\" target=\"_blank\" rel=\"noopener\">la mairie de Paris<\/a> et la production de l\u2019\u00e9mission avaient accord\u00e9 un peu plus de direct que pr\u00e9vu, soit une bonne moiti\u00e9 de la soir\u00e9e.<\/p>\n<p>Plusieurs artistes identifi\u00e9s du grand public \u00e9taient donc pr\u00e9sents, devant les parisiens, en direct l\u2019an dernier. <a href=\"https:\/\/www.bfmtv.com\/people\/musique\/gims-n-est-pas-au-dessus-des-lois-le-tournage-d-un-clip-du-chanteur-a-la-cite-pablo-picasso-de-nanterre-fache-les-riverains_AN-202511130442.html\" title=\"&quot;Gims n\u2019est pas au-dessus des lois&quot;: le tournage d&#039;un clip du chanteur \u00e0 la cit\u00e9 Pablo-Picasso de Nanterre f\u00e2che les riverains\" class=\"internal_link\" target=\"_blank\" rel=\"noopener\">Le tr\u00e8s populaire Gims<\/a>, mais aussi le Collectif M\u00e9tiss\u00e9, plusieurs membres de la troupe de Stars 80, Dany Brillant ou encore David Hallyday \u00e9taient sur place\u2026 Des grands noms qui ont faire venir un large public, la soir\u00e9e \u00e9tant gratuite.<\/p>\n<p>Partager <\/p>\n","protected":false},"excerpt":{"rendered":"La pr\u00e9fecture de Paris a demand\u00e9 \u00e0 la mairie de Paris de renoncer \u00e0 l&rsquo;organisation du concert en&hellip;\n","protected":false},"author":2,"featured_media":573864,"comment_status":"","ping_status":"","sticky":false,"template":"","format":"standard","meta":{"footnotes":""},"categories":[1888],"tags":[1111,1928,11,1927,1777,674,1011,27,12,1926,626,1925,25],"class_list":{"0":"post-573863","1":"post","2":"type-post","3":"status-publish","4":"format-standard","5":"has-post-thumbnail","7":"category-paris","8":"tag-actu","9":"tag-actu-paris","10":"tag-actualites","11":"tag-actualites-paris","12":"tag-eu","13":"tag-europe","14":"tag-fr","15":"tag-france","16":"tag-news","17":"tag-news-paris","18":"tag-paris","19":"tag-paris-news","20":"tag-republique-francaise"},"share_on_mastodon":{"url":"https:\/\/pubeurope.com\/@fr\/115651815191614174","error":""},"_links":{"self":[{"href":"https:\/\/www.europesays.com\/fr\/wp-json\/wp\/v2\/posts\/573863","targetHints":{"allow":["GET"]}}],"collection":[{"href":"https:\/\/www.europesays.com\/fr\/wp-json\/wp\/v2\/posts"}],"about":[{"href":"https:\/\/www.europesays.com\/fr\/wp-json\/wp\/v2\/types\/post"}],"author":[{"embeddable":true,"href":"https:\/\/www.europesays.com\/fr\/wp-json\/wp\/v2\/users\/2"}],"replies":[{"embeddable":true,"href":"https:\/\/www.europesays.com\/fr\/wp-json\/wp\/v2\/comments?post=573863"}],"version-history":[{"count":0,"href":"https:\/\/www.europesays.com\/fr\/wp-json\/wp\/v2\/posts\/573863\/revisions"}],"wp:featuredmedia":[{"embeddable":true,"href":"https:\/\/www.europesays.com\/fr\/wp-json\/wp\/v2\/media\/573864"}],"wp:attachment":[{"href":"https:\/\/www.europesays.com\/fr\/wp-json\/wp\/v2\/media?parent=573863"}],"wp:term":[{"taxonomy":"category","embeddable":true,"href":"https:\/\/www.europesays.com\/fr\/wp-json\/wp\/v2\/categories?post=573863"},{"taxonomy":"post_tag","embeddable":true,"href":"https:\/\/www.europesays.com\/fr\/wp-json\/wp\/v2\/tags?post=573863"}],"curies":[{"name":"wp","href":"https:\/\/api.w.org\/{rel}","templated":true}]}}